{"id":3761,"date":"2021-08-21T00:13:56","date_gmt":"2021-08-21T03:13:56","guid":{"rendered":"http:\/\/centraldeportes.com.ar\/?p=3761"},"modified":"2025-01-28T22:18:10","modified_gmt":"2025-01-29T01:18:10","slug":"braian-salvareschi-fue-titular-en-la-victoria-de-sarmiento","status":"publish","type":"post","link":"https:\/\/cdnoticias.com\/index.php\/2021\/08\/21\/braian-salvareschi-fue-titular-en-la-victoria-de-sarmiento\/","title":{"rendered":"Braian Salvareschi fue titular en la victoria de Sarmiento"},"content":{"rendered":"<p>Este viernes inici\u00f3 la 7\u00b0 fecha del certamen organizado por la Asociaci\u00f3n de F\u00fatbol Argentino y Sarmiento venci\u00f3 3 a 0 Atl\u00e9tico Tucum\u00e1n con Braian Salvareschi siendo titular.<!--more--><\/p>\n<hr \/>\n<p>Con goles de Lautaro Montoya a los 46\u00b4, Patricio Cucchi a los 61\u00b4 y Luciano Gondou con 85\u00b4, el \u201cVerde\u201d de Jun\u00edn logr\u00f3 su tercer triunfo en el certamen dom\u00e9stico con el olavarriense Braian Salvareschi siendo parte de la defensa.<\/p>\n<p>&nbsp;<\/p>\n<p>El equipo de Jun\u00edn logr\u00f3 su tercer triunfo sobre siete presentaciones, todas conquistas en el Eva Per\u00f3n.<\/p>\n","protected":false},"excerpt":{"rendered":"<p>Este viernes inici\u00f3 la 7\u00b0 fecha del certamen organizado por la Asociaci\u00f3n de F\u00fatbol Argentino y Sarmiento venci\u00f3 3 a<\/p>\n","protected":false},"author":96739694,"featured_media":143316,"comment_status":"closed","ping_status":"closed","sticky":false,"template":"","format":"standard","meta":{"_jetpack_memberships_contains_paid_content":false,"footnotes":""},"categories":[35,37,1],"tags":[],"class_list":["post-3761","post","type-post","status-publish","format-standard","has-post-thumbnail","hentry","category-futbol","category-futbol-profesional","category-portada"],"jetpack_featured_media_url":"https:\/\/i0.wp.com\/cdnoticias.com\/wp-content\/uploads\/2021\/08\/WhatsApp-Image-2021-08-20-at-20.13.17.jpeg?fit=1280%2C826&ssl=1","jetpack_sharing_enabled":true,"_links":{"self":[{"href":"https:\/\/cdnoticias.com\/index.php\/wp-json\/wp\/v2\/posts\/3761","targetHints":{"allow":["GET"]}}],"collection":[{"href":"https:\/\/cdnoticias.com\/index.php\/wp-json\/wp\/v2\/posts"}],"about":[{"href":"https:\/\/cdnoticias.com\/index.php\/wp-json\/wp\/v2\/types\/post"}],"author":[{"embeddable":true,"href":"https:\/\/cdnoticias.com\/index.php\/wp-json\/wp\/v2\/users\/96739694"}],"replies":[{"embeddable":true,"href":"https:\/\/cdnoticias.com\/index.php\/wp-json\/wp\/v2\/comments?post=3761"}],"version-history":[{"count":0,"href":"https:\/\/cdnoticias.com\/index.php\/wp-json\/wp\/v2\/posts\/3761\/revisions"}],"wp:featuredmedia":[{"embeddable":true,"href":"https:\/\/cdnoticias.com\/index.php\/wp-json\/wp\/v2\/media\/143316"}],"wp:attachment":[{"href":"https:\/\/cdnoticias.com\/index.php\/wp-json\/wp\/v2\/media?parent=3761"}],"wp:term":[{"taxonomy":"category","embeddable":true,"href":"https:\/\/cdnoticias.com\/index.php\/wp-json\/wp\/v2\/categories?post=3761"},{"taxonomy":"post_tag","embeddable":true,"href":"https:\/\/cdnoticias.com\/index.php\/wp-json\/wp\/v2\/tags?post=3761"}],"curies":[{"name":"wp","href":"https:\/\/api.w.org\/{rel}","templated":true}]}}