{"id":37582,"date":"2021-11-04T08:29:14","date_gmt":"2021-11-04T11:29:14","guid":{"rendered":"http:\/\/www.centraldenoticias.com.ar\/?p=37582"},"modified":"2021-11-04T08:29:14","modified_gmt":"2021-11-04T11:29:14","slug":"elba-mabel-leal-de-mendez-elsa-q-e-p-d","status":"publish","type":"post","link":"https:\/\/cdnoticias.com\/index.php\/2021\/11\/04\/elba-mabel-leal-de-mendez-elsa-q-e-p-d\/","title":{"rendered":"Elba Mabel Leal de M\u00e9ndez &#8220;Elsa&#8221; (Q.E.P.D.)"},"content":{"rendered":"<p>Falleci\u00f3 en Capital Federal el d\u00eda 3 de noviembre de 2021 a los 60 a\u00f1os de edad.<\/p>\n<p>&nbsp;<\/p>\n<p>Su esposo: Jorge Eduardo M\u00e9ndez. Sus hijos: Karen y Alberto M\u00e9ndez. Sus hijos pol\u00edticos: Franco Cabrera P\u00e9rez y Camila Noelia Navarro. Su nieta: Eva M\u00e9ndez; y dem\u00e1s deudos participan su fallecimiento.<\/p>\n<p>&nbsp;<\/p>\n<p>Velatorio: Espa\u00f1a 2942, Depto. &#8220;D&#8221;, de 8 a 12. Responso: Capilla Ardiente. Cremaci\u00f3n: Crematorio Pinos de Paz, en d\u00eda a confirmar. Servicio adherido a Coopelectric.<\/p>\n<p>&nbsp;<\/p>\n<p>Barrio en el que viv\u00eda: Mariano Moreno.<\/p>\n<p>&nbsp;<\/p>\n<p>Lugar de nacimiento: Olavarr\u00eda.<\/p>\n<p>&nbsp;<\/p>\n<p>Actividad que desarrollaba: Ama de casa.<\/p>\n","protected":false},"excerpt":{"rendered":"<p>Falleci\u00f3 en Capital Federal el d\u00eda 3 de noviembre de 2021 a los 60 a\u00f1os de edad. &nbsp; Su esposo:<\/p>\n","protected":false},"author":4,"featured_media":0,"comment_status":"closed","ping_status":"closed","sticky":false,"template":"","format":"standard","meta":{"_jetpack_memberships_contains_paid_content":false,"footnotes":""},"categories":[10],"tags":[],"class_list":["post-37582","post","type-post","status-publish","format-standard","hentry","category-necrologicas"],"jetpack_featured_media_url":"","jetpack_sharing_enabled":true,"_links":{"self":[{"href":"https:\/\/cdnoticias.com\/index.php\/wp-json\/wp\/v2\/posts\/37582","targetHints":{"allow":["GET"]}}],"collection":[{"href":"https:\/\/cdnoticias.com\/index.php\/wp-json\/wp\/v2\/posts"}],"about":[{"href":"https:\/\/cdnoticias.com\/index.php\/wp-json\/wp\/v2\/types\/post"}],"author":[{"embeddable":true,"href":"https:\/\/cdnoticias.com\/index.php\/wp-json\/wp\/v2\/users\/4"}],"replies":[{"embeddable":true,"href":"https:\/\/cdnoticias.com\/index.php\/wp-json\/wp\/v2\/comments?post=37582"}],"version-history":[{"count":0,"href":"https:\/\/cdnoticias.com\/index.php\/wp-json\/wp\/v2\/posts\/37582\/revisions"}],"wp:attachment":[{"href":"https:\/\/cdnoticias.com\/index.php\/wp-json\/wp\/v2\/media?parent=37582"}],"wp:term":[{"taxonomy":"category","embeddable":true,"href":"https:\/\/cdnoticias.com\/index.php\/wp-json\/wp\/v2\/categories?post=37582"},{"taxonomy":"post_tag","embeddable":true,"href":"https:\/\/cdnoticias.com\/index.php\/wp-json\/wp\/v2\/tags?post=37582"}],"curies":[{"name":"wp","href":"https:\/\/api.w.org\/{rel}","templated":true}]}}