{"id":37497,"date":"2021-11-03T20:45:13","date_gmt":"2021-11-03T23:45:13","guid":{"rendered":"http:\/\/www.centraldenoticias.com.ar\/?p=37497"},"modified":"2021-11-04T09:09:07","modified_gmt":"2021-11-04T12:09:07","slug":"con-eje-en-la-economia-se-inicio-el-debate-de-candidatos-en-ingenieria","status":"publish","type":"post","link":"https:\/\/cdnoticias.com\/index.php\/2021\/11\/03\/con-eje-en-la-economia-se-inicio-el-debate-de-candidatos-en-ingenieria\/","title":{"rendered":"Con eje en la econom\u00eda y viviendas se inici\u00f3 el Debate de candidatos en Ingenier\u00eda"},"content":{"rendered":"<p>El primero de los ejes tem\u00e1ticos cont\u00f3 con la exposici\u00f3n de las propuestas de quienes encabezan las listas a concejales para las pr\u00f3ximas elecciones legislativas.<!--more--><\/p>\n<hr \/>\n<p>El Debate 2021 <a href=\"https:\/\/cdnoticias.com\/index.php\/2021\/11\/03\/comenzo-el-debate-entre-candidatos-a-concejales-organizado-por-la-facultad-de-ingenieria\/\" target=\"_blank\" rel=\"noopener\">organizado por la Facultad de Ingenier\u00eda<\/a> cont\u00f3 con diversos ejes <strong>divididos en tres bloques y cuyo orden de exposici\u00f3n fue sorteado en los d\u00edas previos.<\/strong><\/p>\n<p>&nbsp;<\/p>\n<p>El primero abord\u00f3 temas de<strong> hacienda, finanzas, desarrollo econ\u00f3mico, infraestructura, obras y servicios p\u00fablicos,<\/strong> entre otros.<\/p>\n<p>&nbsp;<\/p>\n<p>La presentaci\u00f3n cont\u00f3 con la apertura de <strong>Maximiliano Wesner (Frente de Todos)<\/strong> qui\u00e9n resalt\u00f3 entre las propuestas la<em> \u201ccreaci\u00f3n de un fondo de infraestructura para Parques Industriales\u201d.<\/em><\/p>\n<p>&nbsp;<\/p>\n<p>Adem\u00e1s, insisti\u00f3 en la proyecci\u00f3n de un <strong>Plan de 100 viviendas<\/strong> para el Partido y la necesidad de <strong><em>\u201cpoder hacer obra p\u00fablica con fondos municipales\u201d.<\/em><\/strong><\/p>\n<p>&nbsp;<\/p>\n<p>Sobre el cierre de su exposici\u00f3n <strong>Wesner mostr\u00f3 un gr\u00e1fico de ca\u00edda de inversi\u00f3n en obras p\u00fablicas con fondos locales.<\/strong> Adem\u00e1s, denunci\u00f3 que actualmente <strong>el 94% del total del Impuesto a la Piedra es en gastos corrientes:<\/strong>\u00a0&#8220;Estamos financiando gastos corrientes con el Impuesto a la piedra, y eso lo tienen que saber los olavarrienses&#8221;, indic\u00f3.<\/p>\n<p>&nbsp;<\/p>\n<p><img data-recalc-dims=\"1\" loading=\"lazy\" decoding=\"async\" class=\"alignnone size-large wp-image-37498\" src=\"https:\/\/i0.wp.com\/cdnoticias.com\/wp-content\/uploads\/2021\/11\/WhatsApp-Image-2021-11-03-at-20.35.23.jpeg?resize=800%2C416&#038;ssl=1\" alt=\"\" width=\"800\" height=\"416\" srcset=\"https:\/\/i0.wp.com\/cdnoticias.com\/wp-content\/uploads\/2021\/11\/WhatsApp-Image-2021-11-03-at-20.35.23.jpeg?resize=1024%2C532&amp;ssl=1 1024w, https:\/\/i0.wp.com\/cdnoticias.com\/wp-content\/uploads\/2021\/11\/WhatsApp-Image-2021-11-03-at-20.35.23.jpeg?resize=300%2C156&amp;ssl=1 300w, https:\/\/i0.wp.com\/cdnoticias.com\/wp-content\/uploads\/2021\/11\/WhatsApp-Image-2021-11-03-at-20.35.23.jpeg?resize=768%2C399&amp;ssl=1 768w, https:\/\/i0.wp.com\/cdnoticias.com\/wp-content\/uploads\/2021\/11\/WhatsApp-Image-2021-11-03-at-20.35.23.jpeg?w=1280&amp;ssl=1 1280w\" sizes=\"auto, (max-width: 800px) 100vw, 800px\" \/><\/p>\n<p>&nbsp;<\/p>\n<p>Por su parte,<strong> Yessica Almeida (Frente de Izquierda)<\/strong> fue la segunda en hablar y critic\u00f3 tanto el gobierno de Mauricio Macri como la actual gesti\u00f3n nacional. En lo local, habl\u00f3 del <em>\u201cajuste de Galli\u201d<\/em> y ponder\u00f3 el proyecto de <strong>aumento a la piedra.<\/strong><\/p>\n<p>&nbsp;<\/p>\n<p><em>&#8220;Con el aumento de un punto se pueden construir m\u00e1s de 100 viviendas por a\u00f1o, pero no para unos pocos como con el Tu.Vi y el Procrear&#8221;<\/em>, afirm\u00f3.<\/p>\n<p>&nbsp;<\/p>\n<p>Adem\u00e1s se pregunt\u00f3: <strong><em>&#8220;\u00bfConocen la realidad que viven las personas que no tienen un techo propio? \u00bfLes importa realmente resolver el problema habitacional?&#8221;.\u00a0<\/em><\/strong><\/p>\n<p>&nbsp;<\/p>\n<p>Por otra parte, remarc\u00f3 la &#8220;diferencia abismal&#8221; entre lo que cobran los funcionarios y lo que cobran los empleados: <em><strong>&#8220;nadie debe cobrar debajo de la canasta b\u00e1sica&#8221;.\u00a0<\/strong><\/em><\/p>\n<p>&nbsp;<\/p>\n<p>En tanto, <strong>Bruno Cenizo (Juntos)<\/strong> resalt\u00f3 las <strong>obras realizadas durante los \u00faltimos seis a\u00f1os de gesti\u00f3n<\/strong> del actual gobierno municipal. Asimismo enumer\u00f3 obras en distintos barrios de la ciudad: <em>\u201cobras que se comenzaron y que terminaron\u201d.<\/em><\/p>\n<p>&nbsp;<\/p>\n<p>Cenizo dijo que el camino recorrido <em>&#8220;es correcto, pero es largo&#8221; <\/em>y asegur\u00f3 que: <em>&#8220;Sabemos que a tu barrio no llega el asfalto, la cloaca, el cord\u00f3n cuneta, que la obra no lleg\u00f3. <strong>Pero hay un equipo que trabaja d\u00eda tras d\u00eda para cubrir esas necesidades<\/strong>&#8220;.<\/em><\/p>\n<p>&nbsp;<\/p>\n<p>&#8220;Los olavarrienses tenemos que estar bien tranquilos que lo vamos a lograr&#8221;, asegur\u00f3.<\/p>\n<p>&nbsp;<\/p>\n<p><img data-recalc-dims=\"1\" loading=\"lazy\" decoding=\"async\" class=\"alignnone size-full wp-image-37519\" src=\"https:\/\/i0.wp.com\/cdnoticias.com\/wp-content\/uploads\/2021\/11\/debate01.jpg?resize=800%2C445&#038;ssl=1\" alt=\"\" width=\"800\" height=\"445\" srcset=\"https:\/\/i0.wp.com\/cdnoticias.com\/wp-content\/uploads\/2021\/11\/debate01.jpg?w=800&amp;ssl=1 800w, https:\/\/i0.wp.com\/cdnoticias.com\/wp-content\/uploads\/2021\/11\/debate01.jpg?resize=300%2C167&amp;ssl=1 300w, https:\/\/i0.wp.com\/cdnoticias.com\/wp-content\/uploads\/2021\/11\/debate01.jpg?resize=768%2C427&amp;ssl=1 768w\" sizes=\"auto, (max-width: 800px) 100vw, 800px\" \/><\/p>\n<p>&nbsp;<\/p>\n<p>Luego fue el turno de <strong>Andrea Coronel (Vamos con Vos)<\/strong> quien focaliz\u00f3 su discurso en la problem\u00e1tica habitacional con la apuesta a la autoconstrucci\u00f3n: <strong><em>\u201cProponemos un plan de autoconstrucci\u00f3n Mi Sue\u00f1o, Mi Casa\u201d<\/em><\/strong>, un proyecto presentado por el espacio en 2019.<\/p>\n<p>&nbsp;<\/p>\n<p>Coronel se\u00f1al\u00f3 que <em>\u201ctenemos especificado c\u00f3mo va a ser y de d\u00f3nde se van a sacar los recursos\u201d.<\/em> En ese sentido, resalt\u00f3 el <strong>aumento del 1% del impuesto a la piedra.<\/strong><\/p>\n<p>&nbsp;<\/p>\n<p>Cerr\u00f3 la exposici\u00f3n <strong>Celeste Arouxet (Avanza Libertad).<\/strong> <em>\u201cNuestra carta de presentaci\u00f3n es el trabajo realizado\u201d,<\/em> asegur\u00f3 y agreg\u00f3: <strong><em>\u201cel dinero de los olavarrienses est\u00e1 siendo mal administrado\u201d.<\/em><\/strong><\/p>\n<p>&nbsp;<\/p>\n<p>En ese sentido, record\u00f3 y critic\u00f3 el aumento del agua donde<strong><em> \u201csorpresivamente en el Concejo Deliberante se aprueba un aumento que le da un beneficio econ\u00f3mico a la cooperativa\u201d.<\/em><\/strong><\/p>\n<p>&nbsp;<\/p>\n<p>Durante su exposici\u00f3n, se\u00f1al\u00f3 la presentaci\u00f3n de un <strong>proyecto de reducci\u00f3n de la dieta de concejales en un 50%.<\/strong><\/p>\n<p>&nbsp;<\/p>\n<p>&#8220;Olavarr\u00eda tiene todo para salir adelante, falta la buena pol\u00edtica que oriente los fondos adonde corresponde, no para beneficiar a unos pocos. Olavarr\u00eda tiene una situaci\u00f3n muy dif\u00edcil, casi sin inversiones. Necesitamos cambiar el rumbo, con buena pol\u00edtica&#8221;, concluy\u00f3 Arouxet.<\/p>\n","protected":false},"excerpt":{"rendered":"<p>El primero de los ejes tem\u00e1ticos cont\u00f3 con la exposici\u00f3n de las propuestas de quienes encabezan las listas a concejales<\/p>\n","protected":false},"author":5,"featured_media":37516,"comment_status":"closed","ping_status":"closed","sticky":false,"template":"","format":"standard","meta":{"_jetpack_memberships_contains_paid_content":false,"footnotes":""},"categories":[17],"tags":[],"class_list":["post-37497","post","type-post","status-publish","format-standard","has-post-thumbnail","hentry","category-elecciones-2021"],"jetpack_featured_media_url":"https:\/\/i0.wp.com\/cdnoticias.com\/wp-content\/uploads\/2021\/11\/debate04.jpg?fit=800%2C445&ssl=1","jetpack_sharing_enabled":true,"_links":{"self":[{"href":"https:\/\/cdnoticias.com\/index.php\/wp-json\/wp\/v2\/posts\/37497","targetHints":{"allow":["GET"]}}],"collection":[{"href":"https:\/\/cdnoticias.com\/index.php\/wp-json\/wp\/v2\/posts"}],"about":[{"href":"https:\/\/cdnoticias.com\/index.php\/wp-json\/wp\/v2\/types\/post"}],"author":[{"embeddable":true,"href":"https:\/\/cdnoticias.com\/index.php\/wp-json\/wp\/v2\/users\/5"}],"replies":[{"embeddable":true,"href":"https:\/\/cdnoticias.com\/index.php\/wp-json\/wp\/v2\/comments?post=37497"}],"version-history":[{"count":0,"href":"https:\/\/cdnoticias.com\/index.php\/wp-json\/wp\/v2\/posts\/37497\/revisions"}],"wp:featuredmedia":[{"embeddable":true,"href":"https:\/\/cdnoticias.com\/index.php\/wp-json\/wp\/v2\/media\/37516"}],"wp:attachment":[{"href":"https:\/\/cdnoticias.com\/index.php\/wp-json\/wp\/v2\/media?parent=37497"}],"wp:term":[{"taxonomy":"category","embeddable":true,"href":"https:\/\/cdnoticias.com\/index.php\/wp-json\/wp\/v2\/categories?post=37497"},{"taxonomy":"post_tag","embeddable":true,"href":"https:\/\/cdnoticias.com\/index.php\/wp-json\/wp\/v2\/tags?post=37497"}],"curies":[{"name":"wp","href":"https:\/\/api.w.org\/{rel}","templated":true}]}}