{"id":37485,"date":"2021-11-04T08:12:07","date_gmt":"2021-11-04T11:12:07","guid":{"rendered":"http:\/\/www.centraldenoticias.com.ar\/?p=37485"},"modified":"2021-11-04T09:10:45","modified_gmt":"2021-11-04T12:10:45","slug":"kicillof-encabezo-una-reunion-con-mas-de-70-empresarios-en-brasil","status":"publish","type":"post","link":"https:\/\/cdnoticias.com\/index.php\/2021\/11\/04\/kicillof-encabezo-una-reunion-con-mas-de-70-empresarios-en-brasil\/","title":{"rendered":"Kicillof encabez\u00f3 una reuni\u00f3n con m\u00e1s de 70 empresarios en Brasil"},"content":{"rendered":"<p>El gobernador bonaerense dialog\u00f3 con representantes de firmas brasile\u00f1as y argentinas en la Federaci\u00f3n de Industrias del Estado de San Pablo.<!--more--><\/p>\n<hr \/>\n<p>El gobernador de la provincia de Buenos Aires, Axel Kicillof, encabez\u00f3 este mi\u00e9rcoles una misi\u00f3n comercial en Brasil, donde mantuvo una reuni\u00f3n de trabajo con<strong> empresarios en la sede de la Federaci\u00f3n de Industrias del Estado de San Pablo (FIESP).<\/strong><\/p>\n<p>&nbsp;<\/p>\n<p>En el encuentro participaron el presidente de la Asamblea Legislativa en ejercicio de la Gobernaci\u00f3n del Estado de San Pablo, Carl\u00e3o Pignatari; el embajador Daniel Scioli; el c\u00f3nsul general Luis Mar\u00eda Kreckler; el ministro de Producci\u00f3n, Ciencia e Innovaci\u00f3n Tecnol\u00f3gica, Augusto Costa; y el jefe de Asesores, Carlos Bianco.<\/p>\n<p>&nbsp;<\/p>\n<p><em>\u201cEstamos llevando adelante una bater\u00eda de pol\u00edticas que nos permitan asegurar que la reactivaci\u00f3n luego de la pandemia sea lo m\u00e1s r\u00e1pida posible<\/em>\u201d, asegur\u00f3 Kicillof y agreg\u00f3: <strong><em>\u201cEstamos ante una oportunidad muy grande para que la recuperaci\u00f3n no nos deje en el mismo punto de partida previo al coronavirus, sino en una situaci\u00f3n mejor\u201d.<\/em><\/strong><\/p>\n<p>&nbsp;<\/p>\n<p>Las autoridades fueron recibidas por el vicepresidente de FIESP, Rafael Cervone, quien en estos momentos se encuentra a cargo de la presidencia del organismo. Del almuerzo empresarial formaron parte representantes de <strong>m\u00e1s de 70 firmas argentinas, brasile\u00f1as y multinacionales interesadas en invertir en la provincia de Buenos Aires.<\/strong><\/p>\n<p>&nbsp;<\/p>\n<p><img data-recalc-dims=\"1\" loading=\"lazy\" decoding=\"async\" class=\"alignnone size-large wp-image-37488\" src=\"https:\/\/i0.wp.com\/cdnoticias.com\/wp-content\/uploads\/2021\/11\/DSC_8580-01.jpeg?resize=800%2C534&#038;ssl=1\" alt=\"\" width=\"800\" height=\"534\" srcset=\"https:\/\/i0.wp.com\/cdnoticias.com\/wp-content\/uploads\/2021\/11\/DSC_8580-01.jpeg?resize=1024%2C683&amp;ssl=1 1024w, https:\/\/i0.wp.com\/cdnoticias.com\/wp-content\/uploads\/2021\/11\/DSC_8580-01.jpeg?resize=300%2C200&amp;ssl=1 300w, https:\/\/i0.wp.com\/cdnoticias.com\/wp-content\/uploads\/2021\/11\/DSC_8580-01.jpeg?resize=768%2C512&amp;ssl=1 768w, https:\/\/i0.wp.com\/cdnoticias.com\/wp-content\/uploads\/2021\/11\/DSC_8580-01.jpeg?resize=272%2C182&amp;ssl=1 272w, https:\/\/i0.wp.com\/cdnoticias.com\/wp-content\/uploads\/2021\/11\/DSC_8580-01.jpeg?w=1600&amp;ssl=1 1600w, https:\/\/i0.wp.com\/cdnoticias.com\/wp-content\/uploads\/2021\/11\/DSC_8580-01.jpeg?w=2400&amp;ssl=1 2400w\" sizes=\"auto, (max-width: 800px) 100vw, 800px\" \/><\/p>\n<p><strong><em>\u201cNuestro objetivo es salir de la pandemia creando industria, aumentando la producci\u00f3n y generando empleo, y para eso contamos con las y los empresarios argentinos y brasile\u00f1os\u201d<\/em><\/strong>, subray\u00f3 el Gobernador y a\u00f1adi\u00f3: \u201c<em>Soy un convencido de que no hay futuro para la Argentina sin integraci\u00f3n con Brasil y el resto de la regi\u00f3n\u201d.<\/em><\/p>\n<p>&nbsp;<\/p>\n<p>Asimismo, Kicillof subray\u00f3 que<em> \u201cde las discusiones que hay en torno a la integraci\u00f3n regional, se sale profundiz\u00e1ndola y mejor\u00e1ndola\u201d.<\/em><\/p>\n<p>&nbsp;<\/p>\n<blockquote><p>\u201cEn un escenario global en el que observamos guerras comerciales, lo m\u00e1s seguro que tenemos es la integraci\u00f3n entre la Argentina y Brasil, que debe profundizarse y contar con certidumbre y una planificaci\u00f3n de largo plazo\u201d, dijo.<\/p>\n<p>&nbsp;<\/p><\/blockquote>\n<p>Por su parte, <strong>Scioli<\/strong> destac\u00f3 la presencia del Gobernador<strong><em> \u201cen un momento en el que para nuestros pa\u00edses las prioridades son generar puestos de trabajo genuinos y movilizar inversiones\u201d.<\/em><\/strong><em> \u201cSi bien hemos recuperado la relaci\u00f3n en todas las \u00e1reas, tenemos por delante un gran desaf\u00edo: lo mejor est\u00e1 por venir y para eso la Argentina y Brasil deben construir una integraci\u00f3n cada vez m\u00e1s profunda\u201d<\/em>, subray\u00f3 y a\u00f1adi\u00f3: <strong><em>\u201cAqu\u00ed, junto a todo el poderoso coraz\u00f3n industrial de San Pablo, estamos demostrando que la manera de salir adelante es con la sinergia entre lo p\u00fablico y lo privado\u201d.<\/em><\/strong><\/p>\n<p>&nbsp;<\/p>\n<p><strong>En octubre, la relaci\u00f3n comercial entre ambos pa\u00edses arroj\u00f3 un super\u00e1vit para la Argentina de 92,4 millones de d\u00f3lares,<\/strong> consecuencia de 1.218,28 millones de exportaciones nacionales frente a 1.125,84 millones de origen brasile\u00f1o. Esto se dio en el marco de un aumento del 50,5% de crecimiento interanual de las exportaciones argentinas a Brasil, que ya acumulan 9.360 millones de d\u00f3lares en lo que va del a\u00f1o. En tanto, el total del comercio bilateral ascendi\u00f3 a 19.229 millones de d\u00f3lares entre enero y octubre.<\/p>\n<p>&nbsp;<\/p>\n<p><img data-recalc-dims=\"1\" loading=\"lazy\" decoding=\"async\" class=\"alignnone size-large wp-image-37486\" src=\"https:\/\/i0.wp.com\/cdnoticias.com\/wp-content\/uploads\/2021\/11\/DSC_9369-01.jpeg?resize=800%2C533&#038;ssl=1\" alt=\"\" width=\"800\" height=\"533\" srcset=\"https:\/\/i0.wp.com\/cdnoticias.com\/wp-content\/uploads\/2021\/11\/DSC_9369-01.jpeg?resize=1024%2C682&amp;ssl=1 1024w, https:\/\/i0.wp.com\/cdnoticias.com\/wp-content\/uploads\/2021\/11\/DSC_9369-01.jpeg?resize=300%2C200&amp;ssl=1 300w, https:\/\/i0.wp.com\/cdnoticias.com\/wp-content\/uploads\/2021\/11\/DSC_9369-01.jpeg?resize=768%2C512&amp;ssl=1 768w, https:\/\/i0.wp.com\/cdnoticias.com\/wp-content\/uploads\/2021\/11\/DSC_9369-01.jpeg?resize=272%2C182&amp;ssl=1 272w, https:\/\/i0.wp.com\/cdnoticias.com\/wp-content\/uploads\/2021\/11\/DSC_9369-01.jpeg?w=1600&amp;ssl=1 1600w, https:\/\/i0.wp.com\/cdnoticias.com\/wp-content\/uploads\/2021\/11\/DSC_9369-01.jpeg?w=2400&amp;ssl=1 2400w\" sizes=\"auto, (max-width: 800px) 100vw, 800px\" \/><\/p>\n<p>&nbsp;<\/p>\n<p><em>\u201cAs\u00ed como San Pablo es el coraz\u00f3n de la industria de nuestro pa\u00eds, sabemos que la provincia de Buenos Aires es el coraz\u00f3n industrial de la Argentina\u201d<\/em>, destac\u00f3 Pignatari, y agreg\u00f3: <strong><em>\u201cNuestros pa\u00edses son interdependientes: el crecimiento de la Argentina favorece tambi\u00e9n al crecimiento de Brasil, y por eso necesitamos una relaci\u00f3n cada vez m\u00e1s fuerte\u201d.<\/em><\/strong><\/p>\n<p>&nbsp;<\/p>\n<p><em>\u201cVamos a utilizar todas las herramientas que tenemos y a hacer todos los esfuerzos que est\u00e9n a nuestro alcance para que la provincia de Buenos Aires sea una segunda patria para las empresas brasile\u00f1as que se radiquen, para que puedan trabajar y tener un contacto directo con el Gobierno para brindar respuestas a sus necesidades\u201d<\/em>, concluy\u00f3 el mandatario bonaerense.<\/p>\n","protected":false},"excerpt":{"rendered":"<p>El gobernador bonaerense dialog\u00f3 con representantes de firmas brasile\u00f1as y argentinas en la Federaci\u00f3n de Industrias del Estado de San<\/p>\n","protected":false},"author":5,"featured_media":37487,"comment_status":"closed","ping_status":"closed","sticky":false,"template":"","format":"standard","meta":{"_jetpack_memberships_contains_paid_content":false,"footnotes":""},"categories":[6,1],"tags":[],"class_list":["post-37485","post","type-post","status-publish","format-standard","has-post-thumbnail","hentry","category-nacionales","category-portada"],"jetpack_featured_media_url":"https:\/\/i0.wp.com\/cdnoticias.com\/wp-content\/uploads\/2021\/11\/DSC_8693-01.jpeg?fit=3659%2C2441&ssl=1","jetpack_sharing_enabled":true,"_links":{"self":[{"href":"https:\/\/cdnoticias.com\/index.php\/wp-json\/wp\/v2\/posts\/37485","targetHints":{"allow":["GET"]}}],"collection":[{"href":"https:\/\/cdnoticias.com\/index.php\/wp-json\/wp\/v2\/posts"}],"about":[{"href":"https:\/\/cdnoticias.com\/index.php\/wp-json\/wp\/v2\/types\/post"}],"author":[{"embeddable":true,"href":"https:\/\/cdnoticias.com\/index.php\/wp-json\/wp\/v2\/users\/5"}],"replies":[{"embeddable":true,"href":"https:\/\/cdnoticias.com\/index.php\/wp-json\/wp\/v2\/comments?post=37485"}],"version-history":[{"count":0,"href":"https:\/\/cdnoticias.com\/index.php\/wp-json\/wp\/v2\/posts\/37485\/revisions"}],"wp:featuredmedia":[{"embeddable":true,"href":"https:\/\/cdnoticias.com\/index.php\/wp-json\/wp\/v2\/media\/37487"}],"wp:attachment":[{"href":"https:\/\/cdnoticias.com\/index.php\/wp-json\/wp\/v2\/media?parent=37485"}],"wp:term":[{"taxonomy":"category","embeddable":true,"href":"https:\/\/cdnoticias.com\/index.php\/wp-json\/wp\/v2\/categories?post=37485"},{"taxonomy":"post_tag","embeddable":true,"href":"https:\/\/cdnoticias.com\/index.php\/wp-json\/wp\/v2\/tags?post=37485"}],"curies":[{"name":"wp","href":"https:\/\/api.w.org\/{rel}","templated":true}]}}