{"id":37482,"date":"2021-11-03T20:08:33","date_gmt":"2021-11-03T23:08:33","guid":{"rendered":"http:\/\/www.centraldenoticias.com.ar\/?p=37482"},"modified":"2021-11-04T09:09:48","modified_gmt":"2021-11-04T12:09:48","slug":"comenzo-el-debate-entre-candidatos-a-concejales-organizado-por-la-facultad-de-ingenieria","status":"publish","type":"post","link":"https:\/\/cdnoticias.com\/index.php\/2021\/11\/03\/comenzo-el-debate-entre-candidatos-a-concejales-organizado-por-la-facultad-de-ingenieria\/","title":{"rendered":"Comenz\u00f3 el debate entre candidatos a concejales organizado por la Facultad de Ingenier\u00eda"},"content":{"rendered":"<p>Se desarrolla desde el auditorio de la casa de altos estudios y se puede seguir a trav\u00e9s de YouTube y de nuestro sitio.\u00a0<!--more--><\/p>\n<hr \/>\n<p><strong>Desde las 20 se desarrolla el segundo debate organizado y coordinado por la FIO<\/strong>, tras la primera experiencia cuando en 2019 reuni\u00f3 a quienes se candidateaban a Intendente.<\/p>\n<p>&nbsp;<\/p>\n<p>El responsable de Comunicaci\u00f3n Institucional,<strong> Orfel Fari\u00f1a<\/strong> fue el moderador y destac\u00f3 la importancia de &#8220;cuidar la democracia&#8221; y refiri\u00f3 datos respecto de a la participaci\u00f3n ciudadana en las primarias abiertas simultaneas y obligatorias.<\/p>\n<p>&nbsp;<\/p>\n<p>Durante tres bloques tem\u00e1ticos los<strong> candidatos a concejales<\/strong> de Juntos, Todos, Avanza Libertad, Frente de Izquierda de los Trabajadores \u2013 Unidad y Vamos con Vos <a href=\"https:\/\/cdnoticias.com\/index.php\/2021\/11\/03\/todo-listo-para-el-debate-entre-candidatos-en-la-facultad-de-ingenieria\/\" target=\"_blank\" rel=\"noopener\">presentar\u00e1n sus propuestas respecto a distintos ejes<\/a>.<\/p>\n<p>&nbsp;<\/p>\n<p><img data-recalc-dims=\"1\" loading=\"lazy\" decoding=\"async\" class=\"alignnone size-large wp-image-37494\" src=\"https:\/\/i0.wp.com\/cdnoticias.com\/wp-content\/uploads\/2021\/11\/WhatsApp-Image-2021-11-03-at-20.05.17.jpeg?resize=800%2C450&#038;ssl=1\" alt=\"\" width=\"800\" height=\"450\" srcset=\"https:\/\/i0.wp.com\/cdnoticias.com\/wp-content\/uploads\/2021\/11\/WhatsApp-Image-2021-11-03-at-20.05.17.jpeg?resize=1024%2C576&amp;ssl=1 1024w, https:\/\/i0.wp.com\/cdnoticias.com\/wp-content\/uploads\/2021\/11\/WhatsApp-Image-2021-11-03-at-20.05.17.jpeg?resize=300%2C169&amp;ssl=1 300w, https:\/\/i0.wp.com\/cdnoticias.com\/wp-content\/uploads\/2021\/11\/WhatsApp-Image-2021-11-03-at-20.05.17.jpeg?resize=768%2C432&amp;ssl=1 768w, https:\/\/i0.wp.com\/cdnoticias.com\/wp-content\/uploads\/2021\/11\/WhatsApp-Image-2021-11-03-at-20.05.17.jpeg?w=1599&amp;ssl=1 1599w\" sizes=\"auto, (max-width: 800px) 100vw, 800px\" \/><\/p>\n<p>&nbsp;<\/p>\n<p>Si bien podr\u00e1n participar los candidatos de la lista completa de cada uno de los espacios pol\u00edticos, el evento ser\u00e1 encabezado por <strong>Bruno Cenizo (Juntos), Maximiliano Wesner (Frente de Todos), Celeste Arouxet (Avanza Libertad), Andrea Coronel (Vamos con Vos) y Yessica Almeida (Frente de Izquierda).<\/strong><\/p>\n<p>&nbsp;<\/p>\n<p>El debate se desarrolla desde el auditorio de la FIO sin asistencia del p\u00fablico debido a la actual situaci\u00f3n sanitaria. Las y los interesados pueden seguir el desarrollo del evento a trav\u00e9s del siguiente link:\u00a0 <a href=\"https:\/\/www.youtube.com\/watch?v=UgBsbl4ePkA\" target=\"_blank\" rel=\"noopener\">https:\/\/www.youtube.com\/watch?v=UgBsbl4ePkA<\/a><\/p>\n","protected":false},"excerpt":{"rendered":"<p>Se desarrolla desde el auditorio de la casa de altos estudios y se puede seguir a trav\u00e9s de YouTube y<\/p>\n","protected":false},"author":5,"featured_media":37494,"comment_status":"closed","ping_status":"closed","sticky":false,"template":"","format":"standard","meta":{"_jetpack_memberships_contains_paid_content":false,"footnotes":""},"categories":[17],"tags":[],"class_list":["post-37482","post","type-post","status-publish","format-standard","has-post-thumbnail","hentry","category-elecciones-2021"],"jetpack_featured_media_url":"https:\/\/i0.wp.com\/cdnoticias.com\/wp-content\/uploads\/2021\/11\/WhatsApp-Image-2021-11-03-at-20.05.17.jpeg?fit=1599%2C899&ssl=1","jetpack_sharing_enabled":true,"_links":{"self":[{"href":"https:\/\/cdnoticias.com\/index.php\/wp-json\/wp\/v2\/posts\/37482","targetHints":{"allow":["GET"]}}],"collection":[{"href":"https:\/\/cdnoticias.com\/index.php\/wp-json\/wp\/v2\/posts"}],"about":[{"href":"https:\/\/cdnoticias.com\/index.php\/wp-json\/wp\/v2\/types\/post"}],"author":[{"embeddable":true,"href":"https:\/\/cdnoticias.com\/index.php\/wp-json\/wp\/v2\/users\/5"}],"replies":[{"embeddable":true,"href":"https:\/\/cdnoticias.com\/index.php\/wp-json\/wp\/v2\/comments?post=37482"}],"version-history":[{"count":0,"href":"https:\/\/cdnoticias.com\/index.php\/wp-json\/wp\/v2\/posts\/37482\/revisions"}],"wp:featuredmedia":[{"embeddable":true,"href":"https:\/\/cdnoticias.com\/index.php\/wp-json\/wp\/v2\/media\/37494"}],"wp:attachment":[{"href":"https:\/\/cdnoticias.com\/index.php\/wp-json\/wp\/v2\/media?parent=37482"}],"wp:term":[{"taxonomy":"category","embeddable":true,"href":"https:\/\/cdnoticias.com\/index.php\/wp-json\/wp\/v2\/categories?post=37482"},{"taxonomy":"post_tag","embeddable":true,"href":"https:\/\/cdnoticias.com\/index.php\/wp-json\/wp\/v2\/tags?post=37482"}],"curies":[{"name":"wp","href":"https:\/\/api.w.org\/{rel}","templated":true}]}}