{"id":37466,"date":"2021-11-03T13:22:10","date_gmt":"2021-11-03T16:22:10","guid":{"rendered":"http:\/\/www.centraldenoticias.com.ar\/?p=37466"},"modified":"2021-11-03T13:22:10","modified_gmt":"2021-11-03T16:22:10","slug":"terceras-dosis-llegan-los-turnos-y-algunos-son-erroneos","status":"publish","type":"post","link":"https:\/\/cdnoticias.com\/index.php\/2021\/11\/03\/terceras-dosis-llegan-los-turnos-y-algunos-son-erroneos\/","title":{"rendered":"Terceras dosis: llegan los turnos y algunos son err\u00f3neos"},"content":{"rendered":"<p>La Provincia envi\u00f3 558.100 turnos para personas inmunocomprometidas y para mayores de 50 a\u00f1os con Sinopharm. Desde la Regi\u00f3n Sanitaria IX se explic\u00f3 c\u00f3mo proceder en caso de ser recibido y que no corresponda.<!--more--><\/p>\n<hr \/>\n<p><strong>El Gobierno de la provincia de Buenos Aires envi\u00f3 los primeros 558.100 turnos para aplicar las terceras dosis de las vacunas<\/strong> contra el coronavirus para <strong>personas inmunocomprometidas<\/strong> y para <strong>mayores de 50 a\u00f1os con esquema de Sinopharm<\/strong>, con el objetivo de compensar la p\u00e9rdida de protecci\u00f3n con el esquema inicial.<\/p>\n<p>&nbsp;<\/p>\n<p><a href=\"https:\/\/cdnoticias.com\/index.php\/2021\/11\/02\/comienzan-a-llegar-turnos-para-recibir-terceras-dosis-contra-el-covid\/\" target=\"_blank\" rel=\"noopener\">Los turnos se env\u00edan de manera autom\u00e1tica sin necesidad de reinscribirse<\/a>. Por lo tanto, quienes est\u00e9n incluidos en los grupos deber\u00e1n <strong>chequear la app Vacunate PBA o el correo electr\u00f3nico<\/strong>.<\/p>\n<p>&nbsp;<\/p>\n<p><strong>Desde la Regi\u00f3n Sanitaria IX, el director Ramiro Borzi<\/strong> se\u00f1al\u00f3 a <strong>Central de Noticias<\/strong> que entre las personas inmunosuprimidas se cuentan <em>quienes padecen enfermedad renal, personas trasplantadas, con mediaci\u00f3n que baje las defensas, personas con HIV y pacientes oncol\u00f3gicos<\/em>.<\/p>\n<p>&nbsp;<\/p>\n<p>Entre quienes efectivamente recibieron los turnos, <em>se cuentan personas que no responden a las caracter\u00edsticas requeridas para aplicarse la tercera dosis<\/em>.<strong> \u201cEs un desv\u00edo o error de sistema\u201d<\/strong> explic\u00f3 Borzi.<\/p>\n<p>&nbsp;<\/p>\n<blockquote><p>Ante la consulta de c\u00f3mo debe proceder alguien que recibe el turno en forma err\u00f3nea, indic\u00f3 que \u201cla misma persona debe dar de baja ese turno\u201d. Aunque tambi\u00e9n tuvo en cuenta que \u201csi tienen dudas, que vayan al vacunatorio y hagan la consulta pertinente\u201d.<\/p><\/blockquote>\n<p>&nbsp;<\/p>\n<p><img data-recalc-dims=\"1\" loading=\"lazy\" decoding=\"async\" class=\"size-full wp-image-36921 aligncenter\" src=\"https:\/\/i0.wp.com\/cdnoticias.com\/wp-content\/uploads\/2021\/10\/vacunacion-itinerante-borzi-01.jpg?resize=800%2C445&#038;ssl=1\" alt=\"\" width=\"800\" height=\"445\" srcset=\"https:\/\/i0.wp.com\/cdnoticias.com\/wp-content\/uploads\/2021\/10\/vacunacion-itinerante-borzi-01.jpg?w=800&amp;ssl=1 800w, https:\/\/i0.wp.com\/cdnoticias.com\/wp-content\/uploads\/2021\/10\/vacunacion-itinerante-borzi-01.jpg?resize=300%2C167&amp;ssl=1 300w, https:\/\/i0.wp.com\/cdnoticias.com\/wp-content\/uploads\/2021\/10\/vacunacion-itinerante-borzi-01.jpg?resize=768%2C427&amp;ssl=1 768w\" sizes=\"auto, (max-width: 800px) 100vw, 800px\" \/><\/p>\n<p>&nbsp;<\/p>\n<p><strong>Disminuci\u00f3n de la efectividad<\/strong><\/p>\n<p>&nbsp;<\/p>\n<p><a href=\"https:\/\/cdnoticias.com\/index.php\/2021\/10\/26\/vacunaran-con-terceras-dosis-a-inmunocomprometidos-y-mayores-de-50-anos-con-sinopharm\/\" target=\"_blank\" rel=\"noopener\">El Ministerio de Salud de la Naci\u00f3n hizo el anuncio la semana pasada<\/a>. Los motivos, citados en un memor\u00e1ndum interno, incluyen <strong>evidencia disponible sobre la disminuci\u00f3n de la efectividad de las vacunas y la respuesta inmunol\u00f3gica en las personas con inmunodeficiencia<\/strong>, cambios inmunol\u00f3gicos naturalmente asociados con el envejecimiento (inmunosenescencia), impacto de la mortalidad por Covid-19 en los mayores de 50 y avance de la variante delta en la transmisi\u00f3n comunitaria.<\/p>\n<p>&nbsp;<\/p>\n<p>La <strong>Comisi\u00f3n Nacional de Inmunizaciones (Conain)<\/strong> asesor\u00f3 al ministerio de Salud de la Naci\u00f3n en la decisi\u00f3n de sumar una dosis m\u00e1s a los esquemas hom\u00f3logos o combinados en esos dos grupos, con ciertos par\u00e1metros.<\/p>\n<p>&nbsp;<\/p>\n<p><strong>En el caso de los mayores de 50 a\u00f1os se priorizar\u00e1 una dosis adicional heter\u00f3loga, es decir de otro laboratorio<\/strong> que no sea el chino Sinopharm. En esa l\u00ednea, la recomendaci\u00f3n indica una vacuna de virus no replicativo, como <strong>AstraZeneca, Sputnik V y CanSino<\/strong> de acuerdo a su disponibilidad, seg\u00fan indic\u00f3 en el documento elaborado por la Direcci\u00f3n de Control de Enfermedades Inmunoprevenibles.<\/p>\n<p>&nbsp;<\/p>\n<p><img data-recalc-dims=\"1\" loading=\"lazy\" decoding=\"async\" class=\"size-large wp-image-22277 aligncenter\" src=\"https:\/\/i0.wp.com\/cdnoticias.com\/wp-content\/uploads\/2021\/05\/2021_05_24-Vacunacion-Fuerzas-de-Seguridad-Bonaerense-10.jpg?resize=800%2C533&#038;ssl=1\" alt=\"\" width=\"800\" height=\"533\" srcset=\"https:\/\/i0.wp.com\/cdnoticias.com\/wp-content\/uploads\/2021\/05\/2021_05_24-Vacunacion-Fuerzas-de-Seguridad-Bonaerense-10.jpg?resize=1024%2C682&amp;ssl=1 1024w, https:\/\/i0.wp.com\/cdnoticias.com\/wp-content\/uploads\/2021\/05\/2021_05_24-Vacunacion-Fuerzas-de-Seguridad-Bonaerense-10.jpg?resize=300%2C200&amp;ssl=1 300w, https:\/\/i0.wp.com\/cdnoticias.com\/wp-content\/uploads\/2021\/05\/2021_05_24-Vacunacion-Fuerzas-de-Seguridad-Bonaerense-10.jpg?resize=768%2C511&amp;ssl=1 768w, https:\/\/i0.wp.com\/cdnoticias.com\/wp-content\/uploads\/2021\/05\/2021_05_24-Vacunacion-Fuerzas-de-Seguridad-Bonaerense-10.jpg?resize=272%2C182&amp;ssl=1 272w, https:\/\/i0.wp.com\/cdnoticias.com\/wp-content\/uploads\/2021\/05\/2021_05_24-Vacunacion-Fuerzas-de-Seguridad-Bonaerense-10.jpg?w=1600&amp;ssl=1 1600w, https:\/\/i0.wp.com\/cdnoticias.com\/wp-content\/uploads\/2021\/05\/2021_05_24-Vacunacion-Fuerzas-de-Seguridad-Bonaerense-10.jpg?w=2400&amp;ssl=1 2400w\" sizes=\"auto, (max-width: 800px) 100vw, 800px\" \/><\/p>\n<p>&nbsp;<\/p>\n<p>En tanto, la recomendaci\u00f3n subraya que el<strong> intervalo m\u00ednimo de aplicaci\u00f3n<\/strong> de la dosis adicional no ser\u00e1 inferior a cuatro semanas desde la \u00faltima dosis del esquema primario, por lo que debe pasar m\u00ednimamente un mes de la segunda dosis.<\/p>\n<p>&nbsp;<\/p>\n<p>Por otro lado, <strong>las vacunas que podr\u00e1n recibir las personas inmunocomprometidas, var\u00edan de acuerdo al rango etario<\/strong>: si son mayores de 18 a\u00f1os con un esquema completo de Sputnik, AstraZeneca y Sinopharm o la combinaci\u00f3n de Sputnik con AstraZeneca o una dosis de una vacuna de ARNm (Pfizer o Moderna), podr\u00e1n recibir ahora el primer componente de Sputnik V, o bien una dosis de AstraZeneca si tienen entre 18 y 39 a\u00f1os, o solamente de AstraZeneca si superan los 40 a\u00f1os.<\/p>\n<p>&nbsp;<\/p>\n<p><strong>En los menores de entre 3 y 11 a\u00f1os<\/strong>, el esquema de Sinopharm se completar\u00e1 con una tercera dosis de la misma marca, y en los menores de entre los 12 y 17, el esquema de dos dosis de ARNm se completar\u00e1 con otra dosis de la misma plataforma.<\/p>\n","protected":false},"excerpt":{"rendered":"<p>La Provincia envi\u00f3 558.100 turnos para personas inmunocomprometidas y para mayores de 50 a\u00f1os con Sinopharm. Desde la Regi\u00f3n Sanitaria<\/p>\n","protected":false},"author":4,"featured_media":23174,"comment_status":"closed","ping_status":"closed","sticky":false,"template":"","format":"standard","meta":{"_jetpack_memberships_contains_paid_content":false,"footnotes":""},"categories":[16,1],"tags":[],"class_list":["post-37466","post","type-post","status-publish","format-standard","has-post-thumbnail","hentry","category-covid-19","category-portada"],"jetpack_featured_media_url":"https:\/\/i0.wp.com\/cdnoticias.com\/wp-content\/uploads\/2021\/06\/Borzi.jpg?fit=800%2C445&ssl=1","jetpack_sharing_enabled":true,"_links":{"self":[{"href":"https:\/\/cdnoticias.com\/index.php\/wp-json\/wp\/v2\/posts\/37466","targetHints":{"allow":["GET"]}}],"collection":[{"href":"https:\/\/cdnoticias.com\/index.php\/wp-json\/wp\/v2\/posts"}],"about":[{"href":"https:\/\/cdnoticias.com\/index.php\/wp-json\/wp\/v2\/types\/post"}],"author":[{"embeddable":true,"href":"https:\/\/cdnoticias.com\/index.php\/wp-json\/wp\/v2\/users\/4"}],"replies":[{"embeddable":true,"href":"https:\/\/cdnoticias.com\/index.php\/wp-json\/wp\/v2\/comments?post=37466"}],"version-history":[{"count":0,"href":"https:\/\/cdnoticias.com\/index.php\/wp-json\/wp\/v2\/posts\/37466\/revisions"}],"wp:featuredmedia":[{"embeddable":true,"href":"https:\/\/cdnoticias.com\/index.php\/wp-json\/wp\/v2\/media\/23174"}],"wp:attachment":[{"href":"https:\/\/cdnoticias.com\/index.php\/wp-json\/wp\/v2\/media?parent=37466"}],"wp:term":[{"taxonomy":"category","embeddable":true,"href":"https:\/\/cdnoticias.com\/index.php\/wp-json\/wp\/v2\/categories?post=37466"},{"taxonomy":"post_tag","embeddable":true,"href":"https:\/\/cdnoticias.com\/index.php\/wp-json\/wp\/v2\/tags?post=37466"}],"curies":[{"name":"wp","href":"https:\/\/api.w.org\/{rel}","templated":true}]}}