{"id":37458,"date":"2021-11-03T10:39:36","date_gmt":"2021-11-03T13:39:36","guid":{"rendered":"http:\/\/www.centraldenoticias.com.ar\/?p=37458"},"modified":"2021-11-04T09:10:48","modified_gmt":"2021-11-04T12:10:48","slug":"todo-listo-para-el-debate-entre-candidatos-en-la-facultad-de-ingenieria","status":"publish","type":"post","link":"https:\/\/cdnoticias.com\/index.php\/2021\/11\/03\/todo-listo-para-el-debate-entre-candidatos-en-la-facultad-de-ingenieria\/","title":{"rendered":"Todo listo para el Debate entre candidatos en la Facultad de Ingenier\u00eda"},"content":{"rendered":"<p>Ser\u00e1 desde las 20 horas de este mi\u00e9rcoles. Habr\u00e1 transmisi\u00f3n en vivo que se podr\u00e1 seguir por Central de Noticias.<!--more--><\/p>\n<hr \/>\n<p>Con los \u00faltimos preparativos tanto de la Facultad de Ingenier\u00eda como las fuerzas pol\u00edticas con sus candidatos, <strong>todo est\u00e1 listo para el Debate Legislativo 2021 que comenzar\u00e1 a las 20 horas de este mi\u00e9rcoles<\/strong>, <a href=\"https:\/\/cdnoticias.com\/index.php\/2021\/10\/28\/debate-2021-en-la-fio-se-sorteo-el-orden-de-exposiciones-para-cada-bloque-tematico\/\" target=\"_blank\" rel=\"noopener\">tal como se ahb\u00eda adelantado<\/a><strong>.<\/strong><\/p>\n<p>&nbsp;<\/p>\n<p>Pantallas, distribuci\u00f3n de espacios, lista de asistentes, acreditaciones y todos los detalles que no pueden faltar en un debate se encuentran listos para que<strong> los candidatos de las cinco fuerzas que superaron el corte de las PASO puedan presentar sus propuestas de cara a las elecciones del pr\u00f3ximo 14 de noviembre.<\/strong><\/p>\n<p>&nbsp;<\/p>\n<p><img data-recalc-dims=\"1\" loading=\"lazy\" decoding=\"async\" class=\"alignnone size-large wp-image-37460\" src=\"https:\/\/i0.wp.com\/cdnoticias.com\/wp-content\/uploads\/2021\/11\/FDOIulnXoAMCbua.jpg?resize=800%2C360&#038;ssl=1\" alt=\"\" width=\"800\" height=\"360\" srcset=\"https:\/\/i0.wp.com\/cdnoticias.com\/wp-content\/uploads\/2021\/11\/FDOIulnXoAMCbua.jpg?resize=1024%2C461&amp;ssl=1 1024w, https:\/\/i0.wp.com\/cdnoticias.com\/wp-content\/uploads\/2021\/11\/FDOIulnXoAMCbua.jpg?resize=300%2C135&amp;ssl=1 300w, https:\/\/i0.wp.com\/cdnoticias.com\/wp-content\/uploads\/2021\/11\/FDOIulnXoAMCbua.jpg?resize=768%2C346&amp;ssl=1 768w, https:\/\/i0.wp.com\/cdnoticias.com\/wp-content\/uploads\/2021\/11\/FDOIulnXoAMCbua.jpg?w=1280&amp;ssl=1 1280w\" sizes=\"auto, (max-width: 800px) 100vw, 800px\" \/><\/p>\n<p>&nbsp;<\/p>\n<p>Si bien podr\u00e1n participar los candidatos de la lista completa de cada uno de los espacios pol\u00edticos,<strong> el evento ser\u00e1 encabezado por Bruno Cenizo (Juntos), Maximiliano Wesner (Frente de Todos), Celeste Arouxet (Avanza Libertad), Andrea Coronel (Vamos con Vos) y Yessica Almeida (Frente de Izquierda).<\/strong><\/p>\n<p>&nbsp;<\/p>\n<p>Ya est\u00e1 distribuido el orden en el que expondr\u00e1n en los tres grandes bloques: en el primero se debatir\u00e1 sobre <strong>hacienda, finanzas, desarrollo econ\u00f3mico, infraestructura, obras y servicios p\u00fablicos, entre otros.<\/strong> Abrir\u00e1 la presentaci\u00f3n Todos, seguido por el FIT, Juntos, Vamos con Vos y Avanza Libertad.<\/p>\n<p>&nbsp;<\/p>\n<p>El segundo bloque incluye las \u00e1reas de <strong>salud, ambiente, desarrollo social y g\u00e9nero.<\/strong> El orden de las exposiciones ser\u00e1 Avanza Libertad, Vamos con Vos, FIT, Juntos y Todos.<\/p>\n<p>&nbsp;<\/p>\n<p><img data-recalc-dims=\"1\" loading=\"lazy\" decoding=\"async\" class=\"alignnone size-large wp-image-37459\" src=\"https:\/\/i0.wp.com\/cdnoticias.com\/wp-content\/uploads\/2021\/11\/FDOIu6PWEAU4vLy.jpg?resize=800%2C360&#038;ssl=1\" alt=\"\" width=\"800\" height=\"360\" srcset=\"https:\/\/i0.wp.com\/cdnoticias.com\/wp-content\/uploads\/2021\/11\/FDOIu6PWEAU4vLy.jpg?resize=1024%2C461&amp;ssl=1 1024w, https:\/\/i0.wp.com\/cdnoticias.com\/wp-content\/uploads\/2021\/11\/FDOIu6PWEAU4vLy.jpg?resize=300%2C135&amp;ssl=1 300w, https:\/\/i0.wp.com\/cdnoticias.com\/wp-content\/uploads\/2021\/11\/FDOIu6PWEAU4vLy.jpg?resize=768%2C346&amp;ssl=1 768w, https:\/\/i0.wp.com\/cdnoticias.com\/wp-content\/uploads\/2021\/11\/FDOIu6PWEAU4vLy.jpg?w=1280&amp;ssl=1 1280w\" sizes=\"auto, (max-width: 800px) 100vw, 800px\" \/><\/p>\n<p>&nbsp;<\/p>\n<p>En el \u00faltimo bloque se abordar\u00e1n las tem\u00e1ticas de<strong> seguridad, control urbano, movilidad, educaci\u00f3n y cultura, entre otros<\/strong>. El primero en hablar ser\u00e1 Juntos, seguido por Avanza Libertad, Vamos con Vos, Todos y FIT.<\/p>\n<p>&nbsp;<\/p>\n<blockquote><p>En tanto que el cierre quedar\u00e1 en este orden: FIT, Todos, Avanza Libertad, Vamos con Vos y Juntos.<\/p><\/blockquote>\n<p>&nbsp;<\/p>\n<p>El evento<strong> ser\u00e1 transmitido por Youtube en el canal de la Facultad de Ingenier\u00eda y se podr\u00e1n seguir todas las alternativas en Central de Noticias y sus redes sociales.<\/strong><\/p>\n","protected":false},"excerpt":{"rendered":"<p>Ser\u00e1 desde las 20 horas de este mi\u00e9rcoles. Habr\u00e1 transmisi\u00f3n en vivo que se podr\u00e1 seguir por Central de Noticias.<\/p>\n","protected":false},"author":2,"featured_media":37461,"comment_status":"closed","ping_status":"closed","sticky":false,"template":"","format":"standard","meta":{"_jetpack_memberships_contains_paid_content":false,"footnotes":""},"categories":[17,1],"tags":[],"class_list":["post-37458","post","type-post","status-publish","format-standard","has-post-thumbnail","hentry","category-elecciones-2021","category-portada"],"jetpack_featured_media_url":"https:\/\/i0.wp.com\/cdnoticias.com\/wp-content\/uploads\/2021\/11\/FDOJGyDXoAYuTWU.jpg?fit=1280%2C576&ssl=1","jetpack_sharing_enabled":true,"_links":{"self":[{"href":"https:\/\/cdnoticias.com\/index.php\/wp-json\/wp\/v2\/posts\/37458","targetHints":{"allow":["GET"]}}],"collection":[{"href":"https:\/\/cdnoticias.com\/index.php\/wp-json\/wp\/v2\/posts"}],"about":[{"href":"https:\/\/cdnoticias.com\/index.php\/wp-json\/wp\/v2\/types\/post"}],"author":[{"embeddable":true,"href":"https:\/\/cdnoticias.com\/index.php\/wp-json\/wp\/v2\/users\/2"}],"replies":[{"embeddable":true,"href":"https:\/\/cdnoticias.com\/index.php\/wp-json\/wp\/v2\/comments?post=37458"}],"version-history":[{"count":0,"href":"https:\/\/cdnoticias.com\/index.php\/wp-json\/wp\/v2\/posts\/37458\/revisions"}],"wp:featuredmedia":[{"embeddable":true,"href":"https:\/\/cdnoticias.com\/index.php\/wp-json\/wp\/v2\/media\/37461"}],"wp:attachment":[{"href":"https:\/\/cdnoticias.com\/index.php\/wp-json\/wp\/v2\/media?parent=37458"}],"wp:term":[{"taxonomy":"category","embeddable":true,"href":"https:\/\/cdnoticias.com\/index.php\/wp-json\/wp\/v2\/categories?post=37458"},{"taxonomy":"post_tag","embeddable":true,"href":"https:\/\/cdnoticias.com\/index.php\/wp-json\/wp\/v2\/tags?post=37458"}],"curies":[{"name":"wp","href":"https:\/\/api.w.org\/{rel}","templated":true}]}}