{"id":37440,"date":"2021-11-03T09:21:31","date_gmt":"2021-11-03T12:21:31","guid":{"rendered":"http:\/\/www.centraldenoticias.com.ar\/?p=37440"},"modified":"2021-11-03T10:39:47","modified_gmt":"2021-11-03T13:39:47","slug":"incertidumbre-por-la-convocatoria-del-secretario-de-gobierno-municipal-al-hcd","status":"publish","type":"post","link":"https:\/\/cdnoticias.com\/index.php\/2021\/11\/03\/incertidumbre-por-la-convocatoria-del-secretario-de-gobierno-municipal-al-hcd\/","title":{"rendered":"Incertidumbre por la convocatoria del Secretario de Gobierno Municipal al HCD"},"content":{"rendered":"<p>Todav\u00eda no se defini\u00f3 convocatoria desde el \u00e1mbito deliberativo. Indicaron que deber\u00eda presentarse \u201cen los pr\u00f3ximos d\u00edas\u201d tras la presentaci\u00f3n del Presupuesto 2022.\u00a0<!--more--><\/p>\n<hr \/>\n<p><strong>El Concejo Deliberante a\u00fan no defini\u00f3 convocatoria al Secretario de Gobierno Municipal para que \u00e9ste realice su informe de gesti\u00f3n tal como lo establece la ordenanza N\u00ba 4552\/20.<\/strong> De mantenerse esta situaci\u00f3n se \u201cincumplir\u00eda\u201d<a href=\"https:\/\/cdnoticias.com\/index.php\/2020\/09\/29\/informes-del-secretario-de-gobierno-en-el-hcd-promulgan-ordenanza\/\" target=\"_blank\" rel=\"noopener\"> la ordenanza que cre\u00f3 los &#8220;informes de gesti\u00f3n&#8221;<\/a> toda vez que el 30 de noviembre culmina el periodo ordinario de sesiones, seg\u00fan explicaron desde el HCD.<\/p>\n<p>&nbsp;<\/p>\n<p>El art\u00edculo 4\u00b0 de la ordenanza dice<em> \u201clos bloques pol\u00edticos que conforman el HCD deber\u00e1n presentar con una antelaci\u00f3n de diez h\u00e1biles administrativos las preguntas sobre los temas que estos consideren oportunos, las cuales deber\u00e1n ser evacuadas en la sesi\u00f3n prevista en el art\u00edculo 2\u00b0\u201d.<\/em><\/p>\n<p>&nbsp;<\/p>\n<p>Precisamente el art\u00edculo se\u00f1ala que el Secretario de Gobierno debe concurrir al HCD, al menos, dos veces dentro del periodo ordinario. <strong>Hilario Galli brind\u00f3 su informe con antelaci\u00f3n al tratamiento de la Rendici\u00f3n de Cuentas y deber\u00eda hacer lo propio en los pr\u00f3ximos d\u00edas ya que el Intendente Galli present\u00f3 el pasado 29 de octubre el Presupuesto Municipal.<\/strong><\/p>\n<p>&nbsp;<\/p>\n<blockquote><p>Fuentes del Concejo Deliberante dijeron a Central de Noticias que, en las \u00faltimas reuniones de labor parlamentaria, comisi\u00f3n encargada de fijar fecha y convocar al funcionario, el tema no fue abordado como as\u00ed tampoco hubo un pedido formal de hacerlo.<\/p><\/blockquote>\n<p>&nbsp;<\/p>\n<p>Este mecanismo de presentaci\u00f3n de informes se lleva adelante desde hace varios a\u00f1os en la ciudad de Azul y<strong> en Olavarr\u00eda tuvo su debut este a\u00f1o cuando Hilario Galli (por su funci\u00f3n de Secretario de Gobierno) <a href=\"https:\/\/cdnoticias.com\/index.php\/2021\/05\/13\/con-criticas-a-los-concejales-hilario-galli-inauguro-los-informes-de-gestion\/\">respondi\u00f3 una importante cantidad de preguntas de concejales<\/a> con motivo de la Rendici\u00f3n de Cuentas.\u00a0<\/strong>Incluso el propio funcionario tuvo un encendido discurso en contra de algunos temas planteados por los ediles. En ese entonces, le pidi\u00f3 a la oposici\u00f3n<strong><em> &#8220;dejar de actuar en permanente modo electoral&#8221;<\/em><\/strong> cuando la campa\u00f1a estaba muy lejos de ser realidad.<\/p>\n","protected":false},"excerpt":{"rendered":"<p>Todav\u00eda no se defini\u00f3 convocatoria desde el \u00e1mbito deliberativo. Indicaron que deber\u00eda presentarse \u201cen los pr\u00f3ximos d\u00edas\u201d tras la presentaci\u00f3n<\/p>\n","protected":false},"author":2,"featured_media":23228,"comment_status":"closed","ping_status":"closed","sticky":false,"template":"","format":"standard","meta":{"_jetpack_memberships_contains_paid_content":false,"footnotes":""},"categories":[4,1],"tags":[],"class_list":["post-37440","post","type-post","status-publish","format-standard","has-post-thumbnail","hentry","category-politica","category-portada"],"jetpack_featured_media_url":"https:\/\/i0.wp.com\/cdnoticias.com\/wp-content\/uploads\/2021\/06\/HGalli-1024x718.jpeg?fit=1024%2C718&ssl=1","jetpack_sharing_enabled":true,"_links":{"self":[{"href":"https:\/\/cdnoticias.com\/index.php\/wp-json\/wp\/v2\/posts\/37440","targetHints":{"allow":["GET"]}}],"collection":[{"href":"https:\/\/cdnoticias.com\/index.php\/wp-json\/wp\/v2\/posts"}],"about":[{"href":"https:\/\/cdnoticias.com\/index.php\/wp-json\/wp\/v2\/types\/post"}],"author":[{"embeddable":true,"href":"https:\/\/cdnoticias.com\/index.php\/wp-json\/wp\/v2\/users\/2"}],"replies":[{"embeddable":true,"href":"https:\/\/cdnoticias.com\/index.php\/wp-json\/wp\/v2\/comments?post=37440"}],"version-history":[{"count":0,"href":"https:\/\/cdnoticias.com\/index.php\/wp-json\/wp\/v2\/posts\/37440\/revisions"}],"wp:featuredmedia":[{"embeddable":true,"href":"https:\/\/cdnoticias.com\/index.php\/wp-json\/wp\/v2\/media\/23228"}],"wp:attachment":[{"href":"https:\/\/cdnoticias.com\/index.php\/wp-json\/wp\/v2\/media?parent=37440"}],"wp:term":[{"taxonomy":"category","embeddable":true,"href":"https:\/\/cdnoticias.com\/index.php\/wp-json\/wp\/v2\/categories?post=37440"},{"taxonomy":"post_tag","embeddable":true,"href":"https:\/\/cdnoticias.com\/index.php\/wp-json\/wp\/v2\/tags?post=37440"}],"curies":[{"name":"wp","href":"https:\/\/api.w.org\/{rel}","templated":true}]}}