{"id":37402,"date":"2021-11-02T16:29:25","date_gmt":"2021-11-02T19:29:25","guid":{"rendered":"http:\/\/www.centraldenoticias.com.ar\/?p=37402"},"modified":"2021-11-02T16:29:25","modified_gmt":"2021-11-02T19:29:25","slug":"repararon-una-falla-en-el-sistema-de-alumbrado-del-barrio-carlos-pellegrini","status":"publish","type":"post","link":"https:\/\/cdnoticias.com\/index.php\/2021\/11\/02\/repararon-una-falla-en-el-sistema-de-alumbrado-del-barrio-carlos-pellegrini\/","title":{"rendered":"Repararon una falla en el sistema de alumbrado del barrio Carlos Pellegrini"},"content":{"rendered":"<p>Personal de Coopelectric detect\u00f3 el desperfecto y logr\u00f3 solucionar el inconveniente.<!--more--><\/p>\n<hr \/>\n<p>Desde Coopelectric se inform\u00f3 que este martes se trabaj\u00f3 en la<strong> reparaci\u00f3n de la falla en el sistema de alumbrado p\u00fablico que afect\u00f3 al barrio Carlos Pellegrini.<\/strong><\/p>\n<p>&nbsp;<\/p>\n<p>Seg\u00fan indicaron, d\u00edas atr\u00e1s se tom\u00f3 conocimiento de la afectaci\u00f3n en la continuidad del servicio de alumbrado en ese sector, debido a un desperfecto t\u00e9cnico que presentaba un<strong> comportamiento inconstante.<\/strong><\/p>\n<p>&nbsp;<\/p>\n<p>La ausencia de una falla franca a\u00f1adi\u00f3 dificultades en cuanto a la detecci\u00f3n de la misma, por lo cual <strong>se ocasionaron demoras en su reparaci\u00f3n definitiva.<\/strong><\/p>\n<p>&nbsp;<\/p>\n<p>Luego de haberse realizado varios trabajos en la Subestaci\u00f3n, finalmente se localiz\u00f3 el origen del desperfecto y en consecuencia se otorg\u00f3 una <strong>soluci\u00f3n definitiva al inconveniente registrado.<\/strong><\/p>\n","protected":false},"excerpt":{"rendered":"<p>Personal de Coopelectric detect\u00f3 el desperfecto y logr\u00f3 solucionar el inconveniente.<\/p>\n","protected":false},"author":5,"featured_media":6841,"comment_status":"closed","ping_status":"closed","sticky":false,"template":"","format":"standard","meta":{"_jetpack_memberships_contains_paid_content":false,"footnotes":""},"categories":[5],"tags":[],"class_list":["post-37402","post","type-post","status-publish","format-standard","has-post-thumbnail","hentry","category-informacion-general"],"jetpack_featured_media_url":"https:\/\/i0.wp.com\/cdnoticias.com\/wp-content\/uploads\/2020\/11\/01-Tareas-Alimentador-N%C2%B0-1.jpg?fit=1365%2C768&ssl=1","jetpack_sharing_enabled":true,"_links":{"self":[{"href":"https:\/\/cdnoticias.com\/index.php\/wp-json\/wp\/v2\/posts\/37402","targetHints":{"allow":["GET"]}}],"collection":[{"href":"https:\/\/cdnoticias.com\/index.php\/wp-json\/wp\/v2\/posts"}],"about":[{"href":"https:\/\/cdnoticias.com\/index.php\/wp-json\/wp\/v2\/types\/post"}],"author":[{"embeddable":true,"href":"https:\/\/cdnoticias.com\/index.php\/wp-json\/wp\/v2\/users\/5"}],"replies":[{"embeddable":true,"href":"https:\/\/cdnoticias.com\/index.php\/wp-json\/wp\/v2\/comments?post=37402"}],"version-history":[{"count":0,"href":"https:\/\/cdnoticias.com\/index.php\/wp-json\/wp\/v2\/posts\/37402\/revisions"}],"wp:featuredmedia":[{"embeddable":true,"href":"https:\/\/cdnoticias.com\/index.php\/wp-json\/wp\/v2\/media\/6841"}],"wp:attachment":[{"href":"https:\/\/cdnoticias.com\/index.php\/wp-json\/wp\/v2\/media?parent=37402"}],"wp:term":[{"taxonomy":"category","embeddable":true,"href":"https:\/\/cdnoticias.com\/index.php\/wp-json\/wp\/v2\/categories?post=37402"},{"taxonomy":"post_tag","embeddable":true,"href":"https:\/\/cdnoticias.com\/index.php\/wp-json\/wp\/v2\/tags?post=37402"}],"curies":[{"name":"wp","href":"https:\/\/api.w.org\/{rel}","templated":true}]}}