{"id":37389,"date":"2021-11-02T15:21:59","date_gmt":"2021-11-02T18:21:59","guid":{"rendered":"http:\/\/www.centraldenoticias.com.ar\/?p=37389"},"modified":"2021-11-03T08:20:24","modified_gmt":"2021-11-03T11:20:24","slug":"sergio-massa-llegara-este-viernes-a-olavarria","status":"publish","type":"post","link":"https:\/\/cdnoticias.com\/index.php\/2021\/11\/02\/sergio-massa-llegara-este-viernes-a-olavarria\/","title":{"rendered":"Sergio Massa llegar\u00e1 este viernes a Olavarr\u00eda"},"content":{"rendered":"<p>El presidente de la C\u00e1mara de Diputados volver\u00e1 a nuestra ciudad, donde encabezar\u00e1 una \u201cMesa de la Producci\u00f3n y el Desarrollo\u201d.<!--more--><\/p>\n<hr \/>\n<p><strong>El presidente de la C\u00e1mara de Diputados de la Naci\u00f3n, Sergio Massa, volver\u00e1 a Olavarr\u00eda en el cierre de la presente semana<\/strong>, seg\u00fan fue anunciado en la jornada de este martes desde el Frente de Todos.<\/p>\n<p>&nbsp;<\/p>\n<p><img data-recalc-dims=\"1\" loading=\"lazy\" decoding=\"async\" class=\"alignnone size-large wp-image-37312\" src=\"https:\/\/i0.wp.com\/cdnoticias.com\/wp-content\/uploads\/2021\/11\/WhatsApp-Image-2021-11-01-at-16.27.43.jpeg?resize=800%2C534&#038;ssl=1\" alt=\"\" width=\"800\" height=\"534\" srcset=\"https:\/\/i0.wp.com\/cdnoticias.com\/wp-content\/uploads\/2021\/11\/WhatsApp-Image-2021-11-01-at-16.27.43.jpeg?resize=1024%2C683&amp;ssl=1 1024w, https:\/\/i0.wp.com\/cdnoticias.com\/wp-content\/uploads\/2021\/11\/WhatsApp-Image-2021-11-01-at-16.27.43.jpeg?resize=300%2C200&amp;ssl=1 300w, https:\/\/i0.wp.com\/cdnoticias.com\/wp-content\/uploads\/2021\/11\/WhatsApp-Image-2021-11-01-at-16.27.43.jpeg?resize=768%2C512&amp;ssl=1 768w, https:\/\/i0.wp.com\/cdnoticias.com\/wp-content\/uploads\/2021\/11\/WhatsApp-Image-2021-11-01-at-16.27.43.jpeg?resize=272%2C182&amp;ssl=1 272w, https:\/\/i0.wp.com\/cdnoticias.com\/wp-content\/uploads\/2021\/11\/WhatsApp-Image-2021-11-01-at-16.27.43.jpeg?w=1500&amp;ssl=1 1500w\" sizes=\"auto, (max-width: 800px) 100vw, 800px\" \/><\/p>\n<p>&nbsp;<\/p>\n<p>De acuerdo con lo que se divulg\u00f3, todo se llevar\u00e1 a cabo <strong>el pr\u00f3ximo viernes y Massa ser\u00e1 quien encabezar\u00e1 una Mesa de la Producci\u00f3n y el Desarrollo.<\/strong><\/p>\n<p>&nbsp;<\/p>\n<p>Se precis\u00f3 que de la actividad <strong>tambi\u00e9n tomar\u00e1 parte el presidente del Banco BICE, Ignacio De Mendiguren<\/strong> y, a la par, fueron invitados empresarios, productores, comerciantes, representantes de los gremios, Colegios Profesionales y de la Universidad, entre otros actores sociales.<\/p>\n<p>&nbsp;<\/p>\n<p><img data-recalc-dims=\"1\" loading=\"lazy\" decoding=\"async\" class=\"alignnone size-large wp-image-37097\" src=\"https:\/\/i0.wp.com\/cdnoticias.com\/wp-content\/uploads\/2021\/10\/WhatsApp-Image-2021-10-29-at-18.36.17.jpeg?resize=800%2C534&#038;ssl=1\" alt=\"\" width=\"800\" height=\"534\" srcset=\"https:\/\/i0.wp.com\/cdnoticias.com\/wp-content\/uploads\/2021\/10\/WhatsApp-Image-2021-10-29-at-18.36.17.jpeg?w=1024&amp;ssl=1 1024w, https:\/\/i0.wp.com\/cdnoticias.com\/wp-content\/uploads\/2021\/10\/WhatsApp-Image-2021-10-29-at-18.36.17.jpeg?resize=300%2C200&amp;ssl=1 300w, https:\/\/i0.wp.com\/cdnoticias.com\/wp-content\/uploads\/2021\/10\/WhatsApp-Image-2021-10-29-at-18.36.17.jpeg?resize=768%2C512&amp;ssl=1 768w, https:\/\/i0.wp.com\/cdnoticias.com\/wp-content\/uploads\/2021\/10\/WhatsApp-Image-2021-10-29-at-18.36.17.jpeg?resize=272%2C182&amp;ssl=1 272w\" sizes=\"auto, (max-width: 800px) 100vw, 800px\" \/><\/p>\n<p>&nbsp;<\/p>\n<p>Se a\u00f1adi\u00f3 que la visita de Massa a Olavarr\u00eda contar\u00e1 con el <strong>acompa\u00f1amiento de Maximiliano Wesner, candidato a Concejal por el Frente de Todos, y los candidatos a Senadores Provinciales, Eduardo \u201cBali\u201d Bucca, Liliana Schwindt y Federico Aguilera.<\/strong><\/p>\n<p>&nbsp;<\/p>\n<p>Por \u00faltimo, se dio cuenta que una vez finalizada la Mesa de la Producci\u00f3n y el Desarrollo, est\u00e1 previsto que Sergio Massa tome contacto con los medios de comunicaci\u00f3n mediante una conferencia de prensa y, luego, realice <strong>una recorrida por empresas del Parque Industrial de Olavarr\u00eda.<\/strong><\/p>\n","protected":false},"excerpt":{"rendered":"<p>El presidente de la C\u00e1mara de Diputados volver\u00e1 a nuestra ciudad, donde encabezar\u00e1 una \u201cMesa de la Producci\u00f3n y el<\/p>\n","protected":false},"author":3,"featured_media":23423,"comment_status":"closed","ping_status":"closed","sticky":false,"template":"","format":"standard","meta":{"_jetpack_memberships_contains_paid_content":false,"footnotes":""},"categories":[17,1],"tags":[],"class_list":["post-37389","post","type-post","status-publish","format-standard","has-post-thumbnail","hentry","category-elecciones-2021","category-portada"],"jetpack_featured_media_url":"https:\/\/i0.wp.com\/cdnoticias.com\/wp-content\/uploads\/2021\/06\/diputados-massa-laboratorios.jpg?fit=800%2C445&ssl=1","jetpack_sharing_enabled":true,"_links":{"self":[{"href":"https:\/\/cdnoticias.com\/index.php\/wp-json\/wp\/v2\/posts\/37389","targetHints":{"allow":["GET"]}}],"collection":[{"href":"https:\/\/cdnoticias.com\/index.php\/wp-json\/wp\/v2\/posts"}],"about":[{"href":"https:\/\/cdnoticias.com\/index.php\/wp-json\/wp\/v2\/types\/post"}],"author":[{"embeddable":true,"href":"https:\/\/cdnoticias.com\/index.php\/wp-json\/wp\/v2\/users\/3"}],"replies":[{"embeddable":true,"href":"https:\/\/cdnoticias.com\/index.php\/wp-json\/wp\/v2\/comments?post=37389"}],"version-history":[{"count":0,"href":"https:\/\/cdnoticias.com\/index.php\/wp-json\/wp\/v2\/posts\/37389\/revisions"}],"wp:featuredmedia":[{"embeddable":true,"href":"https:\/\/cdnoticias.com\/index.php\/wp-json\/wp\/v2\/media\/23423"}],"wp:attachment":[{"href":"https:\/\/cdnoticias.com\/index.php\/wp-json\/wp\/v2\/media?parent=37389"}],"wp:term":[{"taxonomy":"category","embeddable":true,"href":"https:\/\/cdnoticias.com\/index.php\/wp-json\/wp\/v2\/categories?post=37389"},{"taxonomy":"post_tag","embeddable":true,"href":"https:\/\/cdnoticias.com\/index.php\/wp-json\/wp\/v2\/tags?post=37389"}],"curies":[{"name":"wp","href":"https:\/\/api.w.org\/{rel}","templated":true}]}}