{"id":37386,"date":"2021-11-02T20:04:04","date_gmt":"2021-11-02T23:04:04","guid":{"rendered":"http:\/\/www.centraldenoticias.com.ar\/?p=37386"},"modified":"2021-11-02T20:04:04","modified_gmt":"2021-11-02T23:04:04","slug":"el-gobierno-congelo-el-precio-mayorista-de-la-luz-hasta-fines-de-abril","status":"publish","type":"post","link":"https:\/\/cdnoticias.com\/index.php\/2021\/11\/02\/el-gobierno-congelo-el-precio-mayorista-de-la-luz-hasta-fines-de-abril\/","title":{"rendered":"El Gobierno congel\u00f3 el precio mayorista de la luz hasta fines de abril"},"content":{"rendered":"<p>La Secretar\u00eda de Energ\u00eda, que dirige Dar\u00edo Mart\u00ednez, public\u00f3 en el Bolet\u00edn Oficial la resoluci\u00f3n que establece la extensi\u00f3n del congelamiento hasta el 30 de abril.<!--more--><\/p>\n<hr \/>\n<p>En medio de la negociaci\u00f3n con el Fondo Monetario Internacional (FMI) que pone el eje en el d\u00e9ficit fiscal, <strong>el Gobierno nacional decidi\u00f3 extender el congelamiento de la tarifa el\u00e9ctrica mayorista hasta fines de abril de 2022<\/strong>.<\/p>\n<p>&nbsp;<\/p>\n<p>La Secretar\u00eda de Energ\u00eda, que dirige Dar\u00edo Mart\u00ednez, public\u00f3 en el Bolet\u00edn Oficial la resoluci\u00f3n N\u00b0 1029, que establece la extensi\u00f3n del congelamiento hasta el 30 de abril del a\u00f1o que viene, por lo que <strong>garantiz\u00f3 a las distribuidoras el\u00e9ctricas que no les cobrar\u00e1 un precio mayor en el verano por ese suministro<\/strong>.<\/p>\n<p>&nbsp;<\/p>\n<p>En el articulado de la resoluci\u00f3n,<strong> la Secretar\u00eda estableci\u00f3 los precios de referencia hasta despu\u00e9s del verano<\/strong>, por lo que compa\u00f1\u00edas como Edesur, Edenor, Edelap o las que operan en el interior de la provincia de Buenos Aires no tendr\u00e1n motivo para trasladarle un ajuste tarifario a sus clientes.<\/p>\n<p>&nbsp;<\/p>\n<p><strong>El costo de generaci\u00f3n representa hasta un 40% de la factura<\/strong> y el valor actual de un Mwh (la unidad de medida) es de $ 6.333, seg\u00fan Cammesa. <strong>La parte que las distribuidoras le pueden pasar a sus clientes es $ 900<\/strong>. El resto lo deben absorber las propias distribuidoras o se encarga el Estado a trav\u00e9s de subsidios.<\/p>\n<p>&nbsp;<\/p>\n<p>De acuerdo a estimaciones oficiales, <strong>los subsidios cerrar\u00e1n este a\u00f1o cerca de los US$ 8500 millones: un 35% m\u00e1s que en 2020<\/strong>. Adem\u00e1s, las distribuidoras indican que por el atraso de las tarifas el\u00e9ctricas que dispuso el Gobierno de Alberto Fern\u00e1ndez ya se gener\u00f3 en esas compa\u00f1\u00edas un rojo de m\u00e1s de $ 200.000 millones.<\/p>\n<p>&nbsp;<\/p>\n<p>D\u00edas atr\u00e1s, el propio Mart\u00ednez hab\u00eda asegurado que <strong>en 2021 se terminar\u00e1n las tarifas congeladas de luz y gas y el Gobierno comenzar\u00eda a aplicar aumentos<\/strong>, aunque dijo que el proceso \u201cva a ser muy gradual\u201d. Este a\u00f1o, el Gobierno hab\u00eda autorizado en abril una suba del 9% en el precio de la luz para hogares.<\/p>\n<p>&nbsp;<\/p>\n<p>Fuente: <em>Agencia DIB<\/em><\/p>\n","protected":false},"excerpt":{"rendered":"<p>La Secretar\u00eda de Energ\u00eda, que dirige Dar\u00edo Mart\u00ednez, public\u00f3 en el Bolet\u00edn Oficial la resoluci\u00f3n que establece la extensi\u00f3n del<\/p>\n","protected":false},"author":4,"featured_media":9212,"comment_status":"closed","ping_status":"closed","sticky":false,"template":"","format":"standard","meta":{"_jetpack_memberships_contains_paid_content":false,"footnotes":""},"categories":[6,1],"tags":[],"class_list":["post-37386","post","type-post","status-publish","format-standard","has-post-thumbnail","hentry","category-nacionales","category-portada"],"jetpack_featured_media_url":"https:\/\/i0.wp.com\/cdnoticias.com\/wp-content\/uploads\/2020\/12\/electricidad-luz-tarifas-DIB.jpg?fit=696%2C392&ssl=1","jetpack_sharing_enabled":true,"_links":{"self":[{"href":"https:\/\/cdnoticias.com\/index.php\/wp-json\/wp\/v2\/posts\/37386","targetHints":{"allow":["GET"]}}],"collection":[{"href":"https:\/\/cdnoticias.com\/index.php\/wp-json\/wp\/v2\/posts"}],"about":[{"href":"https:\/\/cdnoticias.com\/index.php\/wp-json\/wp\/v2\/types\/post"}],"author":[{"embeddable":true,"href":"https:\/\/cdnoticias.com\/index.php\/wp-json\/wp\/v2\/users\/4"}],"replies":[{"embeddable":true,"href":"https:\/\/cdnoticias.com\/index.php\/wp-json\/wp\/v2\/comments?post=37386"}],"version-history":[{"count":0,"href":"https:\/\/cdnoticias.com\/index.php\/wp-json\/wp\/v2\/posts\/37386\/revisions"}],"wp:featuredmedia":[{"embeddable":true,"href":"https:\/\/cdnoticias.com\/index.php\/wp-json\/wp\/v2\/media\/9212"}],"wp:attachment":[{"href":"https:\/\/cdnoticias.com\/index.php\/wp-json\/wp\/v2\/media?parent=37386"}],"wp:term":[{"taxonomy":"category","embeddable":true,"href":"https:\/\/cdnoticias.com\/index.php\/wp-json\/wp\/v2\/categories?post=37386"},{"taxonomy":"post_tag","embeddable":true,"href":"https:\/\/cdnoticias.com\/index.php\/wp-json\/wp\/v2\/tags?post=37386"}],"curies":[{"name":"wp","href":"https:\/\/api.w.org\/{rel}","templated":true}]}}