{"id":37381,"date":"2021-11-03T08:40:24","date_gmt":"2021-11-03T11:40:24","guid":{"rendered":"http:\/\/www.centraldenoticias.com.ar\/?p=37381"},"modified":"2021-11-03T09:21:47","modified_gmt":"2021-11-03T12:21:47","slug":"nuevo-equipamiento-vial-para-hidraulica-y-mantenimiento-urbano","status":"publish","type":"post","link":"https:\/\/cdnoticias.com\/index.php\/2021\/11\/03\/nuevo-equipamiento-vial-para-hidraulica-y-mantenimiento-urbano\/","title":{"rendered":"Nuevo equipamiento vial para Hidr\u00e1ulica y Mantenimiento Urbano"},"content":{"rendered":"<p>El Municipio incorpor\u00f3 los equipos adquiridos mediante licitaci\u00f3n por 18,8 millones de pesos.<!--more--><\/p>\n<hr \/>\n<p><strong>En la ma\u00f1ana de este martes se realiz\u00f3 la presentaci\u00f3n del nuevo equipamiento vial que fue adquirido recientemente<\/strong> por parte del Municipio con recursos \u00edntegramente propios.<\/p>\n<p>&nbsp;<\/p>\n<blockquote><p>\u201cEstar\u00e1 a disposici\u00f3n de la Secretar\u00eda de Mantenimiento y Obras P\u00fablicas, espec\u00edficamente para las \u00e1reas de Mantenimiento Urbano e Hidr\u00e1ulica, para llevar adelante distintas obras de mejoramiento, tanto en el casco urbano de la ciudad, como as\u00ed tambi\u00e9n en las localidades\u201d se inform\u00f3 desde la Municipalidad.<\/p><\/blockquote>\n<p>&nbsp;<\/p>\n<p>Se detall\u00f3 que <strong>la compra consisti\u00f3 en una retroexcavadora y de un martillo hidr\u00e1ulico para acoplar a la mini cargadora<\/strong>.<\/p>\n<p>&nbsp;<\/p>\n<p><img data-recalc-dims=\"1\" loading=\"lazy\" decoding=\"async\" class=\"size-large wp-image-37383 aligncenter\" src=\"https:\/\/i0.wp.com\/cdnoticias.com\/wp-content\/uploads\/2021\/11\/Obras-Retroescavadora-Hidraulica-1-scaled.jpg?resize=800%2C534&#038;ssl=1\" alt=\"\" width=\"800\" height=\"534\" srcset=\"https:\/\/i0.wp.com\/cdnoticias.com\/wp-content\/uploads\/2021\/11\/Obras-Retroescavadora-Hidraulica-1-scaled.jpg?resize=1024%2C684&amp;ssl=1 1024w, https:\/\/i0.wp.com\/cdnoticias.com\/wp-content\/uploads\/2021\/11\/Obras-Retroescavadora-Hidraulica-1-scaled.jpg?resize=300%2C201&amp;ssl=1 300w, https:\/\/i0.wp.com\/cdnoticias.com\/wp-content\/uploads\/2021\/11\/Obras-Retroescavadora-Hidraulica-1-scaled.jpg?resize=768%2C513&amp;ssl=1 768w, https:\/\/i0.wp.com\/cdnoticias.com\/wp-content\/uploads\/2021\/11\/Obras-Retroescavadora-Hidraulica-1-scaled.jpg?resize=272%2C182&amp;ssl=1 272w, https:\/\/i0.wp.com\/cdnoticias.com\/wp-content\/uploads\/2021\/11\/Obras-Retroescavadora-Hidraulica-1-scaled.jpg?w=1600&amp;ssl=1 1600w, https:\/\/i0.wp.com\/cdnoticias.com\/wp-content\/uploads\/2021\/11\/Obras-Retroescavadora-Hidraulica-1-scaled.jpg?w=2400&amp;ssl=1 2400w\" sizes=\"auto, (max-width: 800px) 100vw, 800px\" \/><\/p>\n<p>&nbsp;<\/p>\n<blockquote><p>La operatoria se concret\u00f3 mediante una licitaci\u00f3n p\u00fablica. \u201cParticiparon seis empresas oferentes, resultando adjudicataria la firma Gr\u00faas San Blas S.A, por un monto de $18.879.588\u201d se indic\u00f3.<\/p><\/blockquote>\n<p>&nbsp;<\/p>\n<p>En la oportunidad, <strong>el titular de empresa brind\u00f3 especificaciones t\u00e9cnicas de la maquinaria<\/strong> presentada en el dep\u00f3sito municipal, con el que cuenta la Municipalidad, en barrio Pickelado.<\/p>\n<p>&nbsp;<\/p>\n<p>Participaron <strong>el intendente Ezequiel Galli<\/strong>, junto a <em>los secretarios de Mantenimiento y Obras P\u00fablicas Julio Ferraro y de Desarrollo Humano y Calidad de Vida Diego Robbiani, el presidente del HCD Bruno Cenizo y el director de Hidr\u00e1ulica Iv\u00e1n Robbiani<\/em>.\u00a0Al respecto, los funcionarios municipales indicaron que dicha maquinaria ser\u00e1 utilizada para<em> tareas de mantenimiento, desmonte de pavimento deteriorado para posterior bacheo, limpieza de canales, mejoramiento de las barrancas del arroyo Tapalqu\u00e9, creaci\u00f3n de nuevos canales, construcci\u00f3n y reparaci\u00f3n de alcantarillas<\/em>.<\/p>\n<p>&nbsp;<\/p>\n<p>&#8220;Dicha inversi\u00f3n en equipamiento vial es fundamental para <strong>la ejecuci\u00f3n de diferentes trabajos, que permiten mejorar la transitabilidad, la circulaci\u00f3n y la evacuaci\u00f3n del agua<\/strong>, con la finalidad de mejorar la calidad de vida de los olavarrienses&#8221; se destac\u00f3 desde el Municipio.<\/p>\n","protected":false},"excerpt":{"rendered":"<p>El Municipio incorpor\u00f3 los equipos adquiridos mediante licitaci\u00f3n por 18,8 millones de pesos.<\/p>\n","protected":false},"author":4,"featured_media":37384,"comment_status":"closed","ping_status":"closed","sticky":false,"template":"","format":"standard","meta":{"_jetpack_memberships_contains_paid_content":false,"footnotes":""},"categories":[5,1],"tags":[],"class_list":["post-37381","post","type-post","status-publish","format-standard","has-post-thumbnail","hentry","category-informacion-general","category-portada"],"jetpack_featured_media_url":"https:\/\/i0.wp.com\/cdnoticias.com\/wp-content\/uploads\/2021\/11\/Obras-Retroescavadora-Hidraulica-2-scaled.jpg?fit=2560%2C1711&ssl=1","jetpack_sharing_enabled":true,"_links":{"self":[{"href":"https:\/\/cdnoticias.com\/index.php\/wp-json\/wp\/v2\/posts\/37381","targetHints":{"allow":["GET"]}}],"collection":[{"href":"https:\/\/cdnoticias.com\/index.php\/wp-json\/wp\/v2\/posts"}],"about":[{"href":"https:\/\/cdnoticias.com\/index.php\/wp-json\/wp\/v2\/types\/post"}],"author":[{"embeddable":true,"href":"https:\/\/cdnoticias.com\/index.php\/wp-json\/wp\/v2\/users\/4"}],"replies":[{"embeddable":true,"href":"https:\/\/cdnoticias.com\/index.php\/wp-json\/wp\/v2\/comments?post=37381"}],"version-history":[{"count":0,"href":"https:\/\/cdnoticias.com\/index.php\/wp-json\/wp\/v2\/posts\/37381\/revisions"}],"wp:featuredmedia":[{"embeddable":true,"href":"https:\/\/cdnoticias.com\/index.php\/wp-json\/wp\/v2\/media\/37384"}],"wp:attachment":[{"href":"https:\/\/cdnoticias.com\/index.php\/wp-json\/wp\/v2\/media?parent=37381"}],"wp:term":[{"taxonomy":"category","embeddable":true,"href":"https:\/\/cdnoticias.com\/index.php\/wp-json\/wp\/v2\/categories?post=37381"},{"taxonomy":"post_tag","embeddable":true,"href":"https:\/\/cdnoticias.com\/index.php\/wp-json\/wp\/v2\/tags?post=37381"}],"curies":[{"name":"wp","href":"https:\/\/api.w.org\/{rel}","templated":true}]}}