{"id":37368,"date":"2021-11-02T13:26:39","date_gmt":"2021-11-02T16:26:39","guid":{"rendered":"http:\/\/www.centraldenoticias.com.ar\/?p=37368"},"modified":"2021-11-02T15:34:55","modified_gmt":"2021-11-02T18:34:55","slug":"el-intendente-anuncio-una-inversion-privada-para-un-frigorifico-en-olavarria","status":"publish","type":"post","link":"https:\/\/cdnoticias.com\/index.php\/2021\/11\/02\/el-intendente-anuncio-una-inversion-privada-para-un-frigorifico-en-olavarria\/","title":{"rendered":"El intendente anunci\u00f3 una inversi\u00f3n privada para un frigor\u00edfico en Olavarr\u00eda"},"content":{"rendered":"<p>La firma Argus Meats del grupo Surmax impulsar\u00e1 una inversi\u00f3n de 450 millones de pesos para un matadero y un frigor\u00edfico.<!--more--><\/p>\n<hr \/>\n<p><strong>Una empresa de capitales nacionales anunci\u00f3 una inversi\u00f3n en Olavarr\u00eda por 450 millones de pesos para instalar, en dos etapas, un matadero y un frigor\u00edfico<\/strong>. Se destac\u00f3 la intenci\u00f3n de crear 150 puestos de empleo directo.<\/p>\n<p>&nbsp;<\/p>\n<p>El anuncio tuvo lugar este martes en el Centro Cultural municipal donde estuvo <strong>el intendente Ezequiel Galli<\/strong> acompa\u00f1ado por los secretarios Julio Valetutto e Hilario Galli, y por el <strong>representante de la empresa Argus Meats del grupo Agropecuaria Surmax, Omar De Luca<\/strong>.<\/p>\n<p>&nbsp;<\/p>\n<p>En la apertura del encuentro, <strong>el jefe comunal subray\u00f3 que el comienzo de esta propuesta para Olavarr\u00eda despu\u00e9s de que \u201clamentablemente en abril de 2018, con el cierre del Matadero<\/strong>, nos oblig\u00f3 a ponernos a trabajar en un proyecto de inversi\u00f3n en la ciudad\u201d. En ese marco, relat\u00f3 que se hizo una consulta a una empresa de Rosario, especializada en el tema, tras lo cual \u201ca los pocos meses ten\u00edamos la carpeta para salir a buscar inversores\u201d.<\/p>\n<p>&nbsp;<\/p>\n<p><img data-recalc-dims=\"1\" loading=\"lazy\" decoding=\"async\" class=\"size-large wp-image-37375 aligncenter\" src=\"https:\/\/i0.wp.com\/cdnoticias.com\/wp-content\/uploads\/2021\/11\/frigorifico3.jpg?resize=800%2C445&#038;ssl=1\" alt=\"\" width=\"800\" height=\"445\" srcset=\"https:\/\/i0.wp.com\/cdnoticias.com\/wp-content\/uploads\/2021\/11\/frigorifico3.jpg?resize=1024%2C570&amp;ssl=1 1024w, https:\/\/i0.wp.com\/cdnoticias.com\/wp-content\/uploads\/2021\/11\/frigorifico3.jpg?resize=300%2C167&amp;ssl=1 300w, https:\/\/i0.wp.com\/cdnoticias.com\/wp-content\/uploads\/2021\/11\/frigorifico3.jpg?resize=768%2C427&amp;ssl=1 768w, https:\/\/i0.wp.com\/cdnoticias.com\/wp-content\/uploads\/2021\/11\/frigorifico3.jpg?resize=800%2C445&amp;ssl=1 800w, https:\/\/i0.wp.com\/cdnoticias.com\/wp-content\/uploads\/2021\/11\/frigorifico3.jpg?w=1600&amp;ssl=1 1600w, https:\/\/i0.wp.com\/cdnoticias.com\/wp-content\/uploads\/2021\/11\/frigorifico3.jpg?w=2400&amp;ssl=1 2400w\" sizes=\"auto, (max-width: 800px) 100vw, 800px\" \/><\/p>\n<p>&nbsp;<\/p>\n<p>Ezequiel Galli subray\u00f3 que lo gu\u00eda un \u201cmodelo de pa\u00eds\u201d con <strong>\u201cun Estado presente que sale a buscar inversores para generar empleo genuino\u201d<\/strong>.<\/p>\n<p>&nbsp;<\/p>\n<p>En cuanto al emplazamiento de la industria, se dej\u00f3 saber que <strong>se plantearon tres localizaciones posibles<\/strong> con acceso a las rutas y con los servicios para tener el desarrollo.<\/p>\n<p>&nbsp;<\/p>\n<p>En tanto, se record\u00f3 que en el Concejo Deliberante se impuls\u00f3 y aprob\u00f3 una ordenanza de <a href=\"https:\/\/cdnoticias.com\/index.php\/2021\/07\/13\/el-municipio-impulsa-un-nuevo-regimen-de-incentivo-para-la-inversion-en-olavarria\/\" target=\"_blank\" rel=\"noopener\">promoci\u00f3n de inversiones que alivia tributos para este tipo de emprendimientos<\/a>. El Intendente subray\u00f3 que esta iniciativa fue &#8220;clave&#8221; para la definici\u00f3n de Arbus Meats de expandirse a Olavarr\u00eda.<\/p>\n<p>&nbsp;<\/p>\n<p><img data-recalc-dims=\"1\" loading=\"lazy\" decoding=\"async\" class=\"size-large wp-image-37376 aligncenter\" src=\"https:\/\/i0.wp.com\/cdnoticias.com\/wp-content\/uploads\/2021\/11\/frigorifico4.jpg?resize=800%2C445&#038;ssl=1\" alt=\"\" width=\"800\" height=\"445\" srcset=\"https:\/\/i0.wp.com\/cdnoticias.com\/wp-content\/uploads\/2021\/11\/frigorifico4.jpg?resize=1024%2C570&amp;ssl=1 1024w, https:\/\/i0.wp.com\/cdnoticias.com\/wp-content\/uploads\/2021\/11\/frigorifico4.jpg?resize=300%2C167&amp;ssl=1 300w, https:\/\/i0.wp.com\/cdnoticias.com\/wp-content\/uploads\/2021\/11\/frigorifico4.jpg?resize=768%2C427&amp;ssl=1 768w, https:\/\/i0.wp.com\/cdnoticias.com\/wp-content\/uploads\/2021\/11\/frigorifico4.jpg?resize=800%2C445&amp;ssl=1 800w, https:\/\/i0.wp.com\/cdnoticias.com\/wp-content\/uploads\/2021\/11\/frigorifico4.jpg?w=1600&amp;ssl=1 1600w, https:\/\/i0.wp.com\/cdnoticias.com\/wp-content\/uploads\/2021\/11\/frigorifico4.jpg?w=2400&amp;ssl=1 2400w\" sizes=\"auto, (max-width: 800px) 100vw, 800px\" \/><\/p>\n<p>&nbsp;<\/p>\n<p><strong>El proyecto de inversi\u00f3n<\/strong><\/p>\n<p>&nbsp;<\/p>\n<p>Se destac\u00f3 que <strong>la propuesta contempla la generaci\u00f3n de 135 empleos directos y 400 indirectos<\/strong> con mano de obra 100% local.<\/p>\n<p>&nbsp;<\/p>\n<p><strong>La inversi\u00f3n ser\u00e1 de 450 millones de pesos<\/strong>. Se plantearon como objetivos que <strong>en el plazo de un a\u00f1o est\u00e9 operativo el matadero y un a\u00f1o despu\u00e9s, el frigor\u00edfico<\/strong>. En cuanto a la construcci\u00f3n de las nuevas plantas, se indic\u00f3 que \u201cser\u00e1 con empresas locales\u201d, pero la decisi\u00f3n final es de la inversora. Estiman que para octubre de 2022 la primera etapa est\u00e9 finalizada.<\/p>\n<p>&nbsp;<\/p>\n<p>La empresa trabaja tambi\u00e9n el envasado de carne congelada y la venta al p\u00fablico en CABA. Es <strong>un grupo econ\u00f3mico dedicado al rubro de alimentos, en carnes y cereales<\/strong>.<\/p>\n<p>&nbsp;<\/p>\n<p><img data-recalc-dims=\"1\" loading=\"lazy\" decoding=\"async\" class=\"size-large wp-image-37373 aligncenter\" src=\"https:\/\/i0.wp.com\/cdnoticias.com\/wp-content\/uploads\/2021\/11\/frigorifico1.jpg?resize=800%2C445&#038;ssl=1\" alt=\"\" width=\"800\" height=\"445\" srcset=\"https:\/\/i0.wp.com\/cdnoticias.com\/wp-content\/uploads\/2021\/11\/frigorifico1.jpg?resize=1024%2C570&amp;ssl=1 1024w, https:\/\/i0.wp.com\/cdnoticias.com\/wp-content\/uploads\/2021\/11\/frigorifico1.jpg?resize=300%2C167&amp;ssl=1 300w, https:\/\/i0.wp.com\/cdnoticias.com\/wp-content\/uploads\/2021\/11\/frigorifico1.jpg?resize=768%2C427&amp;ssl=1 768w, https:\/\/i0.wp.com\/cdnoticias.com\/wp-content\/uploads\/2021\/11\/frigorifico1.jpg?resize=800%2C445&amp;ssl=1 800w, https:\/\/i0.wp.com\/cdnoticias.com\/wp-content\/uploads\/2021\/11\/frigorifico1.jpg?w=1600&amp;ssl=1 1600w, https:\/\/i0.wp.com\/cdnoticias.com\/wp-content\/uploads\/2021\/11\/frigorifico1.jpg?w=2400&amp;ssl=1 2400w\" sizes=\"auto, (max-width: 800px) 100vw, 800px\" \/><\/p>\n<p>&nbsp;<\/p>\n<p><strong>Ubicaci\u00f3n estrat\u00e9gica<\/strong><\/p>\n<p>&nbsp;<\/p>\n<p>El secretario de Desarrollo Econ\u00f3mico, <strong>Julio Valetutto, apunt\u00f3 al lugar estrat\u00e9gico de Olavarr\u00eda y su protagonismo en la ganader\u00eda<\/strong>, al ser el Partido con mayor cantidad de cabezas de ganado de la provincia.<\/p>\n<p>&nbsp;<\/p>\n<p>A su vez se\u00f1al\u00f3 que el Municipio y el Instituto Tecnol\u00f3gico (Iteco) <strong>brindar\u00e1n capacitaciones \u201cpara que los trabajadores se adapten r\u00e1pidamente al trabajo\u201d<\/strong>.<\/p>\n<p>&nbsp;<\/p>\n<p><img data-recalc-dims=\"1\" loading=\"lazy\" decoding=\"async\" class=\"size-large wp-image-37374 aligncenter\" src=\"https:\/\/i0.wp.com\/cdnoticias.com\/wp-content\/uploads\/2021\/11\/frigorifico2.jpg?resize=800%2C445&#038;ssl=1\" alt=\"\" width=\"800\" height=\"445\" srcset=\"https:\/\/i0.wp.com\/cdnoticias.com\/wp-content\/uploads\/2021\/11\/frigorifico2.jpg?resize=1024%2C570&amp;ssl=1 1024w, https:\/\/i0.wp.com\/cdnoticias.com\/wp-content\/uploads\/2021\/11\/frigorifico2.jpg?resize=300%2C167&amp;ssl=1 300w, https:\/\/i0.wp.com\/cdnoticias.com\/wp-content\/uploads\/2021\/11\/frigorifico2.jpg?resize=768%2C427&amp;ssl=1 768w, https:\/\/i0.wp.com\/cdnoticias.com\/wp-content\/uploads\/2021\/11\/frigorifico2.jpg?resize=800%2C445&amp;ssl=1 800w, https:\/\/i0.wp.com\/cdnoticias.com\/wp-content\/uploads\/2021\/11\/frigorifico2.jpg?w=1600&amp;ssl=1 1600w, https:\/\/i0.wp.com\/cdnoticias.com\/wp-content\/uploads\/2021\/11\/frigorifico2.jpg?w=2400&amp;ssl=1 2400w\" sizes=\"auto, (max-width: 800px) 100vw, 800px\" \/><\/p>\n<p>&nbsp;<\/p>\n<p>La <strong>contrataci\u00f3n de empleo directo<\/strong> ser\u00e1 con colaboraci\u00f3n del Municipio a trav\u00e9s de la Secretar\u00eda de Desarrollo Social, y las capacitaciones de la Direcci\u00f3n de Empleo y del Iteco.<\/p>\n<p>&nbsp;<\/p>\n<p>En cuanto a los alcances del proyecto, m\u00e1s all\u00e1 del funcionamiento operativo de los dos sectores, <strong>se plantea tambi\u00e9n \u201cla comercializaci\u00f3n de la empresa de forma directa al consumidor\u201d y la exportaci\u00f3n, aunque se resalt\u00f3 que \u201cson prudentes\u201d<\/strong> en cuanto a los plazos para alcanzar esos objetivos.<\/p>\n","protected":false},"excerpt":{"rendered":"<p>La firma Argus Meats del grupo Surmax impulsar\u00e1 una inversi\u00f3n de 450 millones de pesos para un matadero y un<\/p>\n","protected":false},"author":4,"featured_media":37377,"comment_status":"closed","ping_status":"closed","sticky":false,"template":"","format":"standard","meta":{"_jetpack_memberships_contains_paid_content":false,"footnotes":""},"categories":[5,1],"tags":[],"class_list":["post-37368","post","type-post","status-publish","format-standard","has-post-thumbnail","hentry","category-informacion-general","category-portada"],"jetpack_featured_media_url":"https:\/\/i0.wp.com\/cdnoticias.com\/wp-content\/uploads\/2021\/11\/frigorifico5.jpg?fit=4608%2C2564&ssl=1","jetpack_sharing_enabled":true,"_links":{"self":[{"href":"https:\/\/cdnoticias.com\/index.php\/wp-json\/wp\/v2\/posts\/37368","targetHints":{"allow":["GET"]}}],"collection":[{"href":"https:\/\/cdnoticias.com\/index.php\/wp-json\/wp\/v2\/posts"}],"about":[{"href":"https:\/\/cdnoticias.com\/index.php\/wp-json\/wp\/v2\/types\/post"}],"author":[{"embeddable":true,"href":"https:\/\/cdnoticias.com\/index.php\/wp-json\/wp\/v2\/users\/4"}],"replies":[{"embeddable":true,"href":"https:\/\/cdnoticias.com\/index.php\/wp-json\/wp\/v2\/comments?post=37368"}],"version-history":[{"count":0,"href":"https:\/\/cdnoticias.com\/index.php\/wp-json\/wp\/v2\/posts\/37368\/revisions"}],"wp:featuredmedia":[{"embeddable":true,"href":"https:\/\/cdnoticias.com\/index.php\/wp-json\/wp\/v2\/media\/37377"}],"wp:attachment":[{"href":"https:\/\/cdnoticias.com\/index.php\/wp-json\/wp\/v2\/media?parent=37368"}],"wp:term":[{"taxonomy":"category","embeddable":true,"href":"https:\/\/cdnoticias.com\/index.php\/wp-json\/wp\/v2\/categories?post=37368"},{"taxonomy":"post_tag","embeddable":true,"href":"https:\/\/cdnoticias.com\/index.php\/wp-json\/wp\/v2\/tags?post=37368"}],"curies":[{"name":"wp","href":"https:\/\/api.w.org\/{rel}","templated":true}]}}