{"id":37356,"date":"2021-11-02T11:35:06","date_gmt":"2021-11-02T14:35:06","guid":{"rendered":"http:\/\/www.centraldenoticias.com.ar\/?p=37356"},"modified":"2021-11-02T12:02:41","modified_gmt":"2021-11-02T15:02:41","slug":"anuncian-el-inicio-de-vacunacion-contra-el-covid-en-escuelas-primarias-de-olavarria","status":"publish","type":"post","link":"https:\/\/cdnoticias.com\/index.php\/2021\/11\/02\/anuncian-el-inicio-de-vacunacion-contra-el-covid-en-escuelas-primarias-de-olavarria\/","title":{"rendered":"Anuncian el inicio de vacunaci\u00f3n contra el COVID en escuelas primarias de Olavarr\u00eda"},"content":{"rendered":"<p>Fue confirmado por autoridades de Jefatura Distrital y Regi\u00f3n Sanitaria IX. Hay seis escuelas inscriptas en la ciudad, y este martes ya comenzaron con dos de ellas.\u00a0<!--more--><\/p>\n<hr \/>\n<p>En la ma\u00f1ana de este martes, <strong>autoridades educativas y de salud de la ciudad confirmaron que comenzar\u00e1 a vacunarse contra el COVID en escuelas primarias de Olavarr\u00eda, previa inscripci\u00f3n tras un relevamiento realizado por el Ministerio de Salud de la Provincia.<\/strong><\/p>\n<p>&nbsp;<\/p>\n<p>De la presentaci\u00f3n particip\u00f3 el Jefe Distrital de Educaci\u00f3n, Julio Ben\u00edtez, y la directora asociada de la Regi\u00f3n Sanitaria IX, Norma \u00c1lvarez Morello. El funcionario de educaci\u00f3n fue el primero en tomar la palabra y dijo que es una<em> \u201cestrategia que se empieza a desplegar desde esta ma\u00f1ana en el territorio, coordinada con la Regi\u00f3n Sanitaria IX respecto de la vacunaci\u00f3n en instituciones educativas por parte del gobierno de la Provincia de Buenos Aires, de la Direcci\u00f3n General de Cultura y Educaci\u00f3n\u201d.<\/em><\/p>\n<p>&nbsp;<\/p>\n<p><img data-recalc-dims=\"1\" loading=\"lazy\" decoding=\"async\" class=\"alignnone size-full wp-image-37343\" src=\"https:\/\/i0.wp.com\/cdnoticias.com\/wp-content\/uploads\/2021\/11\/julio-benitez.jpg?resize=800%2C445&#038;ssl=1\" alt=\"\" width=\"800\" height=\"445\" srcset=\"https:\/\/i0.wp.com\/cdnoticias.com\/wp-content\/uploads\/2021\/11\/julio-benitez.jpg?w=800&amp;ssl=1 800w, https:\/\/i0.wp.com\/cdnoticias.com\/wp-content\/uploads\/2021\/11\/julio-benitez.jpg?resize=300%2C167&amp;ssl=1 300w, https:\/\/i0.wp.com\/cdnoticias.com\/wp-content\/uploads\/2021\/11\/julio-benitez.jpg?resize=768%2C427&amp;ssl=1 768w\" sizes=\"auto, (max-width: 800px) 100vw, 800px\" \/><\/p>\n<p>&nbsp;<\/p>\n<blockquote><p><em>\u201cLleg\u00f3 un relevamiento para aquellas instituciones educativas que estuvieran interesadas en inscribirse para que se despliegue la vacunaci\u00f3n hacia el interior de la Escuela\u201d<\/em> y que la opci\u00f3n surge <em>\u201cuna vez que se habilit\u00f3 una franja etaria para vacunar con Sinopharm, de aquellos que tienen entre 3 y 11 a\u00f1os. Habilitada esta posibilidad de ampliar la franja etaria, se consult\u00f3 a las escuelas y ya tenemos instituciones en nuestro distrito interesadas en que se realice -de forma optativa- la vacunaci\u00f3n\u201d.<\/em><\/p><\/blockquote>\n<p>&nbsp;<\/p>\n<p><strong>En total ser\u00e1n seis escuelas. De hecho, en la Escuela N\u00b0 6 y N\u00b0 15 se trabajar\u00e1 durante la jornada de este martes<\/strong> pero adem\u00e1s est\u00e1 inscripta la Escuela N\u00b0 68, N\u00b0 14, N\u00b0 2. Esto incluye a las Escuelas Privadas, quienes fueron invitadas a inscribirse.<\/p>\n<p>&nbsp;<\/p>\n<p>\u00c1lvarez Morello expres\u00f3 que el objetivo es <em>\u201caumentar la din\u00e1mica de vacunaci\u00f3n en un sector de poblaci\u00f3n que comprende las escuelas primarias, es decir, los chiquitos que vienen vacun\u00e1ndose con Sinopharm. Esta estrategia lleva las vacunas a las escuelas para que ni\u00f1os y ni\u00f1as, previa autorizaci\u00f3n de sus tutores, puedan acceder a la vacunaci\u00f3n sin previa inscripci\u00f3n y dentro del establecimiento escolar\u201d.<\/em><\/p>\n<p>&nbsp;<\/p>\n<p><img data-recalc-dims=\"1\" loading=\"lazy\" decoding=\"async\" class=\"alignnone size-full wp-image-37344\" src=\"https:\/\/i0.wp.com\/cdnoticias.com\/wp-content\/uploads\/2021\/11\/norma-alvarez-morello.jpg?resize=800%2C445&#038;ssl=1\" alt=\"\" width=\"800\" height=\"445\" srcset=\"https:\/\/i0.wp.com\/cdnoticias.com\/wp-content\/uploads\/2021\/11\/norma-alvarez-morello.jpg?w=800&amp;ssl=1 800w, https:\/\/i0.wp.com\/cdnoticias.com\/wp-content\/uploads\/2021\/11\/norma-alvarez-morello.jpg?resize=300%2C167&amp;ssl=1 300w, https:\/\/i0.wp.com\/cdnoticias.com\/wp-content\/uploads\/2021\/11\/norma-alvarez-morello.jpg?resize=768%2C427&amp;ssl=1 768w\" sizes=\"auto, (max-width: 800px) 100vw, 800px\" \/><\/p>\n<p>&nbsp;<\/p>\n<p>Se dej\u00f3 en claro que la vacunaci\u00f3n <strong><em>\u201csiempre depende de las autorizaciones de los tutores\u201d<\/em><\/strong> y que en la primera jornada<em> \u201ctenemos escuelas con 15 ni\u00f1os autorizados, y otras escuelas con 40. Se prev\u00e9 que tambi\u00e9n se puedan vacunar hermanos, si est\u00e1 dispuesta a vacunarse se pueden vacunar en la misma actividad. Es una estrategia del Ministerio de Salud de la Provincia\u201d.<\/em><\/p>\n<p>&nbsp;<\/p>\n<p>Si bien comenzar\u00e1n en Olavarr\u00eda, la iniciativa<em> \u201ces para toda la regi\u00f3n, seguiremos en las escuelas inscriptas de las 10 ciudades de la Regi\u00f3n Sanitaria\u201d.<\/em><\/p>\n<p>&nbsp;<\/p>\n<p><strong>La modalidad de trabajo se realizar\u00e1 en edad escolar, y ser\u00e1n docentes y autoridades quienes supervisar\u00e1n la vacunaci\u00f3n<\/strong>. <em>\u201cEn esta etapa no podr\u00e1n estar los padres\u201d<\/em> dijeron.<\/p>\n<p>&nbsp;<\/p>\n<p>Estiman que<strong> en edad escolar faltan vacunar 1.000 chicos inscriptos: hay 9.000 inscriptos y 8.000 vacunados<\/strong>. <em>\u201cLas segundas dosis seguramente ser\u00e1n aplicadas del mismo modo\u201d<\/em> a\u00f1adieron.<\/p>\n<p>&nbsp;<\/p>\n<p><strong><span style=\"text-decoration: underline;\">Protocolos y actualizaciones<\/span><\/strong><\/p>\n<p>&nbsp;<\/p>\n<p><img data-recalc-dims=\"1\" loading=\"lazy\" decoding=\"async\" class=\"alignnone size-full wp-image-37345\" src=\"https:\/\/i0.wp.com\/cdnoticias.com\/wp-content\/uploads\/2021\/11\/vacunacion-en-escuelas-00.jpg?resize=800%2C445&#038;ssl=1\" alt=\"\" width=\"800\" height=\"445\" srcset=\"https:\/\/i0.wp.com\/cdnoticias.com\/wp-content\/uploads\/2021\/11\/vacunacion-en-escuelas-00.jpg?w=800&amp;ssl=1 800w, https:\/\/i0.wp.com\/cdnoticias.com\/wp-content\/uploads\/2021\/11\/vacunacion-en-escuelas-00.jpg?resize=300%2C167&amp;ssl=1 300w, https:\/\/i0.wp.com\/cdnoticias.com\/wp-content\/uploads\/2021\/11\/vacunacion-en-escuelas-00.jpg?resize=768%2C427&amp;ssl=1 768w\" sizes=\"auto, (max-width: 800px) 100vw, 800px\" \/><\/p>\n<p>&nbsp;<\/p>\n<p>Julio Ben\u00edtez confirm\u00f3, mientras tanto, que <strong>hubo una flexibilizaci\u00f3n de protocolos en las aulas<\/strong>, aunque<em> \u201cde todos modos seguimos cuid\u00e1ndonos, con el uso de barbijo, la ventilaci\u00f3n, tomar la temperatura, ingreso y egreso escalonado. Algunas cuestiones las mantenemos, otras las flexibilizamos\u201d.<\/em> Una de las flexibilizaciones es que <strong>el docente de un aula, si respeta los protocolos y hay un caso positivo en dicho sal\u00f3n, no deber\u00e1 aislarse.<\/strong><\/p>\n<p>&nbsp;<\/p>\n<p><em>\u201cTenemos presencialidad plena, hay muy pocas escuelas con presencialidad escalonada y son para 2 o 3 estudiantes que, por aforo, no pueden ingresar al aula. Ni bien se reintegre la posibilidad de tener comedores, sobre todo en las dobles jornadas, tendremos a todos los chicos dentro de las escuelas\u201d<\/em> cerr\u00f3 el funcionario.<\/p>\n<p>&nbsp;<\/p>\n<p>&nbsp;<\/p>\n<p>&nbsp;<\/p>\n","protected":false},"excerpt":{"rendered":"<p>Fue confirmado por autoridades de Jefatura Distrital y Regi\u00f3n Sanitaria IX. Hay seis escuelas inscriptas en la ciudad, y este<\/p>\n","protected":false},"author":2,"featured_media":37346,"comment_status":"closed","ping_status":"closed","sticky":false,"template":"","format":"standard","meta":{"_jetpack_memberships_contains_paid_content":false,"footnotes":""},"categories":[16,1],"tags":[],"class_list":["post-37356","post","type-post","status-publish","format-standard","has-post-thumbnail","hentry","category-covid-19","category-portada"],"jetpack_featured_media_url":"https:\/\/i0.wp.com\/cdnoticias.com\/wp-content\/uploads\/2021\/11\/vacunacion-en-escuelas-01.jpg?fit=800%2C445&ssl=1","jetpack_sharing_enabled":true,"_links":{"self":[{"href":"https:\/\/cdnoticias.com\/index.php\/wp-json\/wp\/v2\/posts\/37356","targetHints":{"allow":["GET"]}}],"collection":[{"href":"https:\/\/cdnoticias.com\/index.php\/wp-json\/wp\/v2\/posts"}],"about":[{"href":"https:\/\/cdnoticias.com\/index.php\/wp-json\/wp\/v2\/types\/post"}],"author":[{"embeddable":true,"href":"https:\/\/cdnoticias.com\/index.php\/wp-json\/wp\/v2\/users\/2"}],"replies":[{"embeddable":true,"href":"https:\/\/cdnoticias.com\/index.php\/wp-json\/wp\/v2\/comments?post=37356"}],"version-history":[{"count":0,"href":"https:\/\/cdnoticias.com\/index.php\/wp-json\/wp\/v2\/posts\/37356\/revisions"}],"wp:featuredmedia":[{"embeddable":true,"href":"https:\/\/cdnoticias.com\/index.php\/wp-json\/wp\/v2\/media\/37346"}],"wp:attachment":[{"href":"https:\/\/cdnoticias.com\/index.php\/wp-json\/wp\/v2\/media?parent=37356"}],"wp:term":[{"taxonomy":"category","embeddable":true,"href":"https:\/\/cdnoticias.com\/index.php\/wp-json\/wp\/v2\/categories?post=37356"},{"taxonomy":"post_tag","embeddable":true,"href":"https:\/\/cdnoticias.com\/index.php\/wp-json\/wp\/v2\/tags?post=37356"}],"curies":[{"name":"wp","href":"https:\/\/api.w.org\/{rel}","templated":true}]}}