{"id":3735,"date":"2020-10-12T13:37:01","date_gmt":"2020-10-12T16:37:01","guid":{"rendered":"http:\/\/www.centraldenoticias.com.ar\/?p=3735"},"modified":"2020-10-12T16:37:51","modified_gmt":"2020-10-12T19:37:51","slug":"es-un-momento-crucial-para-que-no-colapse-el-sistema-productivo-de-la-provincia","status":"publish","type":"post","link":"https:\/\/cdnoticias.com\/index.php\/2020\/10\/12\/es-un-momento-crucial-para-que-no-colapse-el-sistema-productivo-de-la-provincia\/","title":{"rendered":"\u201cEs un momento crucial para que no colapse el sistema productivo de la Provincia\u201d"},"content":{"rendered":"<p>El legislador bonaerense de Juntos por el Cambio, Juan Carrara, profundiz\u00f3 acerca de su proyecto sobre fortalecimiento de las pymes bonaerenses. Pide alivianar cargas tributarias pero adem\u00e1s \u201cun compromiso de parte de las empresas de querer ponerse al d\u00eda y generar productividad y trabajo\u201d. Entendi\u00f3 los tiempos del debate pero solicit\u00f3 tratamiento r\u00e1pido.<!--more--><\/p>\n<hr \/>\n<p>Mientras comienza su debate en comisiones, <strong>el diputado provincial de la S\u00e9ptima Secci\u00f3n, Juan Carrara, profundiz\u00f3 sobre su<a href=\"https:\/\/cdnoticias.com\/index.php\/2020\/09\/24\/legislatura-impulsan-proyecto-para-fortalecimiento-de-las-pymes-bonaerenses\/\" target=\"_blank\" rel=\"noopener\"> proyecto de fortalecimiento de las pymes bonaerenses<\/a><\/strong>, con un paquete de alivio tributario, facilitar acceso a cr\u00e9ditos y fomentar la reactivaci\u00f3n de este sector que brinda <em>\u201cel 70% del empleo en territorio bonaerense\u201d.<\/em><\/p>\n<p>&nbsp;<\/p>\n<p>En di\u00e1logo con Central de Noticias, Carrara se\u00f1al\u00f3 que el proyecto comenz\u00f3 a trabajarse <em>\u201csemanas antes del inicio de la pandemia\u201d<\/em> e indic\u00f3 que<strong> el trabajo se realiz\u00f3 junto a Federico Zin, Fabi\u00e1n Perechodnik, entre otros.<\/strong> <em>\u201cSoy vicepresidente de la comisi\u00f3n de Industria y vocal de la de Producci\u00f3n, y empezamos a trabajar con recorridos por entidades industriales para conocer un poco cu\u00e1l era la situaci\u00f3n\u201d.<\/em><\/p>\n<p>&nbsp;<\/p>\n<p>Tras el inicio de la pandemia, <em>\u201cestuvimos armando, generando reuniones, haciendo modificaciones y despu\u00e9s una vez que tuvimos la idea y los temas definidos, empezamos a trabajar\u201d<\/em>. All\u00ed, opin\u00f3: <strong><em>\u201cla situaci\u00f3n del sistema productivo de la Provincia y la Naci\u00f3n es complicada hace much\u00edsimos a\u00f1os. Mucho m\u00e1s con el tema de la pandemia\u201d.<\/em><\/strong><\/p>\n<p>&nbsp;<\/p>\n<p><img data-recalc-dims=\"1\" loading=\"lazy\" decoding=\"async\" class=\"alignnone size-full wp-image-2321\" src=\"https:\/\/i0.wp.com\/cdnoticias.com\/wp-content\/uploads\/2020\/09\/pymes-bonaerenses.jpg?resize=800%2C440&#038;ssl=1\" alt=\"\" width=\"800\" height=\"440\" srcset=\"https:\/\/i0.wp.com\/cdnoticias.com\/wp-content\/uploads\/2020\/09\/pymes-bonaerenses.jpg?w=1072&amp;ssl=1 1072w, https:\/\/i0.wp.com\/cdnoticias.com\/wp-content\/uploads\/2020\/09\/pymes-bonaerenses.jpg?resize=300%2C165&amp;ssl=1 300w, https:\/\/i0.wp.com\/cdnoticias.com\/wp-content\/uploads\/2020\/09\/pymes-bonaerenses.jpg?resize=768%2C422&amp;ssl=1 768w, https:\/\/i0.wp.com\/cdnoticias.com\/wp-content\/uploads\/2020\/09\/pymes-bonaerenses.jpg?resize=1024%2C563&amp;ssl=1 1024w\" sizes=\"auto, (max-width: 800px) 100vw, 800px\" \/><\/p>\n<p>&nbsp;<\/p>\n<p>Este tema, en tanto, gener\u00f3 que se agregaran algunos art\u00edculos a la normativa <em>\u201ccomo la exenci\u00f3n de la al\u00edcuota de ingresos brutos por el 100% por 6 meses para aquellas pymes que est\u00e1n en Emergencia Econ\u00f3mica. Eso es un alivio fiscal muy grande para esas empresas, y aparte de la alguna previsibilidad a mediano plazo\u201d.<\/em><\/p>\n<p>&nbsp;<\/p>\n<blockquote><p>La idea es acompa\u00f1ar con mayores ayudas tributarias \u201cpero eso tiene que venir tambi\u00e9n con un compromiso de parte de las empresas de querer ponerse al d\u00eda y querer generar productividad y generar trabajo. Es un acompa\u00f1amiento mutuo\u201d.<\/p><\/blockquote>\n<p>&nbsp;<\/p>\n<p>Carrara dej\u00f3 en claro que este<em> \u201c<strong>es un momento crucial para que no termine de colapsar el sistema productivo de la Provincia y creo que esta es una buena herramienta para acompa\u00f1arlos.<\/strong>\u00a0La realidad es que no hay una pyme que no quiera invertir, que no quiera crecer. Nosotros como Estado le tenemos que dar el acompa\u00f1amiento y las herramientas para que lo puedan hacer\u201d.<\/em><\/p>\n<p>&nbsp;<\/p>\n<p>La idea de los art\u00edculos agregados por la pandemia no se hizo muy extenso, seg\u00fan explic\u00f3, <em>\u201cporque ya hay una ley de Emergencia Pyme que sali\u00f3 de la Legislatura\u201d.<\/em><\/p>\n<p>&nbsp;<\/p>\n<p>Un interesante art\u00edculo del proyecto expresa que aquellas empresas que tengan <em>\u201csaldo a favor\u201d<\/em> de ingresos brutos no les retengan hasta que no se absorbe todo ese saldo a favor que tienen. <em>\u201cMuchas veces a las empresas le van reteniendo ingresos brutos y despu\u00e9s esa es plata que las empresas no pueden usar, queda ah\u00ed\u201d<\/em> dijo Carrara, y se\u00f1al\u00f3 que con ese dinero <strong><em>\u201chabilitamos a que se puedan pagar otros impuestos provinciales. Es plata que les queda a las empresas sin disponibilidad\u201d.<\/em><\/strong><\/p>\n<p>&nbsp;<\/p>\n<p>Otro punto importante es, en b\u00fasqueda de <em>\u201cestabilidad fiscal\u201d<\/em>, no aumentar la al\u00edcuota de ingresos brutos <em>\u201chasta el 31 de diciembre de 2023\u201d. \u201cEl problema principal que tienen muchas empresas en la actualidad es la imposibilidad de acceder a cr\u00e9ditos acordes. La realidad es que muchas empresas no pueden acceder a los cr\u00e9ditos que dan los bancos ni a los beneficios que otorg\u00f3 la Naci\u00f3n, porque lo que piden es para empresas que no tienen dificultades y las que est\u00e1n en dificultades y que realmente necesitan hacerse de un cr\u00e9dito para salir del pozo y para volver a producir, no pueden acceder\u201d.<\/em><\/p>\n<p>&nbsp;<\/p>\n<p><img data-recalc-dims=\"1\" loading=\"lazy\" decoding=\"async\" class=\"alignnone size-full wp-image-2322\" src=\"https:\/\/i0.wp.com\/cdnoticias.com\/wp-content\/uploads\/2020\/09\/diputado-Carrara.jpg?resize=800%2C801&#038;ssl=1\" alt=\"\" width=\"800\" height=\"801\" srcset=\"https:\/\/i0.wp.com\/cdnoticias.com\/wp-content\/uploads\/2020\/09\/diputado-Carrara.jpg?w=820&amp;ssl=1 820w, https:\/\/i0.wp.com\/cdnoticias.com\/wp-content\/uploads\/2020\/09\/diputado-Carrara.jpg?resize=150%2C150&amp;ssl=1 150w, https:\/\/i0.wp.com\/cdnoticias.com\/wp-content\/uploads\/2020\/09\/diputado-Carrara.jpg?resize=300%2C300&amp;ssl=1 300w, https:\/\/i0.wp.com\/cdnoticias.com\/wp-content\/uploads\/2020\/09\/diputado-Carrara.jpg?resize=768%2C769&amp;ssl=1 768w\" sizes=\"auto, (max-width: 800px) 100vw, 800px\" \/><\/p>\n<p>&nbsp;<\/p>\n<p>Con el<strong> Fondo de la Provincia de Buenos Aires para el Desarrollo de la Micro, Peque\u00f1a y Mediana Empresa para proyectos de inversi\u00f3n productiva<\/strong>, <em>\u201cbuscamos que esas empresas puedan acceder a un financiamiento mucho m\u00e1s f\u00e1cil, sin tantas trabas y que realmente llegue a las empresas que necesitan. Obviamente esos fondos tienen que ir destinados a generar puestos de trabajo, proyectos de producciones innovadoras, van a ir a empresas que est\u00e9n en zonas de menor competitividad, a proyectos de optimizaci\u00f3n del uso energ\u00e9tico\u201d<\/em>. Carrara la valor\u00f3 como una <strong><em>\u201cpol\u00edtica p\u00fablica a largo plazo\u201d.<\/em><\/strong><\/p>\n<p>&nbsp;<\/p>\n<p>En este sentido, opin\u00f3 que<em> \u201cla presi\u00f3n tributaria no s\u00f3lo a las empresas sino a la gente es tremenda. Argentina es un pa\u00eds con una presi\u00f3n impositiva muy grande, donde hist\u00f3ricamente se crean impuestos moment\u00e1neos que terminan en el tiempo\u201d.<\/em> Y record\u00f3 el<strong><em> \u201cimpuesto al cheque\u201d<\/em> <\/strong>que <em>\u201cse sigue pagando hoy en d\u00eda\u201d<\/em>. Incluso, lo vincul\u00f3 con el Impuesto a la Riqueza y que <strong><em>\u201cse dice que va a ser por \u00fanica vez, pero bueno, nosotros desgraciadamente tenemos las malas experiencias de que los impuestos vienen para quedarse\u201d.<\/em><\/strong><\/p>\n<p>&nbsp;<\/p>\n<blockquote><p>\u201cComo Estado tambi\u00e9n tenemos que dar un esfuerzo, tenemos que darle el apoyo a las empresas porque b\u00e1sicamente son las que generan trabajo y la que genera ingresos y genera riquezas al Estado. Cuanto m\u00e1s crecen las empresas, cuanto m\u00e1s crece el sistema productivo, m\u00e1s recauda el Estado\u201d.<\/p><\/blockquote>\n<p>&nbsp;<\/p>\n<p>Para cerrar, y tal como ha sido su mirada en el \u00faltimo tiempo,<em> \u201ctenemos la apertura para cualquier modificaci\u00f3n o cambio que se proponga hacer. No es que estamos cerrados en el tema. Es nuestra propuesta, lo que pensamos que es un buen camino para arrancar, pero estamos dispuestos a cualquier mejora, a cualquier modificaci\u00f3n que se pueda plantear\u201d.<\/em><\/p>\n<p>&nbsp;<\/p>\n<p>Si bien<em> \u201cva a depender mucho del oficialismo, nosotros tenemos minor\u00eda en todas las comisiones\u201d<\/em> indic\u00f3 que<em> \u201ces una Ley que vale la pena, que interesa y necesitamos darle respuesta al sector productivo ya. No en seis meses\u201d.<\/em><\/p>\n<p>&nbsp;<\/p>\n<blockquote><p>\u201cNosotros somos una oposici\u00f3n responsable, tratamos de dar herramientas al gobierno que creemos que sirven y valen la pena. Trataremos de sacarla la antes posible, porque la urgencia es ahora\u201d.<\/p><\/blockquote>\n<p>&nbsp;<\/p>\n<p>Carrara se\u00f1al\u00f3 que <em>\u201cla pol\u00edtica tiene que dejar de lado las rivalidades en estos casos\u2026 cuando haya que discutir de pol\u00edtica, discutamos de pol\u00edtica, pero ac\u00e1 no da por una cuesti\u00f3n de discusi\u00f3n, sino que va con una idea de dar soluci\u00f3n a un problema que es muy importante\u201d.<\/em><\/p>\n<p>&nbsp;<\/p>\n<p><strong>\u201c<em>Para salir adelante se necesita consenso, se necesita di\u00e1logo y trabajo entre el oficialismo y oposici\u00f3n\u201d<\/em> <\/strong>finaliz\u00f3 el diputado provincial.<\/p>\n","protected":false},"excerpt":{"rendered":"<p>El legislador bonaerense de Juntos por el Cambio, Juan Carrara, profundiz\u00f3 acerca de su proyecto sobre fortalecimiento de las pymes<\/p>\n","protected":false},"author":2,"featured_media":3736,"comment_status":"closed","ping_status":"closed","sticky":false,"template":"","format":"standard","meta":{"_jetpack_memberships_contains_paid_content":false,"footnotes":""},"categories":[4,1],"tags":[],"class_list":["post-3735","post","type-post","status-publish","format-standard","has-post-thumbnail","hentry","category-politica","category-portada"],"jetpack_featured_media_url":"https:\/\/i0.wp.com\/cdnoticias.com\/wp-content\/uploads\/2020\/10\/juan_carrara.jpg?fit=780%2C440&ssl=1","jetpack_sharing_enabled":true,"_links":{"self":[{"href":"https:\/\/cdnoticias.com\/index.php\/wp-json\/wp\/v2\/posts\/3735","targetHints":{"allow":["GET"]}}],"collection":[{"href":"https:\/\/cdnoticias.com\/index.php\/wp-json\/wp\/v2\/posts"}],"about":[{"href":"https:\/\/cdnoticias.com\/index.php\/wp-json\/wp\/v2\/types\/post"}],"author":[{"embeddable":true,"href":"https:\/\/cdnoticias.com\/index.php\/wp-json\/wp\/v2\/users\/2"}],"replies":[{"embeddable":true,"href":"https:\/\/cdnoticias.com\/index.php\/wp-json\/wp\/v2\/comments?post=3735"}],"version-history":[{"count":0,"href":"https:\/\/cdnoticias.com\/index.php\/wp-json\/wp\/v2\/posts\/3735\/revisions"}],"wp:featuredmedia":[{"embeddable":true,"href":"https:\/\/cdnoticias.com\/index.php\/wp-json\/wp\/v2\/media\/3736"}],"wp:attachment":[{"href":"https:\/\/cdnoticias.com\/index.php\/wp-json\/wp\/v2\/media?parent=3735"}],"wp:term":[{"taxonomy":"category","embeddable":true,"href":"https:\/\/cdnoticias.com\/index.php\/wp-json\/wp\/v2\/categories?post=3735"},{"taxonomy":"post_tag","embeddable":true,"href":"https:\/\/cdnoticias.com\/index.php\/wp-json\/wp\/v2\/tags?post=3735"}],"curies":[{"name":"wp","href":"https:\/\/api.w.org\/{rel}","templated":true}]}}