{"id":37341,"date":"2021-11-04T13:00:50","date_gmt":"2021-11-04T16:00:50","guid":{"rendered":"http:\/\/www.centraldenoticias.com.ar\/?p=37341"},"modified":"2021-11-04T13:00:50","modified_gmt":"2021-11-04T16:00:50","slug":"la-biblioteca-del-incuapa-lleva-el-nombre-de-patricia-madrid","status":"publish","type":"post","link":"https:\/\/cdnoticias.com\/index.php\/2021\/11\/04\/la-biblioteca-del-incuapa-lleva-el-nombre-de-patricia-madrid\/","title":{"rendered":"La Biblioteca del INCUAPA lleva el nombre de Patricia Madrid"},"content":{"rendered":"<p>En un emotivo acto se descubri\u00f3 la placa en la Biblioteca del Instituto de Investigaciones Arqueol\u00f3gicas y Paleontol\u00f3gicas del Cuaternario Pampeano (CONICET \u2013 UNICEN). La Dra. Patricia E. Madrid fue docente e investigadora de la FACSO.\u00a0<!--more--><\/p>\n<hr \/>\n<p><strong>\u201cDocente, investigadora y amiga\u201d,<\/strong> es la inscripci\u00f3n que acompa\u00f1a a la placa descubierta este lunes por la tarde en la <strong>Biblioteca del INCUAPA (Unidad Ejecutora CONICET \u2013 UNICEN)<\/strong>, radicado en la Facultad de Ciencias Sociales. <strong>La Dra. Patricia Madrid falleci\u00f3 el 20 de abril de 2021, y se desempe\u00f1aba como docente e investigadora de esta unidad acad\u00e9mica<\/strong>. Adem\u00e1s, fue Consejera Acad\u00e9mica, Consejera Superior y directora del Departamento de Arqueolog\u00eda de la FACSO.<\/p>\n<p>&nbsp;<\/p>\n<p>El homenaje fue <strong>encabezado por la decana de la FACSO, Lic. Gabriela Gamberini; el director del Instituto INCUAPA, Dr. Gustavo Politis<\/strong>, el codirector del INCUAPA, Lic. Jos\u00e9 Prado; y el director de la carrera de Arqueolog\u00eda, Dr. Gustavo Mart\u00ednez. Participaron adem\u00e1s el secretario de Extensi\u00f3n de la FACSO, Lic. Nicol\u00e1s Casado, e integrantes, docentes, estudiantes, no docentes e investigadores\/as del INCUAPA y la Facultad de Ciencias Sociales, muchos de los que compartieron actividades y experiencias con la Dra. Patricia Madrid.<\/p>\n<p><img data-recalc-dims=\"1\" loading=\"lazy\" decoding=\"async\" class=\"aligncenter wp-image-37353\" src=\"https:\/\/i0.wp.com\/cdnoticias.com\/wp-content\/uploads\/2021\/11\/facso-biblioteca-pato-madrid-3.jpg?resize=450%2C601&#038;ssl=1\" alt=\"\" width=\"450\" height=\"601\" srcset=\"https:\/\/i0.wp.com\/cdnoticias.com\/wp-content\/uploads\/2021\/11\/facso-biblioteca-pato-madrid-3.jpg?resize=767%2C1024&amp;ssl=1 767w, https:\/\/i0.wp.com\/cdnoticias.com\/wp-content\/uploads\/2021\/11\/facso-biblioteca-pato-madrid-3.jpg?resize=225%2C300&amp;ssl=1 225w, https:\/\/i0.wp.com\/cdnoticias.com\/wp-content\/uploads\/2021\/11\/facso-biblioteca-pato-madrid-3.jpg?resize=768%2C1025&amp;ssl=1 768w, https:\/\/i0.wp.com\/cdnoticias.com\/wp-content\/uploads\/2021\/11\/facso-biblioteca-pato-madrid-3.jpg?w=959&amp;ssl=1 959w\" sizes=\"auto, (max-width: 450px) 100vw, 450px\" \/><\/p>\n<p>&nbsp;<\/p>\n<blockquote><p>\u201cPatricia se dedic\u00f3 tanto a la docencia, a la investigaci\u00f3n, a la formaci\u00f3n de recursos humanos y a la participaci\u00f3n de gesti\u00f3n como consejera en la Universidad. Y destaco su calidez humana, la solidaridad con la gente, con los alumnos, con los compa\u00f1eros de trabajo. Siempre ha sido una persona muy querida, muy respetada por todos\u201d, refiri\u00f3 el Dr. Politis.<\/p><\/blockquote>\n<p>&nbsp;<\/p>\n<p>El director del INCUAPA reflexion\u00f3 que \u201ces un homenaje m\u00e1s que materializa ese cari\u00f1o que le ten\u00edamos y el reconocimiento que le quer\u00edamos hacer desde el INCUAPA, que en la vida acad\u00e9mica de Patricia fue su punto de referencia m\u00e1s importante. Logr\u00f3 desarrollarse m\u00e1s plenamente, encontr\u00f3 un ambiente m\u00e1s acogedor ac\u00e1 que en La Plata y por eso creo que <strong>nosotros \u00e9ramos su referencia, su sentimiento de pertenencia m\u00e1s importante<\/strong>\u201d.<\/p>\n<p>&nbsp;<\/p>\n<p><img data-recalc-dims=\"1\" loading=\"lazy\" decoding=\"async\" class=\"size-large wp-image-37351 aligncenter\" src=\"https:\/\/i0.wp.com\/cdnoticias.com\/wp-content\/uploads\/2021\/11\/facso-biblioteca-pato-madrid-1.jpg?resize=800%2C489&#038;ssl=1\" alt=\"\" width=\"800\" height=\"489\" srcset=\"https:\/\/i0.wp.com\/cdnoticias.com\/wp-content\/uploads\/2021\/11\/facso-biblioteca-pato-madrid-1.jpg?resize=1024%2C626&amp;ssl=1 1024w, https:\/\/i0.wp.com\/cdnoticias.com\/wp-content\/uploads\/2021\/11\/facso-biblioteca-pato-madrid-1.jpg?resize=300%2C183&amp;ssl=1 300w, https:\/\/i0.wp.com\/cdnoticias.com\/wp-content\/uploads\/2021\/11\/facso-biblioteca-pato-madrid-1.jpg?resize=768%2C470&amp;ssl=1 768w, https:\/\/i0.wp.com\/cdnoticias.com\/wp-content\/uploads\/2021\/11\/facso-biblioteca-pato-madrid-1.jpg?w=1089&amp;ssl=1 1089w\" sizes=\"auto, (max-width: 800px) 100vw, 800px\" \/><\/p>\n<p>&nbsp;<\/p>\n<p>Por su parte, la Lic. Gamberini refiri\u00f3 que \u201cPatricia a lo largo de la experiencia desde decanato, desde vicedecanato, desde el Consejo Acad\u00e9mico ha demostrado una impronta entusiasta y solidaria, de trabajo muy activo, de<strong> ir acompa\u00f1ando cada uno de los proyectos con mucho compromiso<\/strong>. Tanto los proyectos del Departamento, como la \u00faltima reforma del plan de Arqueolog\u00eda, como de otros proyectos que forman parte de la vida institucional de la Facultad y en cada uno de ellos aportaba su mirada con mucho criterio, y tambi\u00e9n una posici\u00f3n de \u00e1nimo para proponer y generar mejores propuestas\u201d.<\/p>\n<p>&nbsp;<\/p>\n<p>Mientras tanto, antes de que se descubriera la placa, el Dr. Mart\u00ednez la record\u00f3 como \u201cuna persona muy solidaria con todos nosotros, acompa\u00f1\u00f3 much\u00edsimo a muchos de nosotros en la formaci\u00f3n. <strong>En buena parte de nuestros caminos Patricia ha estado muy presente, no s\u00f3lo en cuestiones estrictamente acad\u00e9micas, sino que tienen que ver con cada uno de nosotros como personas<\/strong>. Sin dudas siempre la vamos a recordar con mucho amor y con afecto porque ha sido muy importante para muchos nosotros\u201d.<\/p>\n<p>&nbsp;<\/p>\n<p><img data-recalc-dims=\"1\" loading=\"lazy\" decoding=\"async\" class=\"size-large wp-image-37352 aligncenter\" src=\"https:\/\/i0.wp.com\/cdnoticias.com\/wp-content\/uploads\/2021\/11\/facso-biblioteca-pato-madrid-2.jpg?resize=800%2C450&#038;ssl=1\" alt=\"\" width=\"800\" height=\"450\" srcset=\"https:\/\/i0.wp.com\/cdnoticias.com\/wp-content\/uploads\/2021\/11\/facso-biblioteca-pato-madrid-2.jpg?resize=1024%2C576&amp;ssl=1 1024w, https:\/\/i0.wp.com\/cdnoticias.com\/wp-content\/uploads\/2021\/11\/facso-biblioteca-pato-madrid-2.jpg?resize=300%2C169&amp;ssl=1 300w, https:\/\/i0.wp.com\/cdnoticias.com\/wp-content\/uploads\/2021\/11\/facso-biblioteca-pato-madrid-2.jpg?resize=768%2C432&amp;ssl=1 768w, https:\/\/i0.wp.com\/cdnoticias.com\/wp-content\/uploads\/2021\/11\/facso-biblioteca-pato-madrid-2.jpg?w=1280&amp;ssl=1 1280w\" sizes=\"auto, (max-width: 800px) 100vw, 800px\" \/><\/p>\n","protected":false},"excerpt":{"rendered":"<p>En un emotivo acto se descubri\u00f3 la placa en la Biblioteca del Instituto de Investigaciones Arqueol\u00f3gicas y Paleontol\u00f3gicas del Cuaternario<\/p>\n","protected":false},"author":2,"featured_media":37354,"comment_status":"closed","ping_status":"closed","sticky":false,"template":"","format":"standard","meta":{"_jetpack_memberships_contains_paid_content":false,"footnotes":""},"categories":[5,1],"tags":[],"class_list":["post-37341","post","type-post","status-publish","format-standard","has-post-thumbnail","hentry","category-informacion-general","category-portada"],"jetpack_featured_media_url":"https:\/\/i0.wp.com\/cdnoticias.com\/wp-content\/uploads\/2021\/11\/facso-biblioteca-pato-madrid-4.jpg?fit=1196%2C665&ssl=1","jetpack_sharing_enabled":true,"_links":{"self":[{"href":"https:\/\/cdnoticias.com\/index.php\/wp-json\/wp\/v2\/posts\/37341","targetHints":{"allow":["GET"]}}],"collection":[{"href":"https:\/\/cdnoticias.com\/index.php\/wp-json\/wp\/v2\/posts"}],"about":[{"href":"https:\/\/cdnoticias.com\/index.php\/wp-json\/wp\/v2\/types\/post"}],"author":[{"embeddable":true,"href":"https:\/\/cdnoticias.com\/index.php\/wp-json\/wp\/v2\/users\/2"}],"replies":[{"embeddable":true,"href":"https:\/\/cdnoticias.com\/index.php\/wp-json\/wp\/v2\/comments?post=37341"}],"version-history":[{"count":0,"href":"https:\/\/cdnoticias.com\/index.php\/wp-json\/wp\/v2\/posts\/37341\/revisions"}],"wp:featuredmedia":[{"embeddable":true,"href":"https:\/\/cdnoticias.com\/index.php\/wp-json\/wp\/v2\/media\/37354"}],"wp:attachment":[{"href":"https:\/\/cdnoticias.com\/index.php\/wp-json\/wp\/v2\/media?parent=37341"}],"wp:term":[{"taxonomy":"category","embeddable":true,"href":"https:\/\/cdnoticias.com\/index.php\/wp-json\/wp\/v2\/categories?post=37341"},{"taxonomy":"post_tag","embeddable":true,"href":"https:\/\/cdnoticias.com\/index.php\/wp-json\/wp\/v2\/tags?post=37341"}],"curies":[{"name":"wp","href":"https:\/\/api.w.org\/{rel}","templated":true}]}}