{"id":37338,"date":"2021-11-02T09:30:29","date_gmt":"2021-11-02T12:30:29","guid":{"rendered":"http:\/\/www.centraldenoticias.com.ar\/?p=37338"},"modified":"2021-11-02T09:30:29","modified_gmt":"2021-11-02T12:30:29","slug":"hilario-galli-nosotros-respetamos-las-leyes-y-a-las-instituciones","status":"publish","type":"post","link":"https:\/\/cdnoticias.com\/index.php\/2021\/11\/02\/hilario-galli-nosotros-respetamos-las-leyes-y-a-las-instituciones\/","title":{"rendered":"Hilario Galli: \u201cnosotros respetamos las leyes y a las instituciones\u201d"},"content":{"rendered":"<p>El Secretario de Gobierno Municipal y candidato a Diputado Nacional de Juntos Hilario Galli critic\u00f3 a las autoridades que inauguraron la sucursal del Banco Provincia en el PIO por tener \u201ccandidatos inaugurando obras\u201d.\u00a0<!--more--><\/p>\n<hr \/>\n<p>Este martes, el Secretario de Gobierno Municipal Hilario Galli se refiri\u00f3 a la<em> &#8220;violaci\u00f3n del art\u00edculo 64 del C\u00f3digo nacional Electoral&#8221;<\/em> e<a href=\"https:\/\/cdnoticias.com\/index.php\/2021\/11\/01\/quedo-inaugurada-la-sede-del-banco-provincia-en-el-pio\/\" target=\"_blank\" rel=\"noopener\"><strong>n la inauguraci\u00f3n de la sucursal del Banco Provincia en el Parque Industrial de Olavarr\u00eda.<\/strong><\/a><\/p>\n<p>&nbsp;<\/p>\n<p>Adem\u00e1s,<strong> el propio funcionario record\u00f3 que las gestiones para la instalaci\u00f3n de la sucursal fueron iniciadas por el intendente municipal Ezequiel Galli ante el ex director del Banco Provincia Juan Curutchet.<\/strong><\/p>\n<p>&nbsp;<\/p>\n<p>En este sentido, dijo que<em> \u201csiempre es una alegr\u00eda cerrar ciclos, en este caso, uno que inici\u00f3 a\u00f1os atr\u00e1s con la gesti\u00f3n de Ezequiel Galli ante el Banco Provincia y que va a favorecer a tantos industriales locales\u201d.<\/em><\/p>\n<p>&nbsp;<\/p>\n<blockquote><p>Y agreg\u00f3: <em>\u201cl\u00e1stima que se vea empa\u00f1ado por la violaci\u00f3n del art 64 quarter del C\u00f3digo Electoral Nacional (sin contar que quienes iniciamos esta gesti\u00f3n no fuimos participados). Dos candidatos inaugurando una obra en tiempos de veda demuestra una vez m\u00e1s la diferencia de pa\u00eds que queremos\u201d.<\/em><\/p><\/blockquote>\n<p>&nbsp;<\/p>\n<p>Finalmente, Hilario Galli expres\u00f3: <strong><em>\u201csiempre del lado del respeto a las instituciones, y sobre todo del respeto a la ley. De las que escribimos y de las que no tambi\u00e9n\u201d.<\/em><\/strong><\/p>\n","protected":false},"excerpt":{"rendered":"<p>El Secretario de Gobierno Municipal y candidato a Diputado Nacional de Juntos Hilario Galli critic\u00f3 a las autoridades que inauguraron<\/p>\n","protected":false},"author":2,"featured_media":37339,"comment_status":"closed","ping_status":"closed","sticky":false,"template":"","format":"standard","meta":{"_jetpack_memberships_contains_paid_content":false,"footnotes":""},"categories":[4,1],"tags":[],"class_list":["post-37338","post","type-post","status-publish","format-standard","has-post-thumbnail","hentry","category-politica","category-portada"],"jetpack_featured_media_url":"https:\/\/i0.wp.com\/cdnoticias.com\/wp-content\/uploads\/2021\/11\/hilariogalli.jpeg?fit=1280%2C855&ssl=1","jetpack_sharing_enabled":true,"_links":{"self":[{"href":"https:\/\/cdnoticias.com\/index.php\/wp-json\/wp\/v2\/posts\/37338","targetHints":{"allow":["GET"]}}],"collection":[{"href":"https:\/\/cdnoticias.com\/index.php\/wp-json\/wp\/v2\/posts"}],"about":[{"href":"https:\/\/cdnoticias.com\/index.php\/wp-json\/wp\/v2\/types\/post"}],"author":[{"embeddable":true,"href":"https:\/\/cdnoticias.com\/index.php\/wp-json\/wp\/v2\/users\/2"}],"replies":[{"embeddable":true,"href":"https:\/\/cdnoticias.com\/index.php\/wp-json\/wp\/v2\/comments?post=37338"}],"version-history":[{"count":0,"href":"https:\/\/cdnoticias.com\/index.php\/wp-json\/wp\/v2\/posts\/37338\/revisions"}],"wp:featuredmedia":[{"embeddable":true,"href":"https:\/\/cdnoticias.com\/index.php\/wp-json\/wp\/v2\/media\/37339"}],"wp:attachment":[{"href":"https:\/\/cdnoticias.com\/index.php\/wp-json\/wp\/v2\/media?parent=37338"}],"wp:term":[{"taxonomy":"category","embeddable":true,"href":"https:\/\/cdnoticias.com\/index.php\/wp-json\/wp\/v2\/categories?post=37338"},{"taxonomy":"post_tag","embeddable":true,"href":"https:\/\/cdnoticias.com\/index.php\/wp-json\/wp\/v2\/tags?post=37338"}],"curies":[{"name":"wp","href":"https:\/\/api.w.org\/{rel}","templated":true}]}}