{"id":37334,"date":"2021-11-02T09:02:22","date_gmt":"2021-11-02T12:02:22","guid":{"rendered":"http:\/\/www.centraldenoticias.com.ar\/?p=37334"},"modified":"2021-11-02T09:02:22","modified_gmt":"2021-11-02T12:02:22","slug":"comienzan-a-llegar-turnos-para-recibir-terceras-dosis-contra-el-covid","status":"publish","type":"post","link":"https:\/\/cdnoticias.com\/index.php\/2021\/11\/02\/comienzan-a-llegar-turnos-para-recibir-terceras-dosis-contra-el-covid\/","title":{"rendered":"Comienzan a llegar turnos para recibir terceras dosis contra el COVID"},"content":{"rendered":"<p>Tendr\u00e1n prioridad personas inmunocomprometidas de todas las edades y mayores de 50 a\u00f1os que hayan completado su esquema con Sinopharm.\u00a0<!--more--><\/p>\n<hr \/>\n<p>En las pr\u00f3ximas horas<strong> la Provincia confirm\u00f3 que comenzar\u00e1n a llegar los turnos para recibir las terceras dosis de la vacuna contra el coronavirus<\/strong> a los residentes en la provincia de Buenos Aires. Los primeros grupos en recibir estas aplicaciones ser\u00e1n las <strong>personas inmunocomprometidas de todas las edades \u2013desde los 3 a\u00f1os- y mayores de 50 a\u00f1os que hayan completado su esquema inicial con Sinopharm.<\/strong><\/p>\n<p>&nbsp;<\/p>\n<p>El ministro de Salud bonaerense, Nicol\u00e1s Kreplak, expres\u00f3 al anunciarse la novedad de las terceras dosis que <em>\u201clos turnos se env\u00edan de manera autom\u00e1tica sin necesidad de reinscribirse\u201d<\/em>. <strong>Por lo tanto, quienes est\u00e9n incluidos en los grupos deber\u00e1n chequear la app Vacunate PBA o el correo electr\u00f3nico.<\/strong><\/p>\n<p>&nbsp;<\/p>\n<blockquote><p>La Comisi\u00f3n Nacional de Inmunizaciones (Conain) asesor\u00f3 al ministerio de Salud de la Naci\u00f3n en la decisi\u00f3n de sumar una dosis m\u00e1s a los esquemas hom\u00f3logos o combinados en esos dos grupos, con ciertos par\u00e1metros.<\/p><\/blockquote>\n<p>&nbsp;<\/p>\n<p><strong>En el caso de los mayores de 50 a\u00f1os se priorizar\u00e1 una dosis adicional heter\u00f3loga, es decir de otro laboratorio que no sea Sinopharm.<\/strong> En esa l\u00ednea, la recomendaci\u00f3n indica una vacuna de virus no replicativo, como AstraZeneca, Sputnik V y CanSino de acuerdo a su disponibilidad, seg\u00fan indic\u00f3 en el documento elaborado por la Direcci\u00f3n de Control de Enfermedades Inmunoprevenibles.<\/p>\n<p>&nbsp;<\/p>\n<p>En tanto, <strong>la recomendaci\u00f3n subraya que el intervalo m\u00ednimo de aplicaci\u00f3n de la dosis adicional no ser\u00e1 inferior a cuatro semanas desde la \u00faltima dosis del esquema primario<\/strong>, por lo que debe pasar m\u00ednimamente un mes de la segunda dosis.<\/p>\n<p>&nbsp;<\/p>\n<p>Por otro lado, <strong>las vacunas que podr\u00e1n recibir las personas inmunocomprometidas, var\u00edan de acuerdo al rango etario<\/strong>: si son mayores de 18 a\u00f1os con un esquema completo de Sputnik, AstraZeneca y Sinopharm o la combinaci\u00f3n de Sputnik con AstraZeneca o una dosis de una vacuna de ARNm (Pfizer o Moderna), podr\u00e1n recibir ahora el primer componente de Sputnik V, o bien una dosis de AstraZeneca si tienen entre 18 y 39 a\u00f1os, o solamente de AstraZeneca si superan los 40 a\u00f1os.<\/p>\n<p>&nbsp;<\/p>\n<p>En los menores de entre 3 y 11 a\u00f1os, el esquema de Sinopharm se completar\u00e1 con una tercera dosis de la misma marca, y en los menores de entre los 12 y 17, el esquema de dos dosis de ARNm se completar\u00e1 con otra dosis de la misma plataforma.<\/p>\n","protected":false},"excerpt":{"rendered":"<p>Tendr\u00e1n prioridad personas inmunocomprometidas de todas las edades y mayores de 50 a\u00f1os que hayan completado su esquema con Sinopharm.\u00a0<\/p>\n","protected":false},"author":2,"featured_media":12633,"comment_status":"closed","ping_status":"closed","sticky":false,"template":"","format":"standard","meta":{"_jetpack_memberships_contains_paid_content":false,"footnotes":""},"categories":[16,1],"tags":[],"class_list":["post-37334","post","type-post","status-publish","format-standard","has-post-thumbnail","hentry","category-covid-19","category-portada"],"jetpack_featured_media_url":"https:\/\/i0.wp.com\/cdnoticias.com\/wp-content\/uploads\/2021\/01\/vacunacion-covid02.jpg?fit=800%2C445&ssl=1","jetpack_sharing_enabled":true,"_links":{"self":[{"href":"https:\/\/cdnoticias.com\/index.php\/wp-json\/wp\/v2\/posts\/37334","targetHints":{"allow":["GET"]}}],"collection":[{"href":"https:\/\/cdnoticias.com\/index.php\/wp-json\/wp\/v2\/posts"}],"about":[{"href":"https:\/\/cdnoticias.com\/index.php\/wp-json\/wp\/v2\/types\/post"}],"author":[{"embeddable":true,"href":"https:\/\/cdnoticias.com\/index.php\/wp-json\/wp\/v2\/users\/2"}],"replies":[{"embeddable":true,"href":"https:\/\/cdnoticias.com\/index.php\/wp-json\/wp\/v2\/comments?post=37334"}],"version-history":[{"count":0,"href":"https:\/\/cdnoticias.com\/index.php\/wp-json\/wp\/v2\/posts\/37334\/revisions"}],"wp:featuredmedia":[{"embeddable":true,"href":"https:\/\/cdnoticias.com\/index.php\/wp-json\/wp\/v2\/media\/12633"}],"wp:attachment":[{"href":"https:\/\/cdnoticias.com\/index.php\/wp-json\/wp\/v2\/media?parent=37334"}],"wp:term":[{"taxonomy":"category","embeddable":true,"href":"https:\/\/cdnoticias.com\/index.php\/wp-json\/wp\/v2\/categories?post=37334"},{"taxonomy":"post_tag","embeddable":true,"href":"https:\/\/cdnoticias.com\/index.php\/wp-json\/wp\/v2\/tags?post=37334"}],"curies":[{"name":"wp","href":"https:\/\/api.w.org\/{rel}","templated":true}]}}