{"id":37331,"date":"2021-11-02T08:29:15","date_gmt":"2021-11-02T11:29:15","guid":{"rendered":"http:\/\/www.centraldenoticias.com.ar\/?p=37331"},"modified":"2021-11-02T08:29:15","modified_gmt":"2021-11-02T11:29:15","slug":"maria-victoria-felisberto-viuda-de-monteiro-q-e-p-d","status":"publish","type":"post","link":"https:\/\/cdnoticias.com\/index.php\/2021\/11\/02\/maria-victoria-felisberto-viuda-de-monteiro-q-e-p-d\/","title":{"rendered":"Mar\u00eda Victoria Felisberto viuda de Monteiro (Q.E.P.D.)"},"content":{"rendered":"<p>Falleci\u00f3 en Olavarr\u00eda el d\u00eda 2 de noviembre de 2021 a los 93 a\u00f1os de edad.<\/p>\n<p>&nbsp;<\/p>\n<p>Sus hijos: Alicia, Omar, Albertina, Luis, Mabel, Patricia y Marta. Sus hijos pol\u00edticos: Mabel Grierson, Marta Trezeguet, Carlos Lisiecki, Carlos Vitale, Fernando Morgado Bruno, Omar Pesci y Claudio Ressia. Sus nietos: Luciano y Fabiana Monteiro; Vanesa, Alexis y Sebasti\u00e1n Lisiecki; Ivana, Cintia y David Monteiro; Ver\u00f3nica, D\u00e9bora, Gast\u00f3n y Juan Cruz Ressia; Emmanuel Vitale; Marina Sbardolini, M. Victoria, Ludmila y Fiamma Pesci. Sus nietos pol\u00edticos, bisnietos, tatara-nieto y dem\u00e1s deudos participan su fallecimiento.<\/p>\n<p>&nbsp;<\/p>\n<p>Velatorio: Espa\u00f1a 2942, Depto. &#8220;D&#8221;, comienza 11:30. Responso: Capilla Ardiente. Inhumaci\u00f3n: Loma de Paz, martes 2 de noviembre a las 15:30. Servicio adherido a Coopelectric.<\/p>\n<p>&nbsp;<\/p>\n<p>Ex vecina de Loma Negra.<\/p>\n<p>&nbsp;<\/p>\n<p>Leiria, Portugal.<\/p>\n<p>&nbsp;<\/p>\n<p>Actividad que desarrollaba: Jubilada y Pensionada.<\/p>\n","protected":false},"excerpt":{"rendered":"<p>Falleci\u00f3 en Olavarr\u00eda el d\u00eda 2 de noviembre de 2021 a los 93 a\u00f1os de edad. &nbsp; Sus hijos: Alicia,<\/p>\n","protected":false},"author":4,"featured_media":0,"comment_status":"closed","ping_status":"closed","sticky":false,"template":"","format":"standard","meta":{"_jetpack_memberships_contains_paid_content":false,"footnotes":""},"categories":[10],"tags":[],"class_list":["post-37331","post","type-post","status-publish","format-standard","hentry","category-necrologicas"],"jetpack_featured_media_url":"","jetpack_sharing_enabled":true,"_links":{"self":[{"href":"https:\/\/cdnoticias.com\/index.php\/wp-json\/wp\/v2\/posts\/37331","targetHints":{"allow":["GET"]}}],"collection":[{"href":"https:\/\/cdnoticias.com\/index.php\/wp-json\/wp\/v2\/posts"}],"about":[{"href":"https:\/\/cdnoticias.com\/index.php\/wp-json\/wp\/v2\/types\/post"}],"author":[{"embeddable":true,"href":"https:\/\/cdnoticias.com\/index.php\/wp-json\/wp\/v2\/users\/4"}],"replies":[{"embeddable":true,"href":"https:\/\/cdnoticias.com\/index.php\/wp-json\/wp\/v2\/comments?post=37331"}],"version-history":[{"count":0,"href":"https:\/\/cdnoticias.com\/index.php\/wp-json\/wp\/v2\/posts\/37331\/revisions"}],"wp:attachment":[{"href":"https:\/\/cdnoticias.com\/index.php\/wp-json\/wp\/v2\/media?parent=37331"}],"wp:term":[{"taxonomy":"category","embeddable":true,"href":"https:\/\/cdnoticias.com\/index.php\/wp-json\/wp\/v2\/categories?post=37331"},{"taxonomy":"post_tag","embeddable":true,"href":"https:\/\/cdnoticias.com\/index.php\/wp-json\/wp\/v2\/tags?post=37331"}],"curies":[{"name":"wp","href":"https:\/\/api.w.org\/{rel}","templated":true}]}}