{"id":3733,"date":"2020-10-12T10:57:07","date_gmt":"2020-10-12T13:57:07","guid":{"rendered":"http:\/\/www.centraldenoticias.com.ar\/?p=3733"},"modified":"2020-10-12T12:44:16","modified_gmt":"2020-10-12T15:44:16","slug":"emergencia-sanitaria-el-intendente-convoco-a-una-conferencia-de-prensa","status":"publish","type":"post","link":"https:\/\/cdnoticias.com\/index.php\/2020\/10\/12\/emergencia-sanitaria-el-intendente-convoco-a-una-conferencia-de-prensa\/","title":{"rendered":"Emergencia sanitaria: el intendente convoc\u00f3 a una conferencia de prensa"},"content":{"rendered":"<p>Ser\u00e1 a las 20 horas, en el Sal\u00f3n Rivadavia. El anuncio se realiz\u00f3 horas despu\u00e9s de confirmarse que Olavarr\u00eda continuar\u00e1 en Fase 4. Se prev\u00e9 una actualizaci\u00f3n acerca de la situaci\u00f3n en nuestra ciudad.<!--more--><\/p>\n<hr \/>\n<p>Confirmado por fuentes municipales en la ma\u00f1ana de este lunes, <strong>a las 20 horas el Intendente Ezequiel Galli encabezar\u00e1 una conferencia de prensa<\/strong> en el marco de la emergencia sanitaria.<\/p>\n<p>&nbsp;<\/p>\n<blockquote><p>El di\u00e1logo del jefe comunal con los medios se dar\u00e1 horas despu\u00e9s de confirmar que <a href=\"https:\/\/cdnoticias.com\/index.php\/2020\/10\/12\/bianco-y-galli-acordaron-la-continuidad-de-la-fase-4-para-olavarria\/\" target=\"_blank\" rel=\"noopener\">Olavarr\u00eda seguir\u00e1 en Fase 4, tras un acuerdo con el funcionario Carlos Bianco, del gobierno de la Provincia.<\/a><\/p><\/blockquote>\n<p>&nbsp;<\/p>\n<p><strong>Se prev\u00e9 una actualizaci\u00f3n acerca de la situaci\u00f3n sanitaria de la ciudad<\/strong>, desde la ocupaci\u00f3n hospitalaria pasando por el informe diario de casos nuevos, altas y trabajo epidemiol\u00f3gico realizado por la Secretaria de Salud comunal.<\/p>\n<p>&nbsp;<\/p>\n<p>Las novedades ser\u00e1n transmitidas por <a href=\"https:\/\/www.facebook.com\/cdnolavarria\/\" target=\"_blank\" rel=\"noopener\">Central de Noticias \u2013 Olavarr\u00eda en su canal de Facebook en vivo. \u00a0<\/a><\/p>\n","protected":false},"excerpt":{"rendered":"<p>Ser\u00e1 a las 20 horas, en el Sal\u00f3n Rivadavia. El anuncio se realiz\u00f3 horas despu\u00e9s de confirmarse que Olavarr\u00eda continuar\u00e1<\/p>\n","protected":false},"author":2,"featured_media":2204,"comment_status":"closed","ping_status":"closed","sticky":false,"template":"","format":"standard","meta":{"_jetpack_memberships_contains_paid_content":false,"footnotes":""},"categories":[5,1],"tags":[],"class_list":["post-3733","post","type-post","status-publish","format-standard","has-post-thumbnail","hentry","category-informacion-general","category-portada"],"jetpack_featured_media_url":"https:\/\/i0.wp.com\/cdnoticias.com\/wp-content\/uploads\/2020\/09\/Conferencia6.jpeg?fit=1280%2C853&ssl=1","jetpack_sharing_enabled":true,"_links":{"self":[{"href":"https:\/\/cdnoticias.com\/index.php\/wp-json\/wp\/v2\/posts\/3733","targetHints":{"allow":["GET"]}}],"collection":[{"href":"https:\/\/cdnoticias.com\/index.php\/wp-json\/wp\/v2\/posts"}],"about":[{"href":"https:\/\/cdnoticias.com\/index.php\/wp-json\/wp\/v2\/types\/post"}],"author":[{"embeddable":true,"href":"https:\/\/cdnoticias.com\/index.php\/wp-json\/wp\/v2\/users\/2"}],"replies":[{"embeddable":true,"href":"https:\/\/cdnoticias.com\/index.php\/wp-json\/wp\/v2\/comments?post=3733"}],"version-history":[{"count":0,"href":"https:\/\/cdnoticias.com\/index.php\/wp-json\/wp\/v2\/posts\/3733\/revisions"}],"wp:featuredmedia":[{"embeddable":true,"href":"https:\/\/cdnoticias.com\/index.php\/wp-json\/wp\/v2\/media\/2204"}],"wp:attachment":[{"href":"https:\/\/cdnoticias.com\/index.php\/wp-json\/wp\/v2\/media?parent=3733"}],"wp:term":[{"taxonomy":"category","embeddable":true,"href":"https:\/\/cdnoticias.com\/index.php\/wp-json\/wp\/v2\/categories?post=3733"},{"taxonomy":"post_tag","embeddable":true,"href":"https:\/\/cdnoticias.com\/index.php\/wp-json\/wp\/v2\/tags?post=3733"}],"curies":[{"name":"wp","href":"https:\/\/api.w.org\/{rel}","templated":true}]}}