{"id":37304,"date":"2021-11-01T18:15:45","date_gmt":"2021-11-01T21:15:45","guid":{"rendered":"http:\/\/www.centraldenoticias.com.ar\/?p=37304"},"modified":"2021-11-02T08:58:26","modified_gmt":"2021-11-02T11:58:26","slug":"el-ceco-denuncio-que-garbarino-presiona-a-sus-trabajadores-con-una-propuesta-de-retiro-voluntario-ilegal","status":"publish","type":"post","link":"https:\/\/cdnoticias.com\/index.php\/2021\/11\/01\/el-ceco-denuncio-que-garbarino-presiona-a-sus-trabajadores-con-una-propuesta-de-retiro-voluntario-ilegal\/","title":{"rendered":"El CECO denunci\u00f3 que Garbarino \u201cpresiona a sus trabajadores con una propuesta de retiro voluntario ilegal\u201d"},"content":{"rendered":"<p>Se trata de la firma de electrodom\u00e9sticos que cerr\u00f3 la sucursal de nuestra ciudad el pasado mes de junio.<!--more--><\/p>\n<hr \/>\n<p>El Centro Empleados de Comercio alert\u00f3 a los trabajadores y trabajadoras de Garbarino S.A. que la propuesta de retiro voluntario que la empresa est\u00e1 impulsando por estos d\u00edas para firmar <strong>\u201cno es legal ni representa los montos que corresponden a las indemnizaciones por despido\u201d.<\/strong><\/p>\n<p>&nbsp;<\/p>\n<p>La situaci\u00f3n fue expuesta en un comunicado remitido a los medios locales en la jornada de este lunes. En ese escrito se plante\u00f3 que <strong>\u201cel gremio mercantil est\u00e1 recomendando a sus afiliados no suscribir esas iniciativas que desde la empresa est\u00e1n haciendo circular por correo electr\u00f3nico a los y las trabajadoras involucradas\u201d<\/strong>.<\/p>\n<p>&nbsp;<\/p>\n<p><img data-recalc-dims=\"1\" loading=\"lazy\" decoding=\"async\" class=\"alignnone size-full wp-image-1608\" src=\"https:\/\/i0.wp.com\/cdnoticias.com\/wp-content\/uploads\/2020\/09\/CECO2.jpg?resize=799%2C449&#038;ssl=1\" alt=\"\" width=\"799\" height=\"449\" srcset=\"https:\/\/i0.wp.com\/cdnoticias.com\/wp-content\/uploads\/2020\/09\/CECO2.jpg?w=799&amp;ssl=1 799w, https:\/\/i0.wp.com\/cdnoticias.com\/wp-content\/uploads\/2020\/09\/CECO2.jpg?resize=300%2C169&amp;ssl=1 300w, https:\/\/i0.wp.com\/cdnoticias.com\/wp-content\/uploads\/2020\/09\/CECO2.jpg?resize=768%2C432&amp;ssl=1 768w\" sizes=\"auto, (max-width: 799px) 100vw, 799px\" \/><\/p>\n<p>&nbsp;<\/p>\n<p>\u201cEste tipo de acciones, adem\u00e1s de traer incertidumbre al personal, <strong>no poseen el aval ni el acuerdo de ning\u00fan sindicato de comercio ni de la Federaci\u00f3n Argentina de Empleados de Comercio y Servicios<\/strong>, que representan los intereses de todos los trabajadores de comercio del pa\u00eds\u201d, a\u00f1adieron.<\/p>\n<p>&nbsp;<\/p>\n<p>Por \u00faltimo se puso el acento en que la firma emplea en Olavarr\u00eda a seis trabajadores, quienes se desempe\u00f1an en el local de la calle Vicente L\u00f3pez que desde hac\u00eda tiempo solo se destinaba al cobro de cuotas. <strong>Desde julio, al igual que en el resto del pa\u00eds, la sucursal local tambi\u00e9n cerr\u00f3 sus puertas.<\/strong><\/p>\n","protected":false},"excerpt":{"rendered":"<p>Se trata de la firma de electrodom\u00e9sticos que cerr\u00f3 la sucursal de nuestra ciudad el pasado mes de junio.<\/p>\n","protected":false},"author":3,"featured_media":37305,"comment_status":"closed","ping_status":"closed","sticky":false,"template":"","format":"standard","meta":{"_jetpack_memberships_contains_paid_content":false,"footnotes":""},"categories":[5,1],"tags":[],"class_list":["post-37304","post","type-post","status-publish","format-standard","has-post-thumbnail","hentry","category-informacion-general","category-portada"],"jetpack_featured_media_url":"https:\/\/i0.wp.com\/cdnoticias.com\/wp-content\/uploads\/2021\/11\/CECO.jpg?fit=800%2C445&ssl=1","jetpack_sharing_enabled":true,"_links":{"self":[{"href":"https:\/\/cdnoticias.com\/index.php\/wp-json\/wp\/v2\/posts\/37304","targetHints":{"allow":["GET"]}}],"collection":[{"href":"https:\/\/cdnoticias.com\/index.php\/wp-json\/wp\/v2\/posts"}],"about":[{"href":"https:\/\/cdnoticias.com\/index.php\/wp-json\/wp\/v2\/types\/post"}],"author":[{"embeddable":true,"href":"https:\/\/cdnoticias.com\/index.php\/wp-json\/wp\/v2\/users\/3"}],"replies":[{"embeddable":true,"href":"https:\/\/cdnoticias.com\/index.php\/wp-json\/wp\/v2\/comments?post=37304"}],"version-history":[{"count":0,"href":"https:\/\/cdnoticias.com\/index.php\/wp-json\/wp\/v2\/posts\/37304\/revisions"}],"wp:featuredmedia":[{"embeddable":true,"href":"https:\/\/cdnoticias.com\/index.php\/wp-json\/wp\/v2\/media\/37305"}],"wp:attachment":[{"href":"https:\/\/cdnoticias.com\/index.php\/wp-json\/wp\/v2\/media?parent=37304"}],"wp:term":[{"taxonomy":"category","embeddable":true,"href":"https:\/\/cdnoticias.com\/index.php\/wp-json\/wp\/v2\/categories?post=37304"},{"taxonomy":"post_tag","embeddable":true,"href":"https:\/\/cdnoticias.com\/index.php\/wp-json\/wp\/v2\/tags?post=37304"}],"curies":[{"name":"wp","href":"https:\/\/api.w.org\/{rel}","templated":true}]}}