{"id":37299,"date":"2021-11-04T08:10:29","date_gmt":"2021-11-04T11:10:29","guid":{"rendered":"http:\/\/www.centraldenoticias.com.ar\/?p=37299"},"modified":"2021-11-04T10:33:06","modified_gmt":"2021-11-04T13:33:06","slug":"un-aplauso-al-asador-la-grilla-completa-de-artistas","status":"publish","type":"post","link":"https:\/\/cdnoticias.com\/index.php\/2021\/11\/04\/un-aplauso-al-asador-la-grilla-completa-de-artistas\/","title":{"rendered":"\u201cUn Aplauso al Asador\u201d: la grilla completa de artistas"},"content":{"rendered":"<p>Se realizar\u00e1 el domingo 7 en el parque Helios Eseverri. M\u00e1s de 30 instituciones en el predio, shows de m\u00fasica y danza.<!--more--><\/p>\n<hr \/>\n<p>&nbsp;<\/p>\n<p>Una nueva edici\u00f3n de<strong> &#8220;Un aplauso al Asador&#8221;<\/strong> se realizar\u00e1 el pr\u00f3ximo<strong> 7 de noviembre en el Parque Helios Eseverri<\/strong>.\u00a0Comenzar\u00e1 al mediod\u00eda luego del acto protocolar de apertura, anunciado a las <strong>11:00.<\/strong><\/p>\n<p>&nbsp;<\/p>\n<p>&#8220;Como todos los a\u00f1os, este evento tiene como <strong>eje principal el trabajo conjunto con las instituciones <\/strong>de nuestro Partido: este a\u00f1o ser\u00e1n <strong>m\u00e1s de 30 las que participar\u00e1n<\/strong> con la <strong>preparaci\u00f3n y venta de comidas t\u00edpicas criollas<\/strong>&#8221; se indic\u00f3.<\/p>\n<p>&nbsp;<\/p>\n<p>Dicho acto tendr\u00e1\u00a0la participaci\u00f3n del <strong>Ballet Folkl\u00f3rico Municipal<\/strong> y del m\u00fasico local <strong>Jos\u00e9 Lucero Pedraz<\/strong> quien interpretar\u00e1 el Triunfo. Asimismo, la fiesta contar\u00e1 con un <strong>escenario dedicado al folklore<\/strong>, <a href=\"https:\/\/cdnoticias.com\/index.php\/2021\/10\/18\/cierra-la-convocatoria-para-un-aplauso-al-asador\/\" target=\"_blank\" rel=\"noopener\">conformado por m\u00fasicos y bailarines locales<\/a><strong>.<\/strong><\/p>\n<p>&nbsp;<\/p>\n<p><strong>Grilla completa de artistas<\/strong><\/p>\n<p>&nbsp;<\/p>\n<ul>\n<li>12:00 Apertura del Ballet Folkl\u00f3rico Municipal con artistas invitados quienes interpretar\u00e1n \u201cT\u00edpica y Caracter\u00edstica\u201d.<\/li>\n<li>13:00 H\u00e9ctor Leira, quien realizar\u00e1 recitado criollo.<\/li>\n<li>13:30 Campero Campero<\/li>\n<li>14:00 Martin Barraza<\/li>\n<li>14:30 Walter Bormida<\/li>\n<li>15:00 Ballet Ay\u00fan Purr\u00fan<\/li>\n<li>15:30 Grupo Ulkan Follil<\/li>\n<li>16:00 Pablo Gonz\u00e1lez<\/li>\n<li>16:30 Diego Gonz\u00e1lez<\/li>\n<li>17:00 Ballet Origen Criollo<\/li>\n<li>17:30 Grupo Reche<\/li>\n<li>18:00 Nicol\u00e1s Centineo<\/li>\n<li>18:30 Jos\u00e9 Lucero Pedraz<\/li>\n<\/ul>\n<p>&nbsp;<\/p>\n<p>Por \u00faltimo, se destac\u00f3 que &#8220;si bien todos los a\u00f1os se realiza un trabajo conjunto con las \u00e1reas de <strong>Salud y Bromatolog\u00eda,<\/strong> este a\u00f1o se ha profundizado la labor para procurar los <strong>cuidados sanitarios correspondientes&#8221;.<\/strong><\/p>\n","protected":false},"excerpt":{"rendered":"<p>Se realizar\u00e1 el domingo 7 en el parque Helios Eseverri. M\u00e1s de 30 instituciones en el predio, shows de m\u00fasica<\/p>\n","protected":false},"author":6,"featured_media":35941,"comment_status":"closed","ping_status":"closed","sticky":false,"template":"","format":"standard","meta":{"_jetpack_memberships_contains_paid_content":false,"footnotes":""},"categories":[9,1],"tags":[],"class_list":["post-37299","post","type-post","status-publish","format-standard","has-post-thumbnail","hentry","category-cultura","category-portada"],"jetpack_featured_media_url":"https:\/\/i0.wp.com\/cdnoticias.com\/wp-content\/uploads\/2021\/10\/Apertura-34-Aplauso-Asador-1-1024x683.jpg?fit=1024%2C683&ssl=1","jetpack_sharing_enabled":true,"_links":{"self":[{"href":"https:\/\/cdnoticias.com\/index.php\/wp-json\/wp\/v2\/posts\/37299","targetHints":{"allow":["GET"]}}],"collection":[{"href":"https:\/\/cdnoticias.com\/index.php\/wp-json\/wp\/v2\/posts"}],"about":[{"href":"https:\/\/cdnoticias.com\/index.php\/wp-json\/wp\/v2\/types\/post"}],"author":[{"embeddable":true,"href":"https:\/\/cdnoticias.com\/index.php\/wp-json\/wp\/v2\/users\/6"}],"replies":[{"embeddable":true,"href":"https:\/\/cdnoticias.com\/index.php\/wp-json\/wp\/v2\/comments?post=37299"}],"version-history":[{"count":0,"href":"https:\/\/cdnoticias.com\/index.php\/wp-json\/wp\/v2\/posts\/37299\/revisions"}],"wp:featuredmedia":[{"embeddable":true,"href":"https:\/\/cdnoticias.com\/index.php\/wp-json\/wp\/v2\/media\/35941"}],"wp:attachment":[{"href":"https:\/\/cdnoticias.com\/index.php\/wp-json\/wp\/v2\/media?parent=37299"}],"wp:term":[{"taxonomy":"category","embeddable":true,"href":"https:\/\/cdnoticias.com\/index.php\/wp-json\/wp\/v2\/categories?post=37299"},{"taxonomy":"post_tag","embeddable":true,"href":"https:\/\/cdnoticias.com\/index.php\/wp-json\/wp\/v2\/tags?post=37299"}],"curies":[{"name":"wp","href":"https:\/\/api.w.org\/{rel}","templated":true}]}}