{"id":37275,"date":"2021-11-01T13:08:13","date_gmt":"2021-11-01T16:08:13","guid":{"rendered":"http:\/\/www.centraldenoticias.com.ar\/?p=37275"},"modified":"2021-11-01T15:57:18","modified_gmt":"2021-11-01T18:57:18","slug":"nueva-sede-del-bapro-longo-subrayo-la-importancia-que-tiene-la-industria-de-olavarria","status":"publish","type":"post","link":"https:\/\/cdnoticias.com\/index.php\/2021\/11\/01\/nueva-sede-del-bapro-longo-subrayo-la-importancia-que-tiene-la-industria-de-olavarria\/","title":{"rendered":"Nueva sede del Bapro: Longo subray\u00f3 \u201cla importancia que tiene la industria de Olavarr\u00eda\u201d"},"content":{"rendered":"<p>El presidente de la Uni\u00f3n Industrial se refiri\u00f3 al servicio que prestar\u00e1 la sucursal para empresas y trabajadores.<!--more--><\/p>\n<hr \/>\n<p><strong>\u201cEs algo importante\u201d defini\u00f3 este lunes C\u00e9sar Longo la apertura de la sede del Banco Provincia en el Parque Industrial<\/strong> <a href=\"https:\/\/cdnoticias.com\/index.php\/2021\/11\/01\/quedo-inaugurada-la-sede-del-banco-provincia-en-el-pio\/\" target=\"_blank\" rel=\"noopener\">en la ma\u00f1ana de este lunes<\/a>. El presidente de la Uni\u00f3n Industrial se\u00f1al\u00f3 que se busca poner de relevancia \u201ctodo lo significa para la entrega de cr\u00e9ditos\u201d y que <strong>la instalaci\u00f3n de la sede destaca la \u201cimportancia que tiene la industria de Olavarr\u00eda\u201d<\/strong>.<\/p>\n<p>&nbsp;<\/p>\n<p>\u201cQue haya una sucursal que se dedique a las industrias y a las empresas eso habla de las personas\u201d se\u00f1al\u00f3 al tiempo que defini\u00f3 que \u201ces un primer paso\u201d para lograr el objetivo de la Uni\u00f3n Industrial de Olavarr\u00eda: <strong>\u201cque haya celeridad de los temas y que las pymes se sientan atendidas\u201d<\/strong>.<\/p>\n<p>&nbsp;<\/p>\n<p><img data-recalc-dims=\"1\" loading=\"lazy\" decoding=\"async\" class=\"size-large wp-image-37253 aligncenter\" src=\"https:\/\/i0.wp.com\/cdnoticias.com\/wp-content\/uploads\/2021\/11\/banco-provincia5.jpg?resize=800%2C445&#038;ssl=1\" alt=\"\" width=\"800\" height=\"445\" srcset=\"https:\/\/i0.wp.com\/cdnoticias.com\/wp-content\/uploads\/2021\/11\/banco-provincia5.jpg?resize=1024%2C570&amp;ssl=1 1024w, https:\/\/i0.wp.com\/cdnoticias.com\/wp-content\/uploads\/2021\/11\/banco-provincia5.jpg?resize=300%2C167&amp;ssl=1 300w, https:\/\/i0.wp.com\/cdnoticias.com\/wp-content\/uploads\/2021\/11\/banco-provincia5.jpg?resize=768%2C427&amp;ssl=1 768w, https:\/\/i0.wp.com\/cdnoticias.com\/wp-content\/uploads\/2021\/11\/banco-provincia5.jpg?resize=800%2C445&amp;ssl=1 800w, https:\/\/i0.wp.com\/cdnoticias.com\/wp-content\/uploads\/2021\/11\/banco-provincia5.jpg?w=1600&amp;ssl=1 1600w, https:\/\/i0.wp.com\/cdnoticias.com\/wp-content\/uploads\/2021\/11\/banco-provincia5.jpg?w=2400&amp;ssl=1 2400w\" sizes=\"auto, (max-width: 800px) 100vw, 800px\" \/><\/p>\n<p>&nbsp;<\/p>\n<p>A su vez, resalt\u00f3 que m\u00e1s all\u00e1 de la atenci\u00f3n a los empresarios, tambi\u00e9n brindar\u00e1 un servicio importante para los trabajadores. \u201c<strong>Tener un cajero a mano es fundamental<\/strong> porque todos lo tienen a pocos minutos caminando y pueden hacer la operatoria que necesiten. En todo lo que es PIO <strong>trabajan alrededor de 3.500 personas<\/strong>\u201d dijo.<\/p>\n<p>&nbsp;<\/p>\n<p>Longo indic\u00f3 que <strong>hace tres a\u00f1os se hab\u00eda firmado el contrato del Parque Industrial con el Banco Provincia<\/strong>. Fue \u201cen la anterior administraci\u00f3n\u201d aunque \u201cdespu\u00e9s por una decisi\u00f3n pol\u00edtica qued\u00f3 en stand by\u201d. <em>\u201cTanto insistir la Uni\u00f3n Industrial de Olavarr\u00eda las veces que nos juntamos con el Gobernador y la \u00faltima vez que vino (el ministro) Augusto Costa a Olavarr\u00eda le dijimos por qu\u00e9 era necesario tener esta sucursal\u201d<\/em> sostuvo.<\/p>\n<p>&nbsp;<\/p>\n<p>En cuanto al funcionamiento de la nueva sede indic\u00f3 que<strong> \u201ces una filial de la sucursal del centro, se puede hacer todas las operatorias\u201d<\/strong>. La atenci\u00f3n est\u00e1 a cargo de ejecutivos en operatoria de empresas, aunque tambi\u00e9n se atender\u00e1n las demandas habituales de una sede bancaria.<\/p>\n<p>&nbsp;<\/p>\n<p><img data-recalc-dims=\"1\" loading=\"lazy\" decoding=\"async\" class=\"size-large wp-image-37260 aligncenter\" src=\"https:\/\/i0.wp.com\/cdnoticias.com\/wp-content\/uploads\/2021\/11\/banco-provincia9.jpg?resize=800%2C445&#038;ssl=1\" alt=\"\" width=\"800\" height=\"445\" srcset=\"https:\/\/i0.wp.com\/cdnoticias.com\/wp-content\/uploads\/2021\/11\/banco-provincia9.jpg?resize=1024%2C570&amp;ssl=1 1024w, https:\/\/i0.wp.com\/cdnoticias.com\/wp-content\/uploads\/2021\/11\/banco-provincia9.jpg?resize=300%2C167&amp;ssl=1 300w, https:\/\/i0.wp.com\/cdnoticias.com\/wp-content\/uploads\/2021\/11\/banco-provincia9.jpg?resize=768%2C427&amp;ssl=1 768w, https:\/\/i0.wp.com\/cdnoticias.com\/wp-content\/uploads\/2021\/11\/banco-provincia9.jpg?resize=800%2C445&amp;ssl=1 800w, https:\/\/i0.wp.com\/cdnoticias.com\/wp-content\/uploads\/2021\/11\/banco-provincia9.jpg?w=1600&amp;ssl=1 1600w, https:\/\/i0.wp.com\/cdnoticias.com\/wp-content\/uploads\/2021\/11\/banco-provincia9.jpg?w=2400&amp;ssl=1 2400w\" sizes=\"auto, (max-width: 800px) 100vw, 800px\" \/><\/p>\n","protected":false},"excerpt":{"rendered":"<p>El presidente de la Uni\u00f3n Industrial se refiri\u00f3 al servicio que prestar\u00e1 la sucursal para empresas y trabajadores.<\/p>\n","protected":false},"author":4,"featured_media":37258,"comment_status":"closed","ping_status":"closed","sticky":false,"template":"","format":"standard","meta":{"_jetpack_memberships_contains_paid_content":false,"footnotes":""},"categories":[5,1],"tags":[],"class_list":["post-37275","post","type-post","status-publish","format-standard","has-post-thumbnail","hentry","category-informacion-general","category-portada"],"jetpack_featured_media_url":"https:\/\/i0.wp.com\/cdnoticias.com\/wp-content\/uploads\/2021\/11\/banco-provincia8.jpg?fit=4608%2C3072&ssl=1","jetpack_sharing_enabled":true,"_links":{"self":[{"href":"https:\/\/cdnoticias.com\/index.php\/wp-json\/wp\/v2\/posts\/37275","targetHints":{"allow":["GET"]}}],"collection":[{"href":"https:\/\/cdnoticias.com\/index.php\/wp-json\/wp\/v2\/posts"}],"about":[{"href":"https:\/\/cdnoticias.com\/index.php\/wp-json\/wp\/v2\/types\/post"}],"author":[{"embeddable":true,"href":"https:\/\/cdnoticias.com\/index.php\/wp-json\/wp\/v2\/users\/4"}],"replies":[{"embeddable":true,"href":"https:\/\/cdnoticias.com\/index.php\/wp-json\/wp\/v2\/comments?post=37275"}],"version-history":[{"count":0,"href":"https:\/\/cdnoticias.com\/index.php\/wp-json\/wp\/v2\/posts\/37275\/revisions"}],"wp:featuredmedia":[{"embeddable":true,"href":"https:\/\/cdnoticias.com\/index.php\/wp-json\/wp\/v2\/media\/37258"}],"wp:attachment":[{"href":"https:\/\/cdnoticias.com\/index.php\/wp-json\/wp\/v2\/media?parent=37275"}],"wp:term":[{"taxonomy":"category","embeddable":true,"href":"https:\/\/cdnoticias.com\/index.php\/wp-json\/wp\/v2\/categories?post=37275"},{"taxonomy":"post_tag","embeddable":true,"href":"https:\/\/cdnoticias.com\/index.php\/wp-json\/wp\/v2\/tags?post=37275"}],"curies":[{"name":"wp","href":"https:\/\/api.w.org\/{rel}","templated":true}]}}