{"id":37261,"date":"2021-11-01T11:29:03","date_gmt":"2021-11-01T14:29:03","guid":{"rendered":"http:\/\/www.centraldenoticias.com.ar\/?p=37261"},"modified":"2021-11-01T11:29:03","modified_gmt":"2021-11-01T14:29:03","slug":"quedo-inaugurada-la-sede-del-banco-provincia-en-el-pio","status":"publish","type":"post","link":"https:\/\/cdnoticias.com\/index.php\/2021\/11\/01\/quedo-inaugurada-la-sede-del-banco-provincia-en-el-pio\/","title":{"rendered":"Qued\u00f3 inaugurada la sede del Banco Provincia en el PIO"},"content":{"rendered":"<p>Estuvieron los representantes de la Uni\u00f3n Industrial, de la Asociaci\u00f3n del Parque Industrial, funcionarios de la Provincia y empresarios del sector.<!--more--><\/p>\n<hr \/>\n<p>En la ma\u00f1ana de este lunes <strong>qued\u00f3 inaugurada la sede del Banco Provincia en el Parque Industrial de Olavarr\u00eda<\/strong>. Se trata de una oficina que hab\u00eda sido gestionada hace m\u00e1s de tres a\u00f1os y cuya puesta en marcha<a href=\"https:\/\/cdnoticias.com\/index.php\/2021\/10\/14\/el-ministro-de-la-produccion-llego-a-olavarria-y-se-reunio-con-empresarios-e-industriales\/\" target=\"_blank\" rel=\"noopener\"> fue anunciada por el ministro de Producci\u00f3n bonaerense, Augusto Costa, y el titular del Banco Provincia, Juan Cuattromo<\/a>, hace dos semanas en su visita a Olavarr\u00eda.<\/p>\n<p>&nbsp;<\/p>\n<p><strong>En el acto de inauguraci\u00f3n hablaron el presidente de la Uni\u00f3n Industrial, C\u00e9sar Longo<\/strong>, el gerente de la sucursal centro del Banco Provincia, <strong>Fernando Lospinosa<\/strong>, y el subsecretario de Miner\u00eda de la provincia y principal dirigente del Frente de Todos a nivel local, <strong>Federico Aguilera<\/strong>.<\/p>\n<p>&nbsp;<\/p>\n<p><img data-recalc-dims=\"1\" loading=\"lazy\" decoding=\"async\" class=\"size-full wp-image-37257 aligncenter\" src=\"https:\/\/i0.wp.com\/cdnoticias.com\/wp-content\/uploads\/2021\/11\/banco-provincia-PIO-01.jpg?resize=800%2C445&#038;ssl=1\" alt=\"\" width=\"800\" height=\"445\" srcset=\"https:\/\/i0.wp.com\/cdnoticias.com\/wp-content\/uploads\/2021\/11\/banco-provincia-PIO-01.jpg?w=800&amp;ssl=1 800w, https:\/\/i0.wp.com\/cdnoticias.com\/wp-content\/uploads\/2021\/11\/banco-provincia-PIO-01.jpg?resize=300%2C167&amp;ssl=1 300w, https:\/\/i0.wp.com\/cdnoticias.com\/wp-content\/uploads\/2021\/11\/banco-provincia-PIO-01.jpg?resize=768%2C427&amp;ssl=1 768w\" sizes=\"auto, (max-width: 800px) 100vw, 800px\" \/><\/p>\n<p>&nbsp;<\/p>\n<p><strong>\u201cEs un motivo de orgullo abrir esta sucursal del Banco Provincia\u201d<\/strong> resalt\u00f3 Lospinosa en la apertura al tiempo que destac\u00f3 la importancia de \u201cimpulsar las pymes\u201d a las cuales defini\u00f3 como<em> \u201clas grandes generadoras de empleo de las y los bonaerenses\u201d<\/em>.<\/p>\n<p>&nbsp;<\/p>\n<p>A su vez, cit\u00f3 al director del Banco al se\u00f1alar que \u201cJuan Cuattromo anunci\u00f3 esto con gran expectativa para que la industria crezca\u201d. En ese sentido, defini\u00f3 <strong>\u201cqueremos ser el banco de cercan\u00eda para acompa\u00f1ar con herramientas financieras para la banca p\u00fablica\u201d<\/strong>.<\/p>\n<p>&nbsp;<\/p>\n<p><img data-recalc-dims=\"1\" loading=\"lazy\" decoding=\"async\" class=\"size-large wp-image-37254 aligncenter\" src=\"https:\/\/i0.wp.com\/cdnoticias.com\/wp-content\/uploads\/2021\/11\/banco-provincia6.jpg?resize=800%2C445&#038;ssl=1\" alt=\"\" width=\"800\" height=\"445\" srcset=\"https:\/\/i0.wp.com\/cdnoticias.com\/wp-content\/uploads\/2021\/11\/banco-provincia6.jpg?resize=1024%2C570&amp;ssl=1 1024w, https:\/\/i0.wp.com\/cdnoticias.com\/wp-content\/uploads\/2021\/11\/banco-provincia6.jpg?resize=300%2C167&amp;ssl=1 300w, https:\/\/i0.wp.com\/cdnoticias.com\/wp-content\/uploads\/2021\/11\/banco-provincia6.jpg?resize=768%2C427&amp;ssl=1 768w, https:\/\/i0.wp.com\/cdnoticias.com\/wp-content\/uploads\/2021\/11\/banco-provincia6.jpg?resize=800%2C445&amp;ssl=1 800w, https:\/\/i0.wp.com\/cdnoticias.com\/wp-content\/uploads\/2021\/11\/banco-provincia6.jpg?w=1600&amp;ssl=1 1600w, https:\/\/i0.wp.com\/cdnoticias.com\/wp-content\/uploads\/2021\/11\/banco-provincia6.jpg?w=2400&amp;ssl=1 2400w\" sizes=\"auto, (max-width: 800px) 100vw, 800px\" \/><\/p>\n<p>&nbsp;<\/p>\n<p>A su turno, Aguilera, se refiri\u00f3 al trabajo de la Provincia para reabrir esta sucursal, <strong>\u201clas pymes son un s\u00edmbolo de desarrollo y ampliaci\u00f3n de empleo para argentinos y argentinas\u201d<\/strong> consider\u00f3. Luego felicit\u00f3 a las autoridades del banco, <a href=\"https:\/\/cdnoticias.com\/index.php\/2021\/10\/15\/union-industrial-logramos-la-instalacion-de-una-sucursal-del-banco-provincia-en-el-pio\/\" target=\"_blank\" rel=\"noopener\">de la Uni\u00f3n Industrial<\/a> y del Parque Industrial por las gestiones para lograr esta apertura.<\/p>\n<p>&nbsp;<\/p>\n<blockquote><p>Por \u00faltimo, C\u00e9sar Longo manifest\u00f3 que \u201cpara nosotros es un d\u00eda muy especial y alegre\u201d al tiempo que remarc\u00f3 \u201cel esfuerzo de la administraci\u00f3n con las gestiones del Parque Industrial, de autoridades y propietarios\u201d.<\/p><\/blockquote>\n<p>&nbsp;<\/p>\n<p><img data-recalc-dims=\"1\" loading=\"lazy\" decoding=\"async\" class=\"size-large wp-image-37252 aligncenter\" src=\"https:\/\/i0.wp.com\/cdnoticias.com\/wp-content\/uploads\/2021\/11\/banco-provincia4.jpg?resize=800%2C445&#038;ssl=1\" alt=\"\" width=\"800\" height=\"445\" srcset=\"https:\/\/i0.wp.com\/cdnoticias.com\/wp-content\/uploads\/2021\/11\/banco-provincia4.jpg?resize=1024%2C570&amp;ssl=1 1024w, https:\/\/i0.wp.com\/cdnoticias.com\/wp-content\/uploads\/2021\/11\/banco-provincia4.jpg?resize=300%2C167&amp;ssl=1 300w, https:\/\/i0.wp.com\/cdnoticias.com\/wp-content\/uploads\/2021\/11\/banco-provincia4.jpg?resize=768%2C427&amp;ssl=1 768w, https:\/\/i0.wp.com\/cdnoticias.com\/wp-content\/uploads\/2021\/11\/banco-provincia4.jpg?resize=800%2C445&amp;ssl=1 800w, https:\/\/i0.wp.com\/cdnoticias.com\/wp-content\/uploads\/2021\/11\/banco-provincia4.jpg?w=1600&amp;ssl=1 1600w, https:\/\/i0.wp.com\/cdnoticias.com\/wp-content\/uploads\/2021\/11\/banco-provincia4.jpg?w=2400&amp;ssl=1 2400w\" sizes=\"auto, (max-width: 800px) 100vw, 800px\" \/><\/p>\n<p>&nbsp;<\/p>\n<p>El titular de la Uni\u00f3n Industrial <strong>puso de relevancia la especificidad de la atenci\u00f3n que se brindar\u00e1<\/strong> en la flamante sede: <em>\u201cno es s\u00f3lo un cajero, es personal especializado que entiende las necesidades de las empresas, el trabajo con los cheques, la gesti\u00f3n de las carpetas\u201d<\/em>.<\/p>\n<p>&nbsp;<\/p>\n<p>A su vez, estuvieron presentes en el acto <strong>otros directivos de la Uni\u00f3n Industrial<\/strong>, entre ellos, Sergio Corso, Vanesa Andreis e Ignacio Spinella; las <strong>autoridades de la Asociaci\u00f3n del Parque Industrial<\/strong>, Alfredo Nievas y Tom\u00e1s Barbieri, <em>el candidato a concejal por el FdT Maximiliano Wesner y m\u00e1s empresarios del PIO<\/em>.<\/p>\n<p>&nbsp;<\/p>\n<p><img data-recalc-dims=\"1\" loading=\"lazy\" decoding=\"async\" class=\"size-large wp-image-37251 aligncenter\" src=\"https:\/\/i0.wp.com\/cdnoticias.com\/wp-content\/uploads\/2021\/11\/banco-provincia3.jpg?resize=800%2C445&#038;ssl=1\" alt=\"\" width=\"800\" height=\"445\" srcset=\"https:\/\/i0.wp.com\/cdnoticias.com\/wp-content\/uploads\/2021\/11\/banco-provincia3.jpg?resize=1024%2C570&amp;ssl=1 1024w, https:\/\/i0.wp.com\/cdnoticias.com\/wp-content\/uploads\/2021\/11\/banco-provincia3.jpg?resize=300%2C167&amp;ssl=1 300w, https:\/\/i0.wp.com\/cdnoticias.com\/wp-content\/uploads\/2021\/11\/banco-provincia3.jpg?resize=768%2C427&amp;ssl=1 768w, https:\/\/i0.wp.com\/cdnoticias.com\/wp-content\/uploads\/2021\/11\/banco-provincia3.jpg?resize=800%2C445&amp;ssl=1 800w, https:\/\/i0.wp.com\/cdnoticias.com\/wp-content\/uploads\/2021\/11\/banco-provincia3.jpg?w=1600&amp;ssl=1 1600w, https:\/\/i0.wp.com\/cdnoticias.com\/wp-content\/uploads\/2021\/11\/banco-provincia3.jpg?w=2400&amp;ssl=1 2400w\" sizes=\"auto, (max-width: 800px) 100vw, 800px\" \/><\/p>\n<p><img data-recalc-dims=\"1\" loading=\"lazy\" decoding=\"async\" class=\"size-full wp-image-37256 aligncenter\" src=\"https:\/\/i0.wp.com\/cdnoticias.com\/wp-content\/uploads\/2021\/11\/banco-provincia-PIO-00.jpg?resize=800%2C445&#038;ssl=1\" alt=\"\" width=\"800\" height=\"445\" srcset=\"https:\/\/i0.wp.com\/cdnoticias.com\/wp-content\/uploads\/2021\/11\/banco-provincia-PIO-00.jpg?w=800&amp;ssl=1 800w, https:\/\/i0.wp.com\/cdnoticias.com\/wp-content\/uploads\/2021\/11\/banco-provincia-PIO-00.jpg?resize=300%2C167&amp;ssl=1 300w, https:\/\/i0.wp.com\/cdnoticias.com\/wp-content\/uploads\/2021\/11\/banco-provincia-PIO-00.jpg?resize=768%2C427&amp;ssl=1 768w\" sizes=\"auto, (max-width: 800px) 100vw, 800px\" \/><\/p>\n<p><img data-recalc-dims=\"1\" loading=\"lazy\" decoding=\"async\" class=\"size-large wp-image-37249 aligncenter\" src=\"https:\/\/i0.wp.com\/cdnoticias.com\/wp-content\/uploads\/2021\/11\/banco-provincia1.jpg?resize=800%2C445&#038;ssl=1\" alt=\"\" width=\"800\" height=\"445\" srcset=\"https:\/\/i0.wp.com\/cdnoticias.com\/wp-content\/uploads\/2021\/11\/banco-provincia1.jpg?resize=1024%2C570&amp;ssl=1 1024w, https:\/\/i0.wp.com\/cdnoticias.com\/wp-content\/uploads\/2021\/11\/banco-provincia1.jpg?resize=300%2C167&amp;ssl=1 300w, https:\/\/i0.wp.com\/cdnoticias.com\/wp-content\/uploads\/2021\/11\/banco-provincia1.jpg?resize=768%2C427&amp;ssl=1 768w, https:\/\/i0.wp.com\/cdnoticias.com\/wp-content\/uploads\/2021\/11\/banco-provincia1.jpg?resize=800%2C445&amp;ssl=1 800w, https:\/\/i0.wp.com\/cdnoticias.com\/wp-content\/uploads\/2021\/11\/banco-provincia1.jpg?w=1600&amp;ssl=1 1600w, https:\/\/i0.wp.com\/cdnoticias.com\/wp-content\/uploads\/2021\/11\/banco-provincia1.jpg?w=2400&amp;ssl=1 2400w\" sizes=\"auto, (max-width: 800px) 100vw, 800px\" \/><\/p>\n<p><img data-recalc-dims=\"1\" loading=\"lazy\" decoding=\"async\" class=\"size-full wp-image-37267 aligncenter\" src=\"https:\/\/i0.wp.com\/cdnoticias.com\/wp-content\/uploads\/2021\/11\/banco-provincia-PIO-06.jpg?resize=800%2C444&#038;ssl=1\" alt=\"\" width=\"800\" height=\"444\" srcset=\"https:\/\/i0.wp.com\/cdnoticias.com\/wp-content\/uploads\/2021\/11\/banco-provincia-PIO-06.jpg?w=800&amp;ssl=1 800w, https:\/\/i0.wp.com\/cdnoticias.com\/wp-content\/uploads\/2021\/11\/banco-provincia-PIO-06.jpg?resize=300%2C167&amp;ssl=1 300w, https:\/\/i0.wp.com\/cdnoticias.com\/wp-content\/uploads\/2021\/11\/banco-provincia-PIO-06.jpg?resize=768%2C426&amp;ssl=1 768w\" sizes=\"auto, (max-width: 800px) 100vw, 800px\" \/><\/p>\n","protected":false},"excerpt":{"rendered":"<p>Estuvieron los representantes de la Uni\u00f3n Industrial, de la Asociaci\u00f3n del Parque Industrial, funcionarios de la Provincia y empresarios del<\/p>\n","protected":false},"author":4,"featured_media":37250,"comment_status":"closed","ping_status":"closed","sticky":false,"template":"","format":"standard","meta":{"_jetpack_memberships_contains_paid_content":false,"footnotes":""},"categories":[5,1],"tags":[],"class_list":["post-37261","post","type-post","status-publish","format-standard","has-post-thumbnail","hentry","category-informacion-general","category-portada"],"jetpack_featured_media_url":"https:\/\/i0.wp.com\/cdnoticias.com\/wp-content\/uploads\/2021\/11\/banco-provincia2.jpg?fit=4608%2C2564&ssl=1","jetpack_sharing_enabled":true,"_links":{"self":[{"href":"https:\/\/cdnoticias.com\/index.php\/wp-json\/wp\/v2\/posts\/37261","targetHints":{"allow":["GET"]}}],"collection":[{"href":"https:\/\/cdnoticias.com\/index.php\/wp-json\/wp\/v2\/posts"}],"about":[{"href":"https:\/\/cdnoticias.com\/index.php\/wp-json\/wp\/v2\/types\/post"}],"author":[{"embeddable":true,"href":"https:\/\/cdnoticias.com\/index.php\/wp-json\/wp\/v2\/users\/4"}],"replies":[{"embeddable":true,"href":"https:\/\/cdnoticias.com\/index.php\/wp-json\/wp\/v2\/comments?post=37261"}],"version-history":[{"count":0,"href":"https:\/\/cdnoticias.com\/index.php\/wp-json\/wp\/v2\/posts\/37261\/revisions"}],"wp:featuredmedia":[{"embeddable":true,"href":"https:\/\/cdnoticias.com\/index.php\/wp-json\/wp\/v2\/media\/37250"}],"wp:attachment":[{"href":"https:\/\/cdnoticias.com\/index.php\/wp-json\/wp\/v2\/media?parent=37261"}],"wp:term":[{"taxonomy":"category","embeddable":true,"href":"https:\/\/cdnoticias.com\/index.php\/wp-json\/wp\/v2\/categories?post=37261"},{"taxonomy":"post_tag","embeddable":true,"href":"https:\/\/cdnoticias.com\/index.php\/wp-json\/wp\/v2\/tags?post=37261"}],"curies":[{"name":"wp","href":"https:\/\/api.w.org\/{rel}","templated":true}]}}