{"id":37226,"date":"2021-10-31T21:04:03","date_gmt":"2021-11-01T00:04:03","guid":{"rendered":"http:\/\/www.centraldenoticias.com.ar\/?p=37226"},"modified":"2021-10-31T21:04:03","modified_gmt":"2021-11-01T00:04:03","slug":"bolivar-vivio-una-fiesta-con-la-22o-maraton-internacional-dino-hugo-tinelli","status":"publish","type":"post","link":"https:\/\/cdnoticias.com\/index.php\/2021\/10\/31\/bolivar-vivio-una-fiesta-con-la-22o-maraton-internacional-dino-hugo-tinelli\/","title":{"rendered":"Bol\u00edvar vivi\u00f3 una fiesta con la 22\u00ba Marat\u00f3n Internacional Dino Hugo Tinelli"},"content":{"rendered":"<p>Hubo m\u00e1s de tres mil participantes. Despu\u00e9s de un a\u00f1o sin realizarse, la marat\u00f3n dej\u00f3 como ganador al atleta Miguel Guerra, de 25 de Mayo.\u00a0<!--more--><\/p>\n<hr \/>\n<p>Un a\u00f1o m\u00e1s,<strong> la ciudad de Bol\u00edvar se visti\u00f3 de fiesta<\/strong> para recibir una gran cantidad de atletas de todo el pa\u00eds que se dan cita para correr esta competencia de 10km, o realizar la correcaminata participativa y recreativa de 3km de<strong> la Marat\u00f3n Internacional Dino Hugo Tinelli.<\/strong><\/p>\n<p><em>\u201cVolvimos a disfrutar de nuestra querida marat\u00f3n en familia, con amigos y vecinos colmando las calles de Bol\u00edvar. Miles de participantes y cientos de bonaerenses viajaron hasta ac\u00e1 para participar de la fiesta en la que se convirti\u00f3 la marat\u00f3n. <strong>\u00a1Gracias a todas y todos los que corrieron, caminaron y alentaron!<\/strong>\u201d<\/em>, exclam\u00f3 \u201cBali\u201d Bucca, luego de terminar los 10 kil\u00f3metros.<\/p>\n<p>&nbsp;<\/p>\n<p><img data-recalc-dims=\"1\" loading=\"lazy\" decoding=\"async\" class=\"alignnone size-large wp-image-37227\" src=\"https:\/\/i0.wp.com\/cdnoticias.com\/wp-content\/uploads\/2021\/10\/WhatsApp-Image-2021-10-31-at-16.42.04.jpeg?resize=800%2C533&#038;ssl=1\" alt=\"\" width=\"800\" height=\"533\" srcset=\"https:\/\/i0.wp.com\/cdnoticias.com\/wp-content\/uploads\/2021\/10\/WhatsApp-Image-2021-10-31-at-16.42.04.jpeg?w=1024&amp;ssl=1 1024w, https:\/\/i0.wp.com\/cdnoticias.com\/wp-content\/uploads\/2021\/10\/WhatsApp-Image-2021-10-31-at-16.42.04.jpeg?resize=300%2C200&amp;ssl=1 300w, https:\/\/i0.wp.com\/cdnoticias.com\/wp-content\/uploads\/2021\/10\/WhatsApp-Image-2021-10-31-at-16.42.04.jpeg?resize=768%2C512&amp;ssl=1 768w, https:\/\/i0.wp.com\/cdnoticias.com\/wp-content\/uploads\/2021\/10\/WhatsApp-Image-2021-10-31-at-16.42.04.jpeg?resize=272%2C182&amp;ssl=1 272w\" sizes=\"auto, (max-width: 800px) 100vw, 800px\" \/><\/p>\n<p>Por su parte el intendente de Bol\u00edvar, Marcos Pisano expres\u00f3: <strong><em>\u201cGracias a la vacunaci\u00f3n nos encontramos en una situaci\u00f3n sanitaria que nos permite pensar en este tipo de eventos al aire libre, dejar atr\u00e1s una etapa dolorosa y empezar a vivir esta fiesta deportiva junto a las familias de Bol\u00edvar\u201d.<\/em><\/strong><\/p>\n<p>El atleta Miguel Guerra gan\u00f3 por quinta vez la Marat\u00f3n Dino Hugo Tinelli; en categor\u00eda Damas la ganadora fue Luj\u00e1n Urrutia de Tandil; en cuanto al ganador de Bol\u00edvar fue el corredor Manuel Santos; y la primera mujer bolivarense Antonella Albo. En la disciplina silla de ruedas el ganador fue Marcos Sosa de CABA y la primera mujer Lucia Montenegro de Moreno.<\/p>\n<p>Junto al intendente Marcos Pisano, <strong>diferentes \u00e1reas municipales trabajaron de manera articulada para que la comunidad pudiera disfrutar el regreso de la fiesta deportiva m\u00e1s importante del Partido.<\/strong><\/p>\n<p>La Direcci\u00f3n de Turismo dispuso en el Centro C\u00edvico un patio gastron\u00f3mico integrado por comercios locales; la Direcci\u00f3n de Cultura, encabezada por Jorge Fern\u00e1ndez, se sum\u00f3 con un amplio Paseo de Artesanos, y la Direcci\u00f3n de Ni\u00f1ez, Adolescencia y Familia, instal\u00f3 un sector infantil donde se realizaron actividades recreativas y los m\u00e1s peque\u00f1os pudieron disfrutar de la plaza blanda.<\/p>\n<p>Es importante destacar que <strong>el evento deportivo fue cardio asistido, cont\u00f3 con carpas de salud, con desfibriladores externos autom\u00e1ticos (DEAS) y siete ambulancias ubicadas en puntos estrat\u00e9gicos del recorrido, con m\u00e9dicos y enfermeros\/as del Hospital M. Capredoni, entrenados para asistir a una persona cursando un Paro Cardio Respiratorio en los primeros minutos.<\/strong><\/p>\n<blockquote>\n<p>En esta edici\u00f3n, hubo siete cardiodesfibriladores, tanto m\u00f3viles como fijos, estrat\u00e9gicamente distribuidos por todo el recorrido, con personal municipal de salud capacitado para prevenir cualquier emergencia.<\/p><\/blockquote>\n<p>Asimismo, frente a la Municipalidad la Secretaria de Salud instal\u00f3 el Vacunatorio M\u00f3vil con personal de salud, <strong>donde se realiz\u00f3 prevenci\u00f3n y promoci\u00f3n de la Campa\u00f1a de Vacunaci\u00f3n contra el Covid-19.<\/strong><\/p>\n<p>Adem\u00e1s, se ubic\u00f3 un centro de monitoreo de Protecci\u00f3n Ciudadana y Defensa Civil, con agentes municipales destinados a brindar mayor seguridad. Tambi\u00e9n cont\u00f3 con la colaboraci\u00f3n de Bomberos Voluntarios de Bol\u00edvar, ubicados en diferentes esquinas para asistir a los corredores.<\/p>\n<p>Para finalizar el s\u00e1bado y celebrar la vuelta del evento m\u00e1s importante de nuestra ciudad, <strong>las familias bolivarenses y de la regi\u00f3n pudieron disfrutar en el Centro C\u00edvico de la \u201cMarat\u00f3n Tropical\u201d, en el marco de la propuesta municipal \u201cCultura Activa\u201d.<\/strong><\/p>\n<p>El regreso de la edici\u00f3n 22\u00b0 de la Marat\u00f3n se vivi\u00f3 como una verdadera fiesta, las familias pudieron disfrutar del evento deportivo que crece todos los a\u00f1os y sigue sumando propuestas que la convierten en el evento deportivo m\u00e1s importante de la regi\u00f3n.<\/p>\n","protected":false},"excerpt":{"rendered":"<p>Hubo m\u00e1s de tres mil participantes. Despu\u00e9s de un a\u00f1o sin realizarse, la marat\u00f3n dej\u00f3 como ganador al atleta Miguel<\/p>\n","protected":false},"author":5,"featured_media":37228,"comment_status":"closed","ping_status":"closed","sticky":false,"template":"","format":"standard","meta":{"_jetpack_memberships_contains_paid_content":false,"footnotes":""},"categories":[6,1],"tags":[],"class_list":["post-37226","post","type-post","status-publish","format-standard","has-post-thumbnail","hentry","category-nacionales","category-portada"],"jetpack_featured_media_url":"https:\/\/i0.wp.com\/cdnoticias.com\/wp-content\/uploads\/2021\/10\/WhatsApp-Image-2021-10-31-at-16.42.03.jpeg?fit=1024%2C684&ssl=1","jetpack_sharing_enabled":true,"_links":{"self":[{"href":"https:\/\/cdnoticias.com\/index.php\/wp-json\/wp\/v2\/posts\/37226","targetHints":{"allow":["GET"]}}],"collection":[{"href":"https:\/\/cdnoticias.com\/index.php\/wp-json\/wp\/v2\/posts"}],"about":[{"href":"https:\/\/cdnoticias.com\/index.php\/wp-json\/wp\/v2\/types\/post"}],"author":[{"embeddable":true,"href":"https:\/\/cdnoticias.com\/index.php\/wp-json\/wp\/v2\/users\/5"}],"replies":[{"embeddable":true,"href":"https:\/\/cdnoticias.com\/index.php\/wp-json\/wp\/v2\/comments?post=37226"}],"version-history":[{"count":0,"href":"https:\/\/cdnoticias.com\/index.php\/wp-json\/wp\/v2\/posts\/37226\/revisions"}],"wp:featuredmedia":[{"embeddable":true,"href":"https:\/\/cdnoticias.com\/index.php\/wp-json\/wp\/v2\/media\/37228"}],"wp:attachment":[{"href":"https:\/\/cdnoticias.com\/index.php\/wp-json\/wp\/v2\/media?parent=37226"}],"wp:term":[{"taxonomy":"category","embeddable":true,"href":"https:\/\/cdnoticias.com\/index.php\/wp-json\/wp\/v2\/categories?post=37226"},{"taxonomy":"post_tag","embeddable":true,"href":"https:\/\/cdnoticias.com\/index.php\/wp-json\/wp\/v2\/tags?post=37226"}],"curies":[{"name":"wp","href":"https:\/\/api.w.org\/{rel}","templated":true}]}}