{"id":37211,"date":"2021-10-31T18:43:42","date_gmt":"2021-10-31T21:43:42","guid":{"rendered":"http:\/\/www.centraldenoticias.com.ar\/?p=37211"},"modified":"2021-10-31T20:37:28","modified_gmt":"2021-10-31T23:37:28","slug":"inauguraran-la-sucursal-del-banco-provincia-en-el-parque-industrial","status":"publish","type":"post","link":"https:\/\/cdnoticias.com\/index.php\/2021\/10\/31\/inauguraran-la-sucursal-del-banco-provincia-en-el-parque-industrial\/","title":{"rendered":"Inaugurar\u00e1n la sucursal del Banco Provincia en el Parque Industrial"},"content":{"rendered":"<p>Ser\u00e1 a las 10 de este lunes. La Uni\u00f3n Industrial valor\u00f3 \u201clas gestiones que realizaron durante a\u00f1os la Asociaci\u00f3n de Propietarios del PIO I\u201d y \u201clos logros son el resultado de accionar unidos\u201d.\u00a0<!--more--><\/p>\n<hr \/>\n<p>Tras la<a href=\"https:\/\/cdnoticias.com\/index.php\/2021\/10\/15\/union-industrial-logramos-la-instalacion-de-una-sucursal-del-banco-provincia-en-el-pio\/\" target=\"_blank\" rel=\"noopener\"> confirmaci\u00f3n semanas atr\u00e1s de la reanudaci\u00f3n de las gestiones para abrirlo<\/a>, <strong>este lunes a las 10 horas se inaugurar\u00e1 oficialmente la sucursal de Banco Provincia en el Parque Industrial.<\/strong><\/p>\n<p>&nbsp;<\/p>\n<p>La actividad fue confirmada por la <strong>Uni\u00f3n Industrial de Olavarr\u00eda<\/strong>, quien se mostr\u00f3 <em>\u201csumamente agradecidos por las gestiones que han realizado, durante a\u00f1os, las distintas comisiones de la Asociaci\u00f3n de Propietarios del PIO I por la instalaci\u00f3n de una sucursal del BPBA en dicho predio\u201d.<\/em><\/p>\n<p>&nbsp;<\/p>\n<p><img data-recalc-dims=\"1\" loading=\"lazy\" decoding=\"async\" class=\"alignnone size-full wp-image-35572\" src=\"https:\/\/i0.wp.com\/cdnoticias.com\/wp-content\/uploads\/2021\/10\/Union-industrial-parque-industrial-02.jpg?resize=540%2C301&#038;ssl=1\" alt=\"\" width=\"540\" height=\"301\" srcset=\"https:\/\/i0.wp.com\/cdnoticias.com\/wp-content\/uploads\/2021\/10\/Union-industrial-parque-industrial-02.jpg?w=540&amp;ssl=1 540w, https:\/\/i0.wp.com\/cdnoticias.com\/wp-content\/uploads\/2021\/10\/Union-industrial-parque-industrial-02.jpg?resize=300%2C167&amp;ssl=1 300w\" sizes=\"auto, (max-width: 540px) 100vw, 540px\" \/><\/p>\n<p>&nbsp;<\/p>\n<p>Adem\u00e1s, tambi\u00e9n reconocieron<em> \u201cla paciencia y predisposici\u00f3n de los propietarios que, durante m\u00e1s de dos a\u00f1os, pagaron un adicional en sus expensas para que fuera factible que el mencionado edificio se encuentre all\u00ed, y a\u00fan, sin actividad\u201d.<\/em><\/p>\n<p>&nbsp;<\/p>\n<p>Indicaron que esta apertura se dar\u00e1 tras <em>\u201cel reclamo imperioso de su apertura\u201d<\/em> y que<strong><em> \u201cgracias a los<a href=\"https:\/\/cdnoticias.com\/index.php\/2021\/10\/14\/el-ministro-de-la-produccion-llego-a-olavarria-y-se-reunio-con-empresarios-e-industriales\/\" target=\"_blank\" rel=\"noopener\"> pedidos realizados a las autoridades provinciales y la gesti\u00f3n de Juan Cuattromo &#8211; presidente del Banco Provincia &#8211;<\/a>, hemos logramos que finalmente se inaugure la filial\u201d.<\/em><\/strong><\/p>\n<p>&nbsp;<\/p>\n<p>Esta sede de Banco Provincia, cabe destacar,<em> \u201cestar\u00e1 especializada en atenci\u00f3n a empresas y con un oficial Pyme dedicado al sector industrial y empresarial de Olavarr\u00eda, como as\u00ed tambi\u00e9n a la atenci\u00f3n de los trabajadores de la zona\u201d.<\/em><\/p>\n<p>&nbsp;<\/p>\n<p>Finalmente, tras nuevamente celebrar esta apertura, la Uni\u00f3n Industrial destac\u00f3 <strong><em>\u201cel aporte de cada entidad y participantes, siempre con la convicci\u00f3n que los logros son el resultado de accionar unidos\u201d.<\/em><\/strong><\/p>\n","protected":false},"excerpt":{"rendered":"<p>Ser\u00e1 a las 10 de este lunes. La Uni\u00f3n Industrial valor\u00f3 \u201clas gestiones que realizaron durante a\u00f1os la Asociaci\u00f3n de<\/p>\n","protected":false},"author":5,"featured_media":35571,"comment_status":"closed","ping_status":"closed","sticky":false,"template":"","format":"standard","meta":{"_jetpack_memberships_contains_paid_content":false,"footnotes":""},"categories":[5,1],"tags":[],"class_list":["post-37211","post","type-post","status-publish","format-standard","has-post-thumbnail","hentry","category-informacion-general","category-portada"],"jetpack_featured_media_url":"https:\/\/i0.wp.com\/cdnoticias.com\/wp-content\/uploads\/2021\/10\/Union-industrial-parque-industrial-01.jpg?fit=800%2C445&ssl=1","jetpack_sharing_enabled":true,"_links":{"self":[{"href":"https:\/\/cdnoticias.com\/index.php\/wp-json\/wp\/v2\/posts\/37211","targetHints":{"allow":["GET"]}}],"collection":[{"href":"https:\/\/cdnoticias.com\/index.php\/wp-json\/wp\/v2\/posts"}],"about":[{"href":"https:\/\/cdnoticias.com\/index.php\/wp-json\/wp\/v2\/types\/post"}],"author":[{"embeddable":true,"href":"https:\/\/cdnoticias.com\/index.php\/wp-json\/wp\/v2\/users\/5"}],"replies":[{"embeddable":true,"href":"https:\/\/cdnoticias.com\/index.php\/wp-json\/wp\/v2\/comments?post=37211"}],"version-history":[{"count":0,"href":"https:\/\/cdnoticias.com\/index.php\/wp-json\/wp\/v2\/posts\/37211\/revisions"}],"wp:featuredmedia":[{"embeddable":true,"href":"https:\/\/cdnoticias.com\/index.php\/wp-json\/wp\/v2\/media\/35571"}],"wp:attachment":[{"href":"https:\/\/cdnoticias.com\/index.php\/wp-json\/wp\/v2\/media?parent=37211"}],"wp:term":[{"taxonomy":"category","embeddable":true,"href":"https:\/\/cdnoticias.com\/index.php\/wp-json\/wp\/v2\/categories?post=37211"},{"taxonomy":"post_tag","embeddable":true,"href":"https:\/\/cdnoticias.com\/index.php\/wp-json\/wp\/v2\/tags?post=37211"}],"curies":[{"name":"wp","href":"https:\/\/api.w.org\/{rel}","templated":true}]}}