{"id":3721,"date":"2020-10-12T08:55:44","date_gmt":"2020-10-12T11:55:44","guid":{"rendered":"http:\/\/www.centraldenoticias.com.ar\/?p=3721"},"modified":"2020-10-12T10:57:19","modified_gmt":"2020-10-12T13:57:19","slug":"bianco-y-galli-acordaron-la-continuidad-de-la-fase-4-para-olavarria","status":"publish","type":"post","link":"https:\/\/cdnoticias.com\/index.php\/2020\/10\/12\/bianco-y-galli-acordaron-la-continuidad-de-la-fase-4-para-olavarria\/","title":{"rendered":"Bianco y Galli acordaron la continuidad de la Fase 4 para Olavarr\u00eda"},"content":{"rendered":"<p>As\u00ed lo confirmaron fuentes municipales a \u00faltima hora del domingo. Luego, el Intendente Galli se pronunci\u00f3 en redes sociales. La situaci\u00f3n ocupacional del Hospital fue clave para determinar la continuidad.<!--more--><\/p>\n<hr \/>\n<p>En la noche del domingo<strong> el Municipio confirm\u00f3 que tras un di\u00e1logo con la Provincia, se acord\u00f3 la continuidad de la Fase 4 en Olavarr\u00eda.<\/strong> El propio Intendente Galli se hizo eco de la charla que mantuvo con Carlos Bianco y confirm\u00f3 la novedad en redes sociales.<\/p>\n<p>&nbsp;<\/p>\n<blockquote class=\"twitter-tweet\">\n<p dir=\"ltr\" lang=\"es\">De acuerdo a lo conversado con el Jefe de Gabinete <a href=\"https:\/\/twitter.com\/Carli_Bianco?ref_src=twsrc%5Etfw\">@Carli_Bianco<\/a>, Olavarr\u00eda seguir\u00e1 en fase 4. Luego de analizar en conjunto la situaci\u00f3n sanitaria y el estado de ocupaci\u00f3n de nuestro Hospital acordamos continuar en esta etapa. M\u00e1s que nunca debemos cuidarnos y ser responsables.<\/p>\n<p>\u2014 Ezequiel Galli (@ezequielgalli) <a href=\"https:\/\/twitter.com\/ezequielgalli\/status\/1315484966244028416?ref_src=twsrc%5Etfw\">October 12, 2020<\/a><\/p><\/blockquote>\n<p><script async src=\"https:\/\/platform.twitter.com\/widgets.js\" charset=\"utf-8\"><\/script><\/p>\n<p>&nbsp;<\/p>\n<p>Con las modificaciones de fases y la restricci\u00f3n de circulaci\u00f3n para distritos de 18 provincias del pa\u00eds dispuesto por el gobierno nacional, <strong>hab\u00eda expectativa por lo que pueda pasar en Olavarr\u00eda.<\/strong><\/p>\n<p>&nbsp;<\/p>\n<p>Se indic\u00f3 que<strong> \u201cse acord\u00f3\u201d mantener la Fase 4 pero tras la semana dif\u00edcil, la situaci\u00f3n parec\u00eda complicada<\/strong>. <em>\u201cEl Intendente le mostr\u00f3 la situaci\u00f3n del Hospital, donde a\u00fan hay camas de Terapia Intensiva y donde se puede contener la situaci\u00f3n\u201d<\/em> y fue clave para el acuerdo con el Jefe de Gabinete Bianco.<\/p>\n<p>&nbsp;<\/p>\n<p>De esta forma, <strong>Olavarr\u00eda seguir\u00e1 tal como ven\u00eda tras una de las peores semanas epidemiol\u00f3gicas desde el inicio de la pandemia a fines de marzo<\/strong>, <a href=\"https:\/\/cdnoticias.com\/index.php\/2020\/10\/11\/coronavirus-se-sumaron-21-casos-y-quedan-334-pacientes-confirmados\/\" target=\"_blank\" rel=\"noopener\">con m\u00e1s de 400 casos confirmados y lamentablemente, 8 personas fallecidas.<\/a><\/p>\n","protected":false},"excerpt":{"rendered":"<p>As\u00ed lo confirmaron fuentes municipales a \u00faltima hora del domingo. Luego, el Intendente Galli se pronunci\u00f3 en redes sociales. La<\/p>\n","protected":false},"author":2,"featured_media":3722,"comment_status":"closed","ping_status":"closed","sticky":false,"template":"","format":"standard","meta":{"_jetpack_memberships_contains_paid_content":false,"footnotes":""},"categories":[5,1],"tags":[],"class_list":["post-3721","post","type-post","status-publish","format-standard","has-post-thumbnail","hentry","category-informacion-general","category-portada"],"jetpack_featured_media_url":"https:\/\/i0.wp.com\/cdnoticias.com\/wp-content\/uploads\/2020\/10\/Galli-Bianco.jpg?fit=800%2C600&ssl=1","jetpack_sharing_enabled":true,"_links":{"self":[{"href":"https:\/\/cdnoticias.com\/index.php\/wp-json\/wp\/v2\/posts\/3721","targetHints":{"allow":["GET"]}}],"collection":[{"href":"https:\/\/cdnoticias.com\/index.php\/wp-json\/wp\/v2\/posts"}],"about":[{"href":"https:\/\/cdnoticias.com\/index.php\/wp-json\/wp\/v2\/types\/post"}],"author":[{"embeddable":true,"href":"https:\/\/cdnoticias.com\/index.php\/wp-json\/wp\/v2\/users\/2"}],"replies":[{"embeddable":true,"href":"https:\/\/cdnoticias.com\/index.php\/wp-json\/wp\/v2\/comments?post=3721"}],"version-history":[{"count":0,"href":"https:\/\/cdnoticias.com\/index.php\/wp-json\/wp\/v2\/posts\/3721\/revisions"}],"wp:featuredmedia":[{"embeddable":true,"href":"https:\/\/cdnoticias.com\/index.php\/wp-json\/wp\/v2\/media\/3722"}],"wp:attachment":[{"href":"https:\/\/cdnoticias.com\/index.php\/wp-json\/wp\/v2\/media?parent=3721"}],"wp:term":[{"taxonomy":"category","embeddable":true,"href":"https:\/\/cdnoticias.com\/index.php\/wp-json\/wp\/v2\/categories?post=3721"},{"taxonomy":"post_tag","embeddable":true,"href":"https:\/\/cdnoticias.com\/index.php\/wp-json\/wp\/v2\/tags?post=3721"}],"curies":[{"name":"wp","href":"https:\/\/api.w.org\/{rel}","templated":true}]}}