{"id":37194,"date":"2021-10-31T10:42:45","date_gmt":"2021-10-31T13:42:45","guid":{"rendered":"http:\/\/www.centraldenoticias.com.ar\/?p=37194"},"modified":"2021-10-31T12:21:42","modified_gmt":"2021-10-31T15:21:42","slug":"un-hombre-resulto-herido-en-un-accidente-camino-a-lamali","status":"publish","type":"post","link":"https:\/\/cdnoticias.com\/index.php\/2021\/10\/31\/un-hombre-resulto-herido-en-un-accidente-camino-a-lamali\/","title":{"rendered":"Un hombre result\u00f3 herido en un accidente camino a L&#8217;Amal\u00ed"},"content":{"rendered":"<p>Ocurri\u00f3 este domingo por la ma\u00f1ana. El conductor del veh\u00edculo fue trasladado al Hospital.<!--more--><\/p>\n<hr \/>\n<p>Durante la ma\u00f1ana de este domingo se produjo un accidente en el <strong>camino a la planta L&#8217;Amal\u00ed.<\/strong><\/p>\n<p>&nbsp;<\/p>\n<p>Por motivos que se desconocen, <strong>el conductor de un Fiat Siena que prestaba servicios de remis perdi\u00f3 el control del veh\u00edculo y despist\u00f3 hacia la banquina.\u00a0<\/strong><\/p>\n<p>&nbsp;<\/p>\n<p>El hombre fue asistido por el personal de salud y trasladado al Hospital para recibir atenci\u00f3n m\u00e9dica. Seg\u00fan se indic\u00f3, sufri\u00f3 lesiones leves.<\/p>\n","protected":false},"excerpt":{"rendered":"<p>Ocurri\u00f3 este domingo por la ma\u00f1ana. El conductor del veh\u00edculo fue trasladado al Hospital.<\/p>\n","protected":false},"author":5,"featured_media":37196,"comment_status":"closed","ping_status":"closed","sticky":false,"template":"","format":"standard","meta":{"_jetpack_memberships_contains_paid_content":false,"footnotes":""},"categories":[14,1],"tags":[],"class_list":["post-37194","post","type-post","status-publish","format-standard","has-post-thumbnail","hentry","category-policiales","category-portada"],"jetpack_featured_media_url":"https:\/\/i0.wp.com\/cdnoticias.com\/wp-content\/uploads\/2021\/10\/accidente.jpg?fit=1280%2C960&ssl=1","jetpack_sharing_enabled":true,"_links":{"self":[{"href":"https:\/\/cdnoticias.com\/index.php\/wp-json\/wp\/v2\/posts\/37194","targetHints":{"allow":["GET"]}}],"collection":[{"href":"https:\/\/cdnoticias.com\/index.php\/wp-json\/wp\/v2\/posts"}],"about":[{"href":"https:\/\/cdnoticias.com\/index.php\/wp-json\/wp\/v2\/types\/post"}],"author":[{"embeddable":true,"href":"https:\/\/cdnoticias.com\/index.php\/wp-json\/wp\/v2\/users\/5"}],"replies":[{"embeddable":true,"href":"https:\/\/cdnoticias.com\/index.php\/wp-json\/wp\/v2\/comments?post=37194"}],"version-history":[{"count":0,"href":"https:\/\/cdnoticias.com\/index.php\/wp-json\/wp\/v2\/posts\/37194\/revisions"}],"wp:featuredmedia":[{"embeddable":true,"href":"https:\/\/cdnoticias.com\/index.php\/wp-json\/wp\/v2\/media\/37196"}],"wp:attachment":[{"href":"https:\/\/cdnoticias.com\/index.php\/wp-json\/wp\/v2\/media?parent=37194"}],"wp:term":[{"taxonomy":"category","embeddable":true,"href":"https:\/\/cdnoticias.com\/index.php\/wp-json\/wp\/v2\/categories?post=37194"},{"taxonomy":"post_tag","embeddable":true,"href":"https:\/\/cdnoticias.com\/index.php\/wp-json\/wp\/v2\/tags?post=37194"}],"curies":[{"name":"wp","href":"https:\/\/api.w.org\/{rel}","templated":true}]}}