{"id":37177,"date":"2021-10-30T20:15:07","date_gmt":"2021-10-30T23:15:07","guid":{"rendered":"http:\/\/www.centraldenoticias.com.ar\/?p=37177"},"modified":"2021-10-30T20:15:07","modified_gmt":"2021-10-30T23:15:07","slug":"a-paso-firme-sigue-la-vacunacion-contra-el-covid-en-olavarria","status":"publish","type":"post","link":"https:\/\/cdnoticias.com\/index.php\/2021\/10\/30\/a-paso-firme-sigue-la-vacunacion-contra-el-covid-en-olavarria\/","title":{"rendered":"A paso firme sigue la vacunaci\u00f3n contra el COVID en Olavarr\u00eda"},"content":{"rendered":"<p>Este s\u00e1bado aplicaron 215 dosis. En total, se aplicaron 179.334 vacunas, siendo m\u00e1s de 100 mil los olavarrienses con al menos una dosis.\u00a0<!--more--><\/p>\n<hr \/>\n<p>Este s\u00e1bado, <strong>Regi\u00f3n Sanitaria IX inform\u00f3 que este s\u00e1bado se aplicaron 215 dosis contra el COVID.<\/strong> Llegando al final de la semana, en tanto, se conoci\u00f3 que<strong> llevan aplicadas m\u00e1s de 179 mil vacunas en Olavarr\u00eda, con m\u00e1s de 100 mil olavarrienses con al menos una dosis aplicada.<\/strong><\/p>\n<p>&nbsp;<\/p>\n<p>En el desglosado de la jornada de hoy, en el<strong> Servicio Territorial N\u00b02<\/strong> fueron 44 las personas vacunadas: de ellas 4 corresponden a primeras dosis en adultos, 3 primer componente a menores de 12 a 17 a\u00f1os, 7 primeras dosis en menores de 3 a 11 a\u00f1os, 14 segundas dosis en adultos, y 16 aplicaciones de segundo componente en menores de 12 a 17 a\u00f1os; en la<strong> Facultad de Ciencias de la Salud<\/strong> se inocularon 128 personas, de las cuales 6 aplicaciones fueron a menores de 3 a 11 a\u00f1os con primeras dosis, 19 primer componente en mayores de 18, y 103 adultos recibieron segundas dosis; y en el <strong>vacunatorio itinerante ubicado en la localidad de Loma Negra<\/strong> se aplicaron 43 dosis, 21 primer componente en adultos y 22 segundas dosis en mayores de 18 a\u00f1os.<\/p>\n<p>&nbsp;<\/p>\n<blockquote><p>Del total, se aplicaron 32 dosis contra el Covid-19 a menores de 3 a 17 de edad.<\/p><\/blockquote>\n<p>&nbsp;<\/p>\n<p>Un dato a tener en cuenta es que,<strong> en total, en Olavarr\u00eda se aplicaron 179.334 dosis contra el COVID: 100.170 fueron primeras dosis y 79.164 olavarrienses ya tienen el esquema completo de vacunas.<\/strong><\/p>\n<p>&nbsp;<\/p>\n<p>Se record\u00f3, en este sentido, que p<strong>ara obtener el turno de vacunaci\u00f3n a ni\u00f1os y ni\u00f1as de entre 3 y 11 a\u00f1os, se deber\u00e1n inscribir al igual que los menores de 12 a 17, a trav\u00e9s del sitio web www.vacunatepba.gba.gob.ar<\/strong> . Asimismo, se habilit\u00f3 la primera dosis libre para mayores de 12 con enfermedades preexistentes.<\/p>\n<p>&nbsp;<\/p>\n<p>A la par,<strong> sigue desarroll\u00e1ndose la vacunaci\u00f3n libre de primeras y segundas dosis para mayores de 18 a\u00f1os<\/strong> que acrediten domicilio en la localidad present\u00e1ndose con su DNI en cualquiera de las postas de vacunaci\u00f3n (como toda segunda dosis libre, se debe cumplir el plazo estipulado entre vacunas).<\/p>\n<p>&nbsp;<\/p>\n<p>Cualquier duda o consulta, podr\u00e1n acercarse a cualquiera de las tres postas: Servicio Territorial N\u00b02, Av. Alberdi 2543, de 8 a 18 hs; Facultad de Ciencias de la Salud, Merlo entre Av. Pringles y 9 de julio, de 8 a 18 hs, y en el Centro Cultural Universitario, San Martin 1955, de 8 a 18 hs.<\/p>\n","protected":false},"excerpt":{"rendered":"<p>Este s\u00e1bado aplicaron 215 dosis. En total, se aplicaron 179.334 vacunas, siendo m\u00e1s de 100 mil los olavarrienses con al<\/p>\n","protected":false},"author":2,"featured_media":36924,"comment_status":"closed","ping_status":"closed","sticky":false,"template":"","format":"standard","meta":{"_jetpack_memberships_contains_paid_content":false,"footnotes":""},"categories":[16,1],"tags":[],"class_list":["post-37177","post","type-post","status-publish","format-standard","has-post-thumbnail","hentry","category-covid-19","category-portada"],"jetpack_featured_media_url":"https:\/\/i0.wp.com\/cdnoticias.com\/wp-content\/uploads\/2021\/10\/vacunacion-itinerante-02.jpg?fit=800%2C445&ssl=1","jetpack_sharing_enabled":true,"_links":{"self":[{"href":"https:\/\/cdnoticias.com\/index.php\/wp-json\/wp\/v2\/posts\/37177","targetHints":{"allow":["GET"]}}],"collection":[{"href":"https:\/\/cdnoticias.com\/index.php\/wp-json\/wp\/v2\/posts"}],"about":[{"href":"https:\/\/cdnoticias.com\/index.php\/wp-json\/wp\/v2\/types\/post"}],"author":[{"embeddable":true,"href":"https:\/\/cdnoticias.com\/index.php\/wp-json\/wp\/v2\/users\/2"}],"replies":[{"embeddable":true,"href":"https:\/\/cdnoticias.com\/index.php\/wp-json\/wp\/v2\/comments?post=37177"}],"version-history":[{"count":0,"href":"https:\/\/cdnoticias.com\/index.php\/wp-json\/wp\/v2\/posts\/37177\/revisions"}],"wp:featuredmedia":[{"embeddable":true,"href":"https:\/\/cdnoticias.com\/index.php\/wp-json\/wp\/v2\/media\/36924"}],"wp:attachment":[{"href":"https:\/\/cdnoticias.com\/index.php\/wp-json\/wp\/v2\/media?parent=37177"}],"wp:term":[{"taxonomy":"category","embeddable":true,"href":"https:\/\/cdnoticias.com\/index.php\/wp-json\/wp\/v2\/categories?post=37177"},{"taxonomy":"post_tag","embeddable":true,"href":"https:\/\/cdnoticias.com\/index.php\/wp-json\/wp\/v2\/tags?post=37177"}],"curies":[{"name":"wp","href":"https:\/\/api.w.org\/{rel}","templated":true}]}}