{"id":37175,"date":"2021-10-30T19:49:02","date_gmt":"2021-10-30T22:49:02","guid":{"rendered":"http:\/\/www.centraldenoticias.com.ar\/?p=37175"},"modified":"2021-10-31T09:45:42","modified_gmt":"2021-10-31T12:45:42","slug":"informan-un-alerta-amarillo-por-fuertes-vientos-para-olavarria","status":"publish","type":"post","link":"https:\/\/cdnoticias.com\/index.php\/2021\/10\/30\/informan-un-alerta-amarillo-por-fuertes-vientos-para-olavarria\/","title":{"rendered":"Informan un \u201calerta amarillo\u201d por fuertes vientos para Olavarr\u00eda"},"content":{"rendered":"<p>El Servicio Meteorol\u00f3gico Nacional estim\u00f3 que, por ahora, s\u00f3lo ser\u00e1 para la noche del s\u00e1bado en la ciudad. Habr\u00e1 lluvias y una fuerte baja de la temperatura.\u00a0<!--more--><\/p>\n<hr \/>\n<p>Tras una semana de mucho calor y altas temperaturas,<strong> el Servicio Meteorol\u00f3gico Nacional inform\u00f3 un alerta amarillo por vientos fuertes para Olavarr\u00eda. Ser\u00e1, en principio, durante la noche del s\u00e1bado y principios del domingo.<\/strong><\/p>\n<p>&nbsp;<\/p>\n<blockquote><p>Seg\u00fan lo informado \u201cel \u00e1rea ser\u00e1 afectada por vientos del sector sur con velocidades entre 40 y 50 km\/h con r\u00e1fagas que pueden alcanzar los 75 km\/h\u201d.<\/p><\/blockquote>\n<p>&nbsp;<\/p>\n<p>Pero, adem\u00e1s<strong>, la temperatura dar\u00e1 un alivio e incluso con d\u00edas de fr\u00edo: para el domingo, se estima una m\u00e1xima de 15 grados con lluvias durante toda la jornada.<\/strong><\/p>\n<p>&nbsp;<\/p>\n<p>El lunes, d\u00eda calcado: m\u00e1xima de 15 grados y lluvia durante todo el d\u00eda mejorando por la noche, con cielo nublado. El martes comienza otra vez la suba de la temperatura, con m\u00e1ximas de 21 grados y creciendo de cara a los d\u00edas que siguen.<\/p>\n","protected":false},"excerpt":{"rendered":"<p>El Servicio Meteorol\u00f3gico Nacional estim\u00f3 que, por ahora, s\u00f3lo ser\u00e1 para la noche del s\u00e1bado en la ciudad. Habr\u00e1 lluvias<\/p>\n","protected":false},"author":2,"featured_media":2462,"comment_status":"closed","ping_status":"closed","sticky":false,"template":"","format":"standard","meta":{"_jetpack_memberships_contains_paid_content":false,"footnotes":""},"categories":[5,1],"tags":[],"class_list":["post-37175","post","type-post","status-publish","format-standard","has-post-thumbnail","hentry","category-informacion-general","category-portada"],"jetpack_featured_media_url":"https:\/\/i0.wp.com\/cdnoticias.com\/wp-content\/uploads\/2020\/09\/WhatsApp-Image-2020-09-25-at-17.28.16.jpeg?fit=1152%2C864&ssl=1","jetpack_sharing_enabled":true,"_links":{"self":[{"href":"https:\/\/cdnoticias.com\/index.php\/wp-json\/wp\/v2\/posts\/37175","targetHints":{"allow":["GET"]}}],"collection":[{"href":"https:\/\/cdnoticias.com\/index.php\/wp-json\/wp\/v2\/posts"}],"about":[{"href":"https:\/\/cdnoticias.com\/index.php\/wp-json\/wp\/v2\/types\/post"}],"author":[{"embeddable":true,"href":"https:\/\/cdnoticias.com\/index.php\/wp-json\/wp\/v2\/users\/2"}],"replies":[{"embeddable":true,"href":"https:\/\/cdnoticias.com\/index.php\/wp-json\/wp\/v2\/comments?post=37175"}],"version-history":[{"count":0,"href":"https:\/\/cdnoticias.com\/index.php\/wp-json\/wp\/v2\/posts\/37175\/revisions"}],"wp:featuredmedia":[{"embeddable":true,"href":"https:\/\/cdnoticias.com\/index.php\/wp-json\/wp\/v2\/media\/2462"}],"wp:attachment":[{"href":"https:\/\/cdnoticias.com\/index.php\/wp-json\/wp\/v2\/media?parent=37175"}],"wp:term":[{"taxonomy":"category","embeddable":true,"href":"https:\/\/cdnoticias.com\/index.php\/wp-json\/wp\/v2\/categories?post=37175"},{"taxonomy":"post_tag","embeddable":true,"href":"https:\/\/cdnoticias.com\/index.php\/wp-json\/wp\/v2\/tags?post=37175"}],"curies":[{"name":"wp","href":"https:\/\/api.w.org\/{rel}","templated":true}]}}