{"id":37173,"date":"2021-10-30T18:42:33","date_gmt":"2021-10-30T21:42:33","guid":{"rendered":"http:\/\/www.centraldenoticias.com.ar\/?p=37173"},"modified":"2021-10-30T18:42:33","modified_gmt":"2021-10-30T21:42:33","slug":"pedro-graciano-rodriguez-q-e-p-d","status":"publish","type":"post","link":"https:\/\/cdnoticias.com\/index.php\/2021\/10\/30\/pedro-graciano-rodriguez-q-e-p-d\/","title":{"rendered":"Pedro Graciano Rodr\u00edguez (Q.E.P.D.)"},"content":{"rendered":"<p>Falleci\u00f3 en Olavarr\u00eda el 30 de octubre de 2021 a los 77 a\u00f1os. Su esposa Ana Mar\u00eda Bonavetti; sus hijas Julia, Ana y Evangelina Rodr\u00edguez; sus nietos Alex, Yamila, Lautaro y Mart\u00edn; sus hermanos; sus hermanos pol\u00edticos; sus sobrinos y dem\u00e1s deudos participan su fallecimiento.<\/p>\n<p>&nbsp;<\/p>\n<p>Sus restos ser\u00e1n velados en la sala de Espa\u00f1a 2942 departamento \u201cD\u201d este domingo desde las 08:00 horas y finalizar\u00e1 a las 12:00 e inhumados en el Crematorio Pinos de Paz, en d\u00eda y horario a confirmar. Nacido en Olavarr\u00eda, vecino de Mariano Moreno, jubilado.<\/p>\n","protected":false},"excerpt":{"rendered":"<p>Falleci\u00f3 en Olavarr\u00eda el 30 de octubre de 2021 a los 77 a\u00f1os. Su esposa Ana Mar\u00eda Bonavetti; sus hijas<\/p>\n","protected":false},"author":2,"featured_media":0,"comment_status":"closed","ping_status":"closed","sticky":false,"template":"","format":"standard","meta":{"_jetpack_memberships_contains_paid_content":false,"footnotes":""},"categories":[10],"tags":[],"class_list":["post-37173","post","type-post","status-publish","format-standard","hentry","category-necrologicas"],"jetpack_featured_media_url":"","jetpack_sharing_enabled":true,"_links":{"self":[{"href":"https:\/\/cdnoticias.com\/index.php\/wp-json\/wp\/v2\/posts\/37173","targetHints":{"allow":["GET"]}}],"collection":[{"href":"https:\/\/cdnoticias.com\/index.php\/wp-json\/wp\/v2\/posts"}],"about":[{"href":"https:\/\/cdnoticias.com\/index.php\/wp-json\/wp\/v2\/types\/post"}],"author":[{"embeddable":true,"href":"https:\/\/cdnoticias.com\/index.php\/wp-json\/wp\/v2\/users\/2"}],"replies":[{"embeddable":true,"href":"https:\/\/cdnoticias.com\/index.php\/wp-json\/wp\/v2\/comments?post=37173"}],"version-history":[{"count":0,"href":"https:\/\/cdnoticias.com\/index.php\/wp-json\/wp\/v2\/posts\/37173\/revisions"}],"wp:attachment":[{"href":"https:\/\/cdnoticias.com\/index.php\/wp-json\/wp\/v2\/media?parent=37173"}],"wp:term":[{"taxonomy":"category","embeddable":true,"href":"https:\/\/cdnoticias.com\/index.php\/wp-json\/wp\/v2\/categories?post=37173"},{"taxonomy":"post_tag","embeddable":true,"href":"https:\/\/cdnoticias.com\/index.php\/wp-json\/wp\/v2\/tags?post=37173"}],"curies":[{"name":"wp","href":"https:\/\/api.w.org\/{rel}","templated":true}]}}