{"id":37157,"date":"2021-10-30T17:11:57","date_gmt":"2021-10-30T20:11:57","guid":{"rendered":"http:\/\/www.centraldenoticias.com.ar\/?p=37157"},"modified":"2021-10-30T18:20:21","modified_gmt":"2021-10-30T21:20:21","slug":"asumieron-delegados-en-coopelectric-cruz-arouxet-alberto-miotti-y-celia-alem-consejeros","status":"publish","type":"post","link":"https:\/\/cdnoticias.com\/index.php\/2021\/10\/30\/asumieron-delegados-en-coopelectric-cruz-arouxet-alberto-miotti-y-celia-alem-consejeros\/","title":{"rendered":"Asumieron delegados en Coopelectric: Cruz Arouxet, Alberto Miotti y Celia Alem consejeros"},"content":{"rendered":"<p>Fue en la jornada del viernes, en el Club Pueblo Nuevo. Destacaron que \u201clos ingresos de la cooperativa van disminuyendo y los costos van aumentando mes a mes\u201d. La semana que viene se elegir\u00e1n nuevas autoridades.<!--more--><\/p>\n<hr \/>\n<p>En la jornada del \u00faltimo viernes, y tal como lo establece el Estatuto y la Ley de Cooperativas,<strong> se realiz\u00f3 la Asamblea General Ordinaria que analiz\u00f3 el ejercicio del \u00faltimo a\u00f1o y, adem\u00e1s, asumieron los nuevos delegados provenientes de la Lista Amarilla.<\/strong><\/p>\n<p>&nbsp;<\/p>\n<p>La actividad se realiz\u00f3 en instalaciones del Club Pueblo Nuevo donde asumieron los nuevos delegados de la Lista Amarilla tras ser oficializada por cumplir con los requisitos estatutarios ante la convocatoria a Asamblea Electoral de Distrito \u00danico que fuera publicada en el mes de septiembre. <strong>La Asamblea se desarroll\u00f3 bajo la modalidad presencial cumpliendo estrictamente con las medidas de bioseguridad dispuestas por los organismos sanitarios.<\/strong><\/p>\n<p>&nbsp;<\/p>\n<p><img data-recalc-dims=\"1\" loading=\"lazy\" decoding=\"async\" class=\"alignnone size-large wp-image-37159\" src=\"https:\/\/i0.wp.com\/cdnoticias.com\/wp-content\/uploads\/2021\/10\/Asamblea-General-Ordinaria-03.jpeg?resize=800%2C278&#038;ssl=1\" alt=\"\" width=\"800\" height=\"278\" srcset=\"https:\/\/i0.wp.com\/cdnoticias.com\/wp-content\/uploads\/2021\/10\/Asamblea-General-Ordinaria-03.jpeg?resize=1024%2C356&amp;ssl=1 1024w, https:\/\/i0.wp.com\/cdnoticias.com\/wp-content\/uploads\/2021\/10\/Asamblea-General-Ordinaria-03.jpeg?resize=300%2C104&amp;ssl=1 300w, https:\/\/i0.wp.com\/cdnoticias.com\/wp-content\/uploads\/2021\/10\/Asamblea-General-Ordinaria-03.jpeg?resize=768%2C267&amp;ssl=1 768w, https:\/\/i0.wp.com\/cdnoticias.com\/wp-content\/uploads\/2021\/10\/Asamblea-General-Ordinaria-03.jpeg?w=1280&amp;ssl=1 1280w\" sizes=\"auto, (max-width: 800px) 100vw, 800px\" \/><\/p>\n<p>&nbsp;<\/p>\n<p>El presidente del Consejo de Administraci\u00f3n Ignacio Aramburu se refiri\u00f3 al ejercicio transitado en el marco de la pandemia, a las medidas implementadas para garantizar la prestaci\u00f3n de los servicios esenciales cuidando a los trabajadores y a los asociados; y al acompa\u00f1amiento brindado a nivel residencial, comercial e industrial ante esta compleja realidad.<\/p>\n<p>&nbsp;<\/p>\n<p><em>\u201cSe logr\u00f3 tener un nivel de eficiencia acorde a las dificultades que nos presentaba esta situaci\u00f3n.<strong> Como siempre, aquel socio que tuvo alg\u00fan problema pudo acercarse a plantearlo, se lo escucha se trata de solucionar el problema y nos manejamos realmente como el tipo de entidad que somos<\/strong>, entidad de capital social y solidaria, comprensiva no s\u00f3lo de la pandemia sino de cualquier otra situaci\u00f3n que pudiera afectar a nuestros socios\u201d<\/em> afirm\u00f3 Aramburu.<\/p>\n<p>&nbsp;<\/p>\n<p><img data-recalc-dims=\"1\" loading=\"lazy\" decoding=\"async\" class=\"alignnone size-large wp-image-37161\" src=\"https:\/\/i0.wp.com\/cdnoticias.com\/wp-content\/uploads\/2021\/10\/Asamblea-General-Ordinaria-01.jpeg?resize=800%2C600&#038;ssl=1\" alt=\"\" width=\"800\" height=\"600\" srcset=\"https:\/\/i0.wp.com\/cdnoticias.com\/wp-content\/uploads\/2021\/10\/Asamblea-General-Ordinaria-01.jpeg?resize=1024%2C768&amp;ssl=1 1024w, https:\/\/i0.wp.com\/cdnoticias.com\/wp-content\/uploads\/2021\/10\/Asamblea-General-Ordinaria-01.jpeg?resize=300%2C225&amp;ssl=1 300w, https:\/\/i0.wp.com\/cdnoticias.com\/wp-content\/uploads\/2021\/10\/Asamblea-General-Ordinaria-01.jpeg?resize=768%2C576&amp;ssl=1 768w, https:\/\/i0.wp.com\/cdnoticias.com\/wp-content\/uploads\/2021\/10\/Asamblea-General-Ordinaria-01.jpeg?w=1280&amp;ssl=1 1280w\" sizes=\"auto, (max-width: 800px) 100vw, 800px\" \/><\/p>\n<p>&nbsp;<\/p>\n<p>Respecto de la situaci\u00f3n tarifaria del Servicio El\u00e9ctrico abord\u00f3 sus principales componentes: <strong>destac\u00f3 que en promedio s\u00f3lo el 33% de lo recaudado por las facturas corresponde a Coopelectric (Valor Agregado de Distribuci\u00f3n) y se destina al pago de salarios, mantenimiento, compra de materiales e insumos, costos administrativos y planes de inversi\u00f3n, entre otros<\/strong>. Por su parte,<em> \u201cel 33% corresponde a la energ\u00eda mayorista y el restante 33 % son impuestos directos\u201d.<\/em><\/p>\n<p>&nbsp;<\/p>\n<blockquote><p><em>\u201c<strong>El Valor Agregado de Distribuci\u00f3n est\u00e1 congelado hace m\u00e1s de dos a\u00f1os con una inflaci\u00f3n del 50% lo cual significa que los ingresos de la cooperativa van disminuyendo y los costos van aumentando mes a mes\u201d<\/strong><\/em> explic\u00f3 el titular de Coopelectric y a\u00f1adi\u00f3<em> \u201cHay que destacar que no es un problema exclusivo de la cooperativa de Olavarr\u00eda, sino un problema de las distribuidoras en general en la Provincia de Buenos Aires\u201d.<\/em><\/p><\/blockquote>\n<p>&nbsp;<\/p>\n<p>Otro de los temas salientes consisti\u00f3 en el acompa\u00f1amiento que se brind\u00f3 al plan de vacunaci\u00f3n contra el Covid-19, <em>\u201ca trav\u00e9s de APEBA participamos de la Mesa de Energ\u00eda provincial y colaboramos con la parte t\u00e9cnica, con la compra de grupos generadores, con la atenci\u00f3n de todo lo que significa el servicio el\u00e9ctrico en estos centros de vacunaci\u00f3n donde <strong>es indispensable conservar la cadena de fr\u00edo y tener un flujo constante del suministro. Entendemos que Coopelectric estuvo a la altura de las circunstancias<\/strong>\u201d<\/em> expres\u00f3.<\/p>\n<p>&nbsp;<\/p>\n<p>En cuanto al <strong>Servicio de Obras Sanitarias hizo menci\u00f3n a la puesta en funcionamiento &#8211; durante el ejercicio en tratamiento &#8211; del Pozo de Extracci\u00f3n de Agua en Av. Del Valle esquina Corrientes.<\/strong> Al mismo tiempo, destac\u00f3 el trabajo que se viene realizando en Sierras Bayas donde debido a sus caracter\u00edsticas geogr\u00e1ficas se estudiaron diferentes alternativas t\u00e9cnicas para mejorar el abastecimiento en los sectores m\u00e1s altos de la localidad, especialmente en el varano cuando aumenta la demanda del recurso.<strong><em> \u201cSe est\u00e1 trabajando en la estaci\u00f3n de rebombeo que a trav\u00e9s de un tanque de 10 mil litros con bombas y sensores de presi\u00f3n permitir\u00e1 inyectar agua a la red para llegar a las zonas m\u00e1s elevadas cuando la situaci\u00f3n lo requiera\u201d<\/em><\/strong> detall\u00f3 Aramburu.<\/p>\n<p>&nbsp;<\/p>\n<p>Finalmente subray\u00f3 el funcionamiento de los Servicios Sociales, del Centro de Estudios Universitarios de Coopelectric, la comercializaci\u00f3n del Gas a Granel y la inauguraci\u00f3n del servicio de Fibra \u00d3ptica al Hogar que se habilit\u00f3 en Pueblo Nuevo gracias a la inversi\u00f3n realizada por Infracom-Coopelectric.<\/p>\n<p>&nbsp;<\/p>\n<p>Posteriormente se dio lectura a los puntos establecidos en el Orden del D\u00eda y la Asamblea eligi\u00f3 a sus autoridades. <strong>El delegado Ignacio Pagano fue designado presidente de la Asamblea, el Sr. Jos\u00e9 Luis Veyrand vicepresidente y las delegadas Mar\u00eda Celia Larraburu y Vanesa Andreis como secretarias<\/strong>, por lo cual durante el pr\u00f3ximo per\u00edodo anual dirigir\u00e1n los debates de las Asambleas y rubricar\u00e1n las actas y resoluciones tomadas en ellas.<\/p>\n<p>&nbsp;<\/p>\n<p><img data-recalc-dims=\"1\" loading=\"lazy\" decoding=\"async\" class=\"alignnone size-large wp-image-37160\" src=\"https:\/\/i0.wp.com\/cdnoticias.com\/wp-content\/uploads\/2021\/10\/Asamblea-General-Ordinaria-02.jpeg?resize=800%2C581&#038;ssl=1\" alt=\"\" width=\"800\" height=\"581\" srcset=\"https:\/\/i0.wp.com\/cdnoticias.com\/wp-content\/uploads\/2021\/10\/Asamblea-General-Ordinaria-02.jpeg?resize=1024%2C744&amp;ssl=1 1024w, https:\/\/i0.wp.com\/cdnoticias.com\/wp-content\/uploads\/2021\/10\/Asamblea-General-Ordinaria-02.jpeg?resize=300%2C218&amp;ssl=1 300w, https:\/\/i0.wp.com\/cdnoticias.com\/wp-content\/uploads\/2021\/10\/Asamblea-General-Ordinaria-02.jpeg?resize=768%2C558&amp;ssl=1 768w, https:\/\/i0.wp.com\/cdnoticias.com\/wp-content\/uploads\/2021\/10\/Asamblea-General-Ordinaria-02.jpeg?w=1280&amp;ssl=1 1280w\" sizes=\"auto, (max-width: 800px) 100vw, 800px\" \/><\/p>\n<p>&nbsp;<\/p>\n<p>Durante el desarrollo de la Asamblea Ordinaria se aprob\u00f3 la Memoria y el Balance General, Cuenta de P\u00e9rdidas y Excedentes, Anexos, Notas e Informes de la Auditor\u00eda Externa y la Sindicatura, correspondientes al 90\u00ba Ejercicio Econ\u00f3mico.<\/p>\n<p>&nbsp;<\/p>\n<p>En otros puntos del Orden de D\u00eda se puso a consideraci\u00f3n lo actuado por el Consejo de Administraci\u00f3n en materia de aportes de Capital y autorizaci\u00f3n para el pr\u00f3ximo per\u00edodo; la gesti\u00f3n del Consejo y de la Sindicatura; y la retribuci\u00f3n de Consejeros.<\/p>\n<p>&nbsp;<\/p>\n<p>Finalmente, <strong>en reemplazo de los Consejeros que cesaron en sus mandatos fueron elegidos como Consejeros Titulares por el per\u00edodo de tres a\u00f1os el Dr. Cruz. Arouxet, el Ing. Alberto Miotti y la Dra. Mar\u00eda Celia Alem.<\/strong> En tanto como Consejeros Suplentes, se desempe\u00f1ar\u00e1n durante un a\u00f1o, el Dr. Jos\u00e9 Eseverri, el Sr. Walter Vega, el Sr. N\u00e9stor Cravero y el Sr. Domingo Soraiz. Asimismo, el Ing. Horacio Balbiani fue designado S\u00edndico Titular y el Dr. Am\u00edlcar Dirazar, S\u00edndico Suplente.<\/p>\n<p>&nbsp;<\/p>\n<p>La semana pr\u00f3xima, <strong>los integrantes del Consejo se reunir\u00e1n en la sede administrativa de la Cooperativa para proceder a la distribuci\u00f3n de cargos y conformar el nuevo Consejo de Administraci\u00f3n de Coopelectric.<\/strong><\/p>\n","protected":false},"excerpt":{"rendered":"<p>Fue en la jornada del viernes, en el Club Pueblo Nuevo. Destacaron que \u201clos ingresos de la cooperativa van disminuyendo<\/p>\n","protected":false},"author":2,"featured_media":37158,"comment_status":"closed","ping_status":"closed","sticky":false,"template":"","format":"standard","meta":{"_jetpack_memberships_contains_paid_content":false,"footnotes":""},"categories":[5,1],"tags":[],"class_list":["post-37157","post","type-post","status-publish","format-standard","has-post-thumbnail","hentry","category-informacion-general","category-portada"],"jetpack_featured_media_url":"https:\/\/i0.wp.com\/cdnoticias.com\/wp-content\/uploads\/2021\/10\/Asamblea-General-Ordinaria-04.jpeg?fit=1600%2C1200&ssl=1","jetpack_sharing_enabled":true,"_links":{"self":[{"href":"https:\/\/cdnoticias.com\/index.php\/wp-json\/wp\/v2\/posts\/37157","targetHints":{"allow":["GET"]}}],"collection":[{"href":"https:\/\/cdnoticias.com\/index.php\/wp-json\/wp\/v2\/posts"}],"about":[{"href":"https:\/\/cdnoticias.com\/index.php\/wp-json\/wp\/v2\/types\/post"}],"author":[{"embeddable":true,"href":"https:\/\/cdnoticias.com\/index.php\/wp-json\/wp\/v2\/users\/2"}],"replies":[{"embeddable":true,"href":"https:\/\/cdnoticias.com\/index.php\/wp-json\/wp\/v2\/comments?post=37157"}],"version-history":[{"count":0,"href":"https:\/\/cdnoticias.com\/index.php\/wp-json\/wp\/v2\/posts\/37157\/revisions"}],"wp:featuredmedia":[{"embeddable":true,"href":"https:\/\/cdnoticias.com\/index.php\/wp-json\/wp\/v2\/media\/37158"}],"wp:attachment":[{"href":"https:\/\/cdnoticias.com\/index.php\/wp-json\/wp\/v2\/media?parent=37157"}],"wp:term":[{"taxonomy":"category","embeddable":true,"href":"https:\/\/cdnoticias.com\/index.php\/wp-json\/wp\/v2\/categories?post=37157"},{"taxonomy":"post_tag","embeddable":true,"href":"https:\/\/cdnoticias.com\/index.php\/wp-json\/wp\/v2\/tags?post=37157"}],"curies":[{"name":"wp","href":"https:\/\/api.w.org\/{rel}","templated":true}]}}