{"id":37133,"date":"2021-10-30T13:59:29","date_gmt":"2021-10-30T16:59:29","guid":{"rendered":"http:\/\/www.centraldenoticias.com.ar\/?p=37133"},"modified":"2021-10-30T13:59:29","modified_gmt":"2021-10-30T16:59:29","slug":"ahora-nosotrxs-encuentro-de-juventudes-organizado-por-el-frente-de-todos","status":"publish","type":"post","link":"https:\/\/cdnoticias.com\/index.php\/2021\/10\/30\/ahora-nosotrxs-encuentro-de-juventudes-organizado-por-el-frente-de-todos\/","title":{"rendered":"Ahora Nosotrxs: encuentro de juventudes organizado por el Frente de Todos"},"content":{"rendered":"<p>Una gran cantidad de j\u00f3venes se reunieron en el sal\u00f3n del Centro de Empleados de Comercio para debatir, hablar de la actualidad y de pol\u00edtica.<!--more--><\/p>\n<hr \/>\n<p>Durante la jornada del viernes se llev\u00f3 a cabo en el sal\u00f3n del Centro de Empleados de Comercio el encuentro denominado<strong> \u201cAhora Nosotrxs\u201d<\/strong> que reuni\u00f3 una gran cantidad de j\u00f3venes.<\/p>\n<p>&nbsp;<\/p>\n<p>La actividad <strong>cont\u00f3 adem\u00e1s con la presencia de candidatos y candidatas del Frente de Todos<\/strong> quienes durante m\u00e1s de dos horas charlaron abiertamente con la juventud y se animaron a responder sobre todas las tem\u00e1ticas.<\/p>\n<p>&nbsp;<\/p>\n<p><img data-recalc-dims=\"1\" loading=\"lazy\" decoding=\"async\" class=\"alignnone size-large wp-image-37141\" src=\"https:\/\/i0.wp.com\/cdnoticias.com\/wp-content\/uploads\/2021\/10\/WhatsApp-Image-2021-10-30-at-10.44.18.jpeg?resize=800%2C533&#038;ssl=1\" alt=\"\" width=\"800\" height=\"533\" srcset=\"https:\/\/i0.wp.com\/cdnoticias.com\/wp-content\/uploads\/2021\/10\/WhatsApp-Image-2021-10-30-at-10.44.18.jpeg?resize=1024%2C682&amp;ssl=1 1024w, https:\/\/i0.wp.com\/cdnoticias.com\/wp-content\/uploads\/2021\/10\/WhatsApp-Image-2021-10-30-at-10.44.18.jpeg?resize=300%2C200&amp;ssl=1 300w, https:\/\/i0.wp.com\/cdnoticias.com\/wp-content\/uploads\/2021\/10\/WhatsApp-Image-2021-10-30-at-10.44.18.jpeg?resize=768%2C512&amp;ssl=1 768w, https:\/\/i0.wp.com\/cdnoticias.com\/wp-content\/uploads\/2021\/10\/WhatsApp-Image-2021-10-30-at-10.44.18.jpeg?resize=272%2C182&amp;ssl=1 272w, https:\/\/i0.wp.com\/cdnoticias.com\/wp-content\/uploads\/2021\/10\/WhatsApp-Image-2021-10-30-at-10.44.18.jpeg?w=1280&amp;ssl=1 1280w\" sizes=\"auto, (max-width: 800px) 100vw, 800px\" \/><\/p>\n<p>Durante el evento una colorida ruleta electr\u00f3nica fue la encargada de definir los ejes de los temas que guiaron la charla: <strong>ambiente, salud, g\u00e9nero, diversidad, educaci\u00f3n y cultura, participaci\u00f3n pol\u00edtica, \u201crandom\u201d, nocturnidad y empleo.<\/strong><\/p>\n<p>Por su parte, <strong>Maximiliano Wesner candidato a concejal por el Frente de Todos<\/strong> indic\u00f3: <em>\u201cLa verdad que la actividad sali\u00f3 excelente y a nosotros estos encuentros nos brindan mucha informaci\u00f3n, los pibes y las pibas tienen una claridad admirable, se animan a hablar de todo, nos plantearon distintas problem\u00e1ticas y nos llevamos un mont\u00f3n de disparadores para seguir trabajando\u201d.<\/em><\/p>\n<p>&nbsp;<\/p>\n<p><img data-recalc-dims=\"1\" loading=\"lazy\" decoding=\"async\" class=\"alignnone size-large wp-image-37137\" src=\"https:\/\/i0.wp.com\/cdnoticias.com\/wp-content\/uploads\/2021\/10\/WhatsApp-Image-2021-10-30-at-10.44.21.jpeg?resize=800%2C533&#038;ssl=1\" alt=\"\" width=\"800\" height=\"533\" srcset=\"https:\/\/i0.wp.com\/cdnoticias.com\/wp-content\/uploads\/2021\/10\/WhatsApp-Image-2021-10-30-at-10.44.21.jpeg?resize=1024%2C682&amp;ssl=1 1024w, https:\/\/i0.wp.com\/cdnoticias.com\/wp-content\/uploads\/2021\/10\/WhatsApp-Image-2021-10-30-at-10.44.21.jpeg?resize=300%2C200&amp;ssl=1 300w, https:\/\/i0.wp.com\/cdnoticias.com\/wp-content\/uploads\/2021\/10\/WhatsApp-Image-2021-10-30-at-10.44.21.jpeg?resize=768%2C512&amp;ssl=1 768w, https:\/\/i0.wp.com\/cdnoticias.com\/wp-content\/uploads\/2021\/10\/WhatsApp-Image-2021-10-30-at-10.44.21.jpeg?resize=272%2C182&amp;ssl=1 272w, https:\/\/i0.wp.com\/cdnoticias.com\/wp-content\/uploads\/2021\/10\/WhatsApp-Image-2021-10-30-at-10.44.21.jpeg?w=1280&amp;ssl=1 1280w\" sizes=\"auto, (max-width: 800px) 100vw, 800px\" \/><\/p>\n<p><em>\u201c<strong>Hablamos de la falta de empleo y de oportunidades, la informalidad laboral, sobre diversidad, Ley Micaela, la necesidad del cumplimiento efectivo de la ESI, entre much\u00edsimos otros temas.<\/strong> Ojal\u00e1 cada vez sean m\u00e1s los que se animen a estos encuentros y nosotros como futuros representantes nos comprometemos a trabajar para que todas las demandas de la juventud sean parte de la agenda legislativa\u201d<\/em>, concluy\u00f3 Wesner.<\/p>\n<p>&nbsp;<\/p>\n<p><img data-recalc-dims=\"1\" loading=\"lazy\" decoding=\"async\" class=\"alignnone size-large wp-image-37134\" src=\"https:\/\/i0.wp.com\/cdnoticias.com\/wp-content\/uploads\/2021\/10\/WhatsApp-Image-2021-10-30-at-10.44.23.jpeg?resize=800%2C533&#038;ssl=1\" alt=\"\" width=\"800\" height=\"533\" srcset=\"https:\/\/i0.wp.com\/cdnoticias.com\/wp-content\/uploads\/2021\/10\/WhatsApp-Image-2021-10-30-at-10.44.23.jpeg?resize=1024%2C682&amp;ssl=1 1024w, https:\/\/i0.wp.com\/cdnoticias.com\/wp-content\/uploads\/2021\/10\/WhatsApp-Image-2021-10-30-at-10.44.23.jpeg?resize=300%2C200&amp;ssl=1 300w, https:\/\/i0.wp.com\/cdnoticias.com\/wp-content\/uploads\/2021\/10\/WhatsApp-Image-2021-10-30-at-10.44.23.jpeg?resize=768%2C512&amp;ssl=1 768w, https:\/\/i0.wp.com\/cdnoticias.com\/wp-content\/uploads\/2021\/10\/WhatsApp-Image-2021-10-30-at-10.44.23.jpeg?resize=272%2C182&amp;ssl=1 272w, https:\/\/i0.wp.com\/cdnoticias.com\/wp-content\/uploads\/2021\/10\/WhatsApp-Image-2021-10-30-at-10.44.23.jpeg?w=1280&amp;ssl=1 1280w\" sizes=\"auto, (max-width: 800px) 100vw, 800px\" \/><\/p>\n<p>&#8220;Ahora Nosotrxs&#8221; cont\u00f3 con la participaci\u00f3n de una gran cantidad de j\u00f3venes de Olavarr\u00eda que se acercaron de manera espont\u00e1nea y que en muchos casos era la primera vez que se sumaban a un encuentro de este tipo, como as\u00ed tambi\u00e9n militantes de <strong>Foro Olavarr\u00eda, Proyecto Peronista, La C\u00e1mpora, La Corriente, JP, Movimiento Evita, Unidad Popular, Movimiento Mayo, Nuestram\u00e9rica MP y el Frente de Todos.<\/strong><\/p>\n","protected":false},"excerpt":{"rendered":"<p>Una gran cantidad de j\u00f3venes se reunieron en el sal\u00f3n del Centro de Empleados de Comercio para debatir, hablar de<\/p>\n","protected":false},"author":5,"featured_media":37140,"comment_status":"closed","ping_status":"closed","sticky":false,"template":"","format":"standard","meta":{"_jetpack_memberships_contains_paid_content":false,"footnotes":""},"categories":[4,1],"tags":[],"class_list":["post-37133","post","type-post","status-publish","format-standard","has-post-thumbnail","hentry","category-politica","category-portada"],"jetpack_featured_media_url":"https:\/\/i0.wp.com\/cdnoticias.com\/wp-content\/uploads\/2021\/10\/WhatsApp-Image-2021-10-30-at-10.44.19.jpeg?fit=1600%2C712&ssl=1","jetpack_sharing_enabled":true,"_links":{"self":[{"href":"https:\/\/cdnoticias.com\/index.php\/wp-json\/wp\/v2\/posts\/37133","targetHints":{"allow":["GET"]}}],"collection":[{"href":"https:\/\/cdnoticias.com\/index.php\/wp-json\/wp\/v2\/posts"}],"about":[{"href":"https:\/\/cdnoticias.com\/index.php\/wp-json\/wp\/v2\/types\/post"}],"author":[{"embeddable":true,"href":"https:\/\/cdnoticias.com\/index.php\/wp-json\/wp\/v2\/users\/5"}],"replies":[{"embeddable":true,"href":"https:\/\/cdnoticias.com\/index.php\/wp-json\/wp\/v2\/comments?post=37133"}],"version-history":[{"count":0,"href":"https:\/\/cdnoticias.com\/index.php\/wp-json\/wp\/v2\/posts\/37133\/revisions"}],"wp:featuredmedia":[{"embeddable":true,"href":"https:\/\/cdnoticias.com\/index.php\/wp-json\/wp\/v2\/media\/37140"}],"wp:attachment":[{"href":"https:\/\/cdnoticias.com\/index.php\/wp-json\/wp\/v2\/media?parent=37133"}],"wp:term":[{"taxonomy":"category","embeddable":true,"href":"https:\/\/cdnoticias.com\/index.php\/wp-json\/wp\/v2\/categories?post=37133"},{"taxonomy":"post_tag","embeddable":true,"href":"https:\/\/cdnoticias.com\/index.php\/wp-json\/wp\/v2\/tags?post=37133"}],"curies":[{"name":"wp","href":"https:\/\/api.w.org\/{rel}","templated":true}]}}