{"id":37122,"date":"2021-10-30T11:37:18","date_gmt":"2021-10-30T14:37:18","guid":{"rendered":"http:\/\/www.centraldenoticias.com.ar\/?p=37122"},"modified":"2021-10-30T14:15:39","modified_gmt":"2021-10-30T17:15:39","slug":"antena-en-colonia-nievas-los-vecinos-volveran-a-reunirse-este-sabado","status":"publish","type":"post","link":"https:\/\/cdnoticias.com\/index.php\/2021\/10\/30\/antena-en-colonia-nievas-los-vecinos-volveran-a-reunirse-este-sabado\/","title":{"rendered":"Antena en Colonia Nievas: los vecinos volver\u00e1n a reunirse este s\u00e1bado"},"content":{"rendered":"<p>Ser\u00e1 desde las 17 en la iglesia de la localidad. Contin\u00faa el pedido de reubicaci\u00f3n de una antena de telefon\u00eda. \u00bfCu\u00e1les fueron los pasos dados hasta el momento?.<!--more--><\/p>\n<hr \/>\n<p>Los vecinos y vecinas de Colonia Nievas <strong>volver\u00e1n a reunirse este s\u00e1bado a partir de las 17 para reafirmar el pedido de reubicaci\u00f3n de la antena de Telecom-Personal emplazada en un predio cercano a la iglesia San Migue Arc\u00e1ngel.<\/strong><\/p>\n<p>&nbsp;<\/p>\n<p>D\u00edas atr\u00e1s, mantuvieron un <a href=\"https:\/\/cdnoticias.com\/index.php\/2021\/10\/26\/el-municipio-inicio-la-negociacion-para-el-retiro-de-la-antena-en-colonia-nievas\/\" target=\"_blank\" rel=\"noopener\">encuentro en el Palacio Municipal con autoridades municipales<\/a> para entregar una nota de rechazo a la colocaci\u00f3n de la antena de telefon\u00eda.<\/p>\n<p>&nbsp;<\/p>\n<p><img data-recalc-dims=\"1\" loading=\"lazy\" decoding=\"async\" class=\"alignnone size-full wp-image-36159\" src=\"https:\/\/i0.wp.com\/cdnoticias.com\/wp-content\/uploads\/2021\/10\/antena-colonia-nievas-01.jpg?resize=800%2C445&#038;ssl=1\" alt=\"\" width=\"800\" height=\"445\" srcset=\"https:\/\/i0.wp.com\/cdnoticias.com\/wp-content\/uploads\/2021\/10\/antena-colonia-nievas-01.jpg?w=800&amp;ssl=1 800w, https:\/\/i0.wp.com\/cdnoticias.com\/wp-content\/uploads\/2021\/10\/antena-colonia-nievas-01.jpg?resize=300%2C167&amp;ssl=1 300w, https:\/\/i0.wp.com\/cdnoticias.com\/wp-content\/uploads\/2021\/10\/antena-colonia-nievas-01.jpg?resize=768%2C427&amp;ssl=1 768w\" sizes=\"auto, (max-width: 800px) 100vw, 800px\" \/><\/p>\n<p>&nbsp;<\/p>\n<p>El petitorio consisti\u00f3 en que los 23 vecinos que el a\u00f1o pasado hab\u00edan avalado la instalaci\u00f3n del equipo revocaron esa postura y manifestaron su rechazo. <strong>Se hizo hincapi\u00e9 en que la decisi\u00f3n inicial se tom\u00f3 con informaci\u00f3n incompleta, sesgada y falsa.<\/strong> Sostuvieron que fueron \u201cinducidos a error\u201d.<\/p>\n<p>&nbsp;<\/p>\n<p>En ese encuentro, el subsecretario de Asuntos Legales, Marcelo Fabbi, les inform\u00f3 que se hab\u00eda iniciado la negociaci\u00f3n con la empresa propietaria de la antena para pedir el retiro. <strong>Aunque los primeros resultados no fueron alentadores.<\/strong><\/p>\n<p>&nbsp;<\/p>\n<p>Asimismo, la pol\u00e9mica en torno a la instalaci\u00f3n de esta antena <a href=\"https:\/\/cdnoticias.com\/index.php\/2021\/10\/28\/antena-en-colonia-nievas-no-se-a-que-municipio-se-le-puede-ocurrir-semejante-decision\/\" target=\"_blank\" rel=\"noopener\">lleg\u00f3 el mi\u00e9rcoles al Concejo Deliberante.<\/a> Fue precisamente la concejala Mercedes Land\u00edvar quien se mostr\u00f3 a favor de poder hablar con los vecinos y vecinas y del pase a comisi\u00f3n del proyecto.<\/p>\n","protected":false},"excerpt":{"rendered":"<p>Ser\u00e1 desde las 17 en la iglesia de la localidad. Contin\u00faa el pedido de reubicaci\u00f3n de una antena de telefon\u00eda.<\/p>\n","protected":false},"author":5,"featured_media":36219,"comment_status":"closed","ping_status":"closed","sticky":false,"template":"","format":"standard","meta":{"_jetpack_memberships_contains_paid_content":false,"footnotes":""},"categories":[5,1],"tags":[],"class_list":["post-37122","post","type-post","status-publish","format-standard","has-post-thumbnail","hentry","category-informacion-general","category-portada"],"jetpack_featured_media_url":"https:\/\/i0.wp.com\/cdnoticias.com\/wp-content\/uploads\/2021\/10\/colonia-nievas-protesta-antena-00.jpg?fit=800%2C445&ssl=1","jetpack_sharing_enabled":true,"_links":{"self":[{"href":"https:\/\/cdnoticias.com\/index.php\/wp-json\/wp\/v2\/posts\/37122","targetHints":{"allow":["GET"]}}],"collection":[{"href":"https:\/\/cdnoticias.com\/index.php\/wp-json\/wp\/v2\/posts"}],"about":[{"href":"https:\/\/cdnoticias.com\/index.php\/wp-json\/wp\/v2\/types\/post"}],"author":[{"embeddable":true,"href":"https:\/\/cdnoticias.com\/index.php\/wp-json\/wp\/v2\/users\/5"}],"replies":[{"embeddable":true,"href":"https:\/\/cdnoticias.com\/index.php\/wp-json\/wp\/v2\/comments?post=37122"}],"version-history":[{"count":0,"href":"https:\/\/cdnoticias.com\/index.php\/wp-json\/wp\/v2\/posts\/37122\/revisions"}],"wp:featuredmedia":[{"embeddable":true,"href":"https:\/\/cdnoticias.com\/index.php\/wp-json\/wp\/v2\/media\/36219"}],"wp:attachment":[{"href":"https:\/\/cdnoticias.com\/index.php\/wp-json\/wp\/v2\/media?parent=37122"}],"wp:term":[{"taxonomy":"category","embeddable":true,"href":"https:\/\/cdnoticias.com\/index.php\/wp-json\/wp\/v2\/categories?post=37122"},{"taxonomy":"post_tag","embeddable":true,"href":"https:\/\/cdnoticias.com\/index.php\/wp-json\/wp\/v2\/tags?post=37122"}],"curies":[{"name":"wp","href":"https:\/\/api.w.org\/{rel}","templated":true}]}}