{"id":37119,"date":"2021-10-30T12:11:06","date_gmt":"2021-10-30T15:11:06","guid":{"rendered":"http:\/\/www.centraldenoticias.com.ar\/?p=37119"},"modified":"2021-10-30T12:11:06","modified_gmt":"2021-10-30T15:11:06","slug":"aumentara-el-aforo-en-los-eventos-masivos-al-100-desde-el-16-de-noviembre","status":"publish","type":"post","link":"https:\/\/cdnoticias.com\/index.php\/2021\/10\/30\/aumentara-el-aforo-en-los-eventos-masivos-al-100-desde-el-16-de-noviembre\/","title":{"rendered":"Aumentar\u00e1 el aforo en los eventos masivos al 100% desde el 16 de noviembre"},"content":{"rendered":"<p>Carla Vizzotti destac\u00f3 que la situaci\u00f3n se mantiene estable, aunque hay que seguir monitoreando para ver c\u00f3mo evoluciona, y que la variante Delta est\u00e1 aumentando la proporci\u00f3n del n\u00famero de infectados.<!--more--><\/p>\n<hr \/>\n<p>La ministra de Salud, Carla Vizzotti, anunci\u00f3 que<strong> a partir del 16 de noviembre pr\u00f3ximo se habilitar\u00e1 un aforo del 100 por ciento para los eventos masivos<\/strong>, en coincidencia con la disputa en San Juan del partido entre las selecciones de f\u00fatbol de Argentina y Brasil por las eliminatorias sudamericanas para el Mundial de 2022.<\/p>\n<p>&nbsp;<\/p>\n<p>A su vez, remarc\u00f3 que<strong> octubre fue el mes con menos casos de coronavirus del a\u00f1o<\/strong> y que la situaci\u00f3n epidemiol\u00f3gica se encuentra &#8220;estable&#8221;.<\/p>\n<p>&nbsp;<\/p>\n<p>En una conferencia de prensa explic\u00f3 que el ingreso a los eventos masivos <strong>tendr\u00e1 el requisito de al menos una dosis de vacuna contra el coronavirus y el uso de tapabocas cuando se desarrolle en lugares cerrados.<\/strong><\/p>\n<p>&nbsp;<\/p>\n<p><strong>Situaci\u00f3n epidemiol\u00f3gica<\/strong><\/p>\n<p>&nbsp;<\/p>\n<p>Vizzotti destac\u00f3 que <em>&#8220;tenemos un promedio de menos de 780 casos por d\u00eda, muy bajo si lo comparamos con los casi 27 mil casos diarios del mes de mayo&#8221;.<\/em><\/p>\n<p>&nbsp;<\/p>\n<p>Tambi\u00e9n asever\u00f3 que hubo <strong><em>&#8220;20 semanas de descenso (de casos) y que las \u00faltimas dos semanas se produjo una peque\u00f1a fluctuaci\u00f3n en los grandes conglomerados, generalmente a expensas de la circulaci\u00f3n de la variante Delta&#8221;.<\/em><\/strong><\/p>\n<p>&nbsp;<\/p>\n<p>En cuanto a esa variante, dijo que<em> &#8220;est\u00e1 aumentando la proporci\u00f3n en relaci\u00f3n a otras en el n\u00famero de casos, sobre todo en personas sin antecedentes de viaje y sin relaci\u00f3n con alguien que haya tenido viajes. Tenemos el 61% total de pa\u00eds siendo delta y el 80% en el AMBA&#8221;<\/em>, aclar\u00f3.<\/p>\n<p>&nbsp;<\/p>\n<p>Y especific\u00f3 que<em> &#8220;se observa<strong> transmisi\u00f3n comunitaria en las provincias de Salta, Neuqu\u00e9n, Santa Fe y Tucum\u00e1n;<\/strong> era lo esperado, el \u00e9xito de retrasar el ingreso, el \u00e9xito de retrasar la circulaci\u00f3n predominante, y haber llegado a coberturas de vacunaci\u00f3n con esquema completo satisfactorio&#8221;.<\/em><\/p>\n<p>&nbsp;<\/p>\n<blockquote><p>No obstante, destac\u00f3 que la situaci\u00f3n epidemiol\u00f3gica es &#8220;estable&#8221; y que se seguir\u00e1 monitoreando &#8220;para poder definir como sigue esta tendencia del n\u00famero de casos&#8221;.<\/p><\/blockquote>\n<p>&nbsp;<\/p>\n<p>Tambi\u00e9n dijo que hay un<strong> aumento de la proporci\u00f3n de casos en los menores de 18 a\u00f1os.<\/strong> <em>&#8220;Por eso es tan importante avanzar con la vacunaci\u00f3n en adolescentes, ni\u00f1os y ni\u00f1as&#8221;<\/em>, a\u00f1adi\u00f3.<\/p>\n<p>&nbsp;<\/p>\n<p>Remarc\u00f3 que hay un <strong>descenso de las internaciones de pacientes con coronavirus<\/strong>, con alrededor de 600 personas ingresadas en terapia intensiva, &#8220;el n\u00famero m\u00e1s bajo de todo el a\u00f1o si nos remontamos a junio del a\u00f1o pasado&#8221;.<\/p>\n<p>&nbsp;<\/p>\n<p>La ministra a\u00f1adi\u00f3 que <strong><em>&#8220;la mortalidad sigue descendiendo en la semana consecutiva n\u00famero 20, con una disminuci\u00f3n del 25% respecto a la semana previa&#8221;.<\/em><\/strong><\/p>\n<p>&nbsp;<\/p>\n<p><strong>Otros anuncios<\/strong><\/p>\n<p>&nbsp;<\/p>\n<p>Entre los anuncios destacados tambi\u00e9n se encuentra la<strong> eliminaci\u00f3n del test de ant\u00edgeno al ingreso al pa\u00eds desde el 1 de noviembre<\/strong>, cuando se emita la decisi\u00f3n administrativa, <em>&#8220;gracias a que ya tenemos el 56% de la poblaci\u00f3n global que ha completado su esquema de vacunaci\u00f3n y atento a que se ha cumplido el objetivo de retrasar la circulaci\u00f3n de la variante Delta&#8221;.<\/em><\/p>\n<p>&nbsp;<\/p>\n<p><strong>Los vacunados que ingresan al pa\u00eds ya no realizan ese test<\/strong> y se planea retirarlo tambi\u00e9n con los no vacunados menores de 18 a\u00f1os.<\/p>\n<p>&nbsp;<\/p>\n<p>Tambi\u00e9n <strong>se eliminar\u00e1 la realizaci\u00f3n de un test PCR entre el quinto y s\u00e9ptimo d\u00eda para las personas vacunadas<\/strong> , mientras que los menores de 18 a\u00f1os, vacunados o no vacunados, y argentinos o extranjeros, estar\u00e1n eximidos de cumplir la cuarentena.<\/p>\n<p>&nbsp;<\/p>\n<p>Por \u00faltimo, inform\u00f3 que<strong> se autoriza el transporte terrestre con ingreso al pa\u00eds a trav\u00e9s de colectivos con el requisito del PCR al menos 72 horas antes y el esquema de vacunaci\u00f3n completo.<\/strong><\/p>\n<p>&nbsp;<\/p>\n<p>Y lo mismo en relaci\u00f3n al<strong> transporte en ferry<\/strong>, donde se aumenta el aforo al 100%.<\/p>\n<p>&nbsp;<\/p>\n<p>Fuente: T\u00e9lam<\/p>\n","protected":false},"excerpt":{"rendered":"<p>Carla Vizzotti destac\u00f3 que la situaci\u00f3n se mantiene estable, aunque hay que seguir monitoreando para ver c\u00f3mo evoluciona, y que<\/p>\n","protected":false},"author":5,"featured_media":37120,"comment_status":"closed","ping_status":"closed","sticky":false,"template":"","format":"standard","meta":{"_jetpack_memberships_contains_paid_content":false,"footnotes":""},"categories":[6,1],"tags":[],"class_list":["post-37119","post","type-post","status-publish","format-standard","has-post-thumbnail","hentry","category-nacionales","category-portada"],"jetpack_featured_media_url":"https:\/\/i0.wp.com\/cdnoticias.com\/wp-content\/uploads\/2021\/10\/vizzotti.jpg?fit=900%2C506&ssl=1","jetpack_sharing_enabled":true,"_links":{"self":[{"href":"https:\/\/cdnoticias.com\/index.php\/wp-json\/wp\/v2\/posts\/37119","targetHints":{"allow":["GET"]}}],"collection":[{"href":"https:\/\/cdnoticias.com\/index.php\/wp-json\/wp\/v2\/posts"}],"about":[{"href":"https:\/\/cdnoticias.com\/index.php\/wp-json\/wp\/v2\/types\/post"}],"author":[{"embeddable":true,"href":"https:\/\/cdnoticias.com\/index.php\/wp-json\/wp\/v2\/users\/5"}],"replies":[{"embeddable":true,"href":"https:\/\/cdnoticias.com\/index.php\/wp-json\/wp\/v2\/comments?post=37119"}],"version-history":[{"count":0,"href":"https:\/\/cdnoticias.com\/index.php\/wp-json\/wp\/v2\/posts\/37119\/revisions"}],"wp:featuredmedia":[{"embeddable":true,"href":"https:\/\/cdnoticias.com\/index.php\/wp-json\/wp\/v2\/media\/37120"}],"wp:attachment":[{"href":"https:\/\/cdnoticias.com\/index.php\/wp-json\/wp\/v2\/media?parent=37119"}],"wp:term":[{"taxonomy":"category","embeddable":true,"href":"https:\/\/cdnoticias.com\/index.php\/wp-json\/wp\/v2\/categories?post=37119"},{"taxonomy":"post_tag","embeddable":true,"href":"https:\/\/cdnoticias.com\/index.php\/wp-json\/wp\/v2\/tags?post=37119"}],"curies":[{"name":"wp","href":"https:\/\/api.w.org\/{rel}","templated":true}]}}