{"id":3707,"date":"2020-10-11T16:02:23","date_gmt":"2020-10-11T19:02:23","guid":{"rendered":"http:\/\/www.centraldenoticias.com.ar\/?p=3707"},"modified":"2020-10-11T16:02:23","modified_gmt":"2020-10-11T19:02:23","slug":"carlos-alfredo-mendez","status":"publish","type":"post","link":"https:\/\/cdnoticias.com\/index.php\/2020\/10\/11\/carlos-alfredo-mendez\/","title":{"rendered":"Carlos Alfredo Mendez"},"content":{"rendered":"<p>Falleci\u00f3 en Olavarr\u00eda el d\u00eda 11 de octubre de 2020 a los 74 a\u00f1os de edad. Lo despiden con amor su esposa Celeste y sus hijas Agustina y Mercedes.<\/p>\n<p>No se realiza velatorio ni responso. Inhumaci\u00f3n: Cementerio Loma De Paz lunes a las 10.30. Servicio adherido a Coopelectric. Era ingeniero.<\/p>\n","protected":false},"excerpt":{"rendered":"<p>Falleci\u00f3 en Olavarr\u00eda el d\u00eda 11 de octubre de 2020 a los 74 a\u00f1os de edad. Lo despiden con amor<\/p>\n","protected":false},"author":4,"featured_media":0,"comment_status":"closed","ping_status":"closed","sticky":false,"template":"","format":"standard","meta":{"_jetpack_memberships_contains_paid_content":false,"footnotes":""},"categories":[10],"tags":[],"class_list":["post-3707","post","type-post","status-publish","format-standard","hentry","category-necrologicas"],"jetpack_featured_media_url":"","jetpack_sharing_enabled":true,"_links":{"self":[{"href":"https:\/\/cdnoticias.com\/index.php\/wp-json\/wp\/v2\/posts\/3707","targetHints":{"allow":["GET"]}}],"collection":[{"href":"https:\/\/cdnoticias.com\/index.php\/wp-json\/wp\/v2\/posts"}],"about":[{"href":"https:\/\/cdnoticias.com\/index.php\/wp-json\/wp\/v2\/types\/post"}],"author":[{"embeddable":true,"href":"https:\/\/cdnoticias.com\/index.php\/wp-json\/wp\/v2\/users\/4"}],"replies":[{"embeddable":true,"href":"https:\/\/cdnoticias.com\/index.php\/wp-json\/wp\/v2\/comments?post=3707"}],"version-history":[{"count":0,"href":"https:\/\/cdnoticias.com\/index.php\/wp-json\/wp\/v2\/posts\/3707\/revisions"}],"wp:attachment":[{"href":"https:\/\/cdnoticias.com\/index.php\/wp-json\/wp\/v2\/media?parent=3707"}],"wp:term":[{"taxonomy":"category","embeddable":true,"href":"https:\/\/cdnoticias.com\/index.php\/wp-json\/wp\/v2\/categories?post=3707"},{"taxonomy":"post_tag","embeddable":true,"href":"https:\/\/cdnoticias.com\/index.php\/wp-json\/wp\/v2\/tags?post=3707"}],"curies":[{"name":"wp","href":"https:\/\/api.w.org\/{rel}","templated":true}]}}