{"id":37041,"date":"2021-10-29T17:47:34","date_gmt":"2021-10-29T20:47:34","guid":{"rendered":"http:\/\/www.centraldenoticias.com.ar\/?p=37041"},"modified":"2021-10-29T17:48:41","modified_gmt":"2021-10-29T20:48:41","slug":"hacemos-un-homenaje-a-soda-con-mucho-amor-y-respeto","status":"publish","type":"post","link":"https:\/\/cdnoticias.com\/index.php\/2021\/10\/29\/hacemos-un-homenaje-a-soda-con-mucho-amor-y-respeto\/","title":{"rendered":"&#8220;Hacemos un homenaje a Soda con mucho amor y respeto&#8221;"},"content":{"rendered":"<p>La banda tributo El cuarto Soda se present\u00f3 el jueves en el Teatro Municipal con una representaci\u00f3n fiel a Soda Stereo.\u00a0<!--more--><\/p>\n<hr \/>\n<p><em>Por: Danisa Jaime<\/em><\/p>\n<p>&nbsp;<\/p>\n<p>El<strong>\u00a0jueves 28<\/strong> se present\u00f3 la <strong>banda tributo &#8220;El cuarto Soda&#8221;<\/strong> en el <strong>Teatro Municipal a sala llena<\/strong>. A lo largo de <strong>dos horas pudieron representar fielmente<\/strong> lo que fue la banda nacional ic\u00f3nica, <strong>Soda Stereo<\/strong>.<\/p>\n<p>&nbsp;<\/p>\n<p>El show comenz\u00f3 con <em><strong>&#8220;Juegos de Seducci\u00f3n&#8221;<\/strong><\/em> seguido de<em><strong> &#8220;El Temblor&#8221;<\/strong><\/em>. El Cuarto Soda <strong>no solo recrea en vivo los sonidos particulares del trio rockero<\/strong>, sino que tambi\u00e9n hace uso de su <strong>vestimenta y maquillajes.<\/strong><\/p>\n<p>&nbsp;<\/p>\n<p><img data-recalc-dims=\"1\" loading=\"lazy\" decoding=\"async\" class=\"aligncenter wp-image-37051 size-large\" src=\"https:\/\/i0.wp.com\/cdnoticias.com\/wp-content\/uploads\/2021\/10\/IMG_4735.jpg?resize=800%2C600&#038;ssl=1\" alt=\"\" width=\"800\" height=\"600\" srcset=\"https:\/\/i0.wp.com\/cdnoticias.com\/wp-content\/uploads\/2021\/10\/IMG_4735.jpg?resize=1024%2C768&amp;ssl=1 1024w, https:\/\/i0.wp.com\/cdnoticias.com\/wp-content\/uploads\/2021\/10\/IMG_4735.jpg?resize=300%2C225&amp;ssl=1 300w, https:\/\/i0.wp.com\/cdnoticias.com\/wp-content\/uploads\/2021\/10\/IMG_4735.jpg?resize=768%2C576&amp;ssl=1 768w, https:\/\/i0.wp.com\/cdnoticias.com\/wp-content\/uploads\/2021\/10\/IMG_4735.jpg?w=1600&amp;ssl=1 1600w\" sizes=\"auto, (max-width: 800px) 100vw, 800px\" \/><\/p>\n<p>&nbsp;<\/p>\n<p>El <strong>tributo creado en 2017<\/strong> est\u00e1 integrado por <strong>Brian Tolenti<\/strong> en guitarra y voz, <strong>Pol Walls<\/strong> en bajo y coros y <strong>Gabriel Muscio <\/strong>en bater\u00eda y percusi\u00f3n. El cantante principal, <strong>logr\u00f3 recrear una voz muy parecida<\/strong> al m\u00fasico <strong>Gustavo Cerati<\/strong>, as\u00ed como tambi\u00e9n sus <strong>gestos y una fuerte presencia<\/strong> sobre el escenario.<\/p>\n<p>&nbsp;<\/p>\n<p><img data-recalc-dims=\"1\" loading=\"lazy\" decoding=\"async\" class=\"aligncenter wp-image-37052 size-large\" src=\"https:\/\/i0.wp.com\/cdnoticias.com\/wp-content\/uploads\/2021\/10\/IMG_4695.jpg?resize=768%2C1024&#038;ssl=1\" alt=\"\" width=\"768\" height=\"1024\" srcset=\"https:\/\/i0.wp.com\/cdnoticias.com\/wp-content\/uploads\/2021\/10\/IMG_4695.jpg?resize=768%2C1024&amp;ssl=1 768w, https:\/\/i0.wp.com\/cdnoticias.com\/wp-content\/uploads\/2021\/10\/IMG_4695.jpg?resize=225%2C300&amp;ssl=1 225w, https:\/\/i0.wp.com\/cdnoticias.com\/wp-content\/uploads\/2021\/10\/IMG_4695.jpg?w=1728&amp;ssl=1 1728w, https:\/\/i0.wp.com\/cdnoticias.com\/wp-content\/uploads\/2021\/10\/IMG_4695.jpg?w=1600&amp;ssl=1 1600w\" sizes=\"auto, (max-width: 768px) 100vw, 768px\" \/><\/p>\n<p>&nbsp;<\/p>\n<p><em><strong>&#8220;Persiana americana&#8221;<\/strong><\/em> y<em><strong> &#8220;Zoom&#8221;<\/strong><\/em> fueron las siguientes piezas seleccionadas, canciones que el <strong>p\u00fablico disfrut\u00f3 entre aplausos y cantos.\u00a0<\/strong>&#8220;Que lindo que est\u00e1n ac\u00e1, <strong>que lindo volver despu\u00e9s de tanto<\/strong>, despu\u00e9s de&#8230;<strong>no la quiero ni nombrar<\/strong>&#8221; expres\u00f3 Tolenti haciendo<strong> referencia a la pandemia por Covid 19<\/strong> y agreg\u00f3: &#8220;Me encanta esta ciudad, es muy linda&#8221;.<\/p>\n<p>&nbsp;<\/p>\n<p>Luego sigui\u00f3 el turno de\u00a0<em><strong>&#8220;Signos&#8221;<\/strong><\/em> y mencion\u00f3 <strong>al Indio Solari en relaci\u00f3n a su historia con Olavarr\u00eda dando paso a\u00a0<\/strong><em><strong>&#8220;En la ciudad de la furia&#8221;.\u00a0<\/strong><\/em><\/p>\n<p>&nbsp;<\/p>\n<p><img data-recalc-dims=\"1\" loading=\"lazy\" decoding=\"async\" class=\"aligncenter wp-image-37053 size-large\" src=\"https:\/\/i0.wp.com\/cdnoticias.com\/wp-content\/uploads\/2021\/10\/IMG_4848.jpg?resize=768%2C1024&#038;ssl=1\" alt=\"\" width=\"768\" height=\"1024\" srcset=\"https:\/\/i0.wp.com\/cdnoticias.com\/wp-content\/uploads\/2021\/10\/IMG_4848.jpg?resize=768%2C1024&amp;ssl=1 768w, https:\/\/i0.wp.com\/cdnoticias.com\/wp-content\/uploads\/2021\/10\/IMG_4848.jpg?resize=225%2C300&amp;ssl=1 225w, https:\/\/i0.wp.com\/cdnoticias.com\/wp-content\/uploads\/2021\/10\/IMG_4848.jpg?w=1728&amp;ssl=1 1728w, https:\/\/i0.wp.com\/cdnoticias.com\/wp-content\/uploads\/2021\/10\/IMG_4848.jpg?w=1600&amp;ssl=1 1600w\" sizes=\"auto, (max-width: 768px) 100vw, 768px\" \/><\/p>\n<p>&nbsp;<\/p>\n<p>&#8220;Como <strong>dec\u00eda Cerati,<\/strong> (que lo extra\u00f1amos mucho)<strong> con vuestro permiso<\/strong>&#8220;, enunci\u00f3 y son\u00f3 <em><strong>&#8220;Lo que Sangra&#8221;.<\/strong><\/em><\/p>\n<p>&nbsp;<\/p>\n<p>El cantante principal<strong> interactu\u00f3 con su p\u00fablico toda la noche<\/strong>. &#8220;<strong>\u00bfEst\u00e1n contentos de poder volver a salir a la vida?.<\/strong> Hay que portarse bien, as\u00ed todo va mejorando&#8221;, dijo antes del momento m\u00e1s tranquilo de la noche.<\/p>\n<p>&nbsp;<\/p>\n<p><em><strong> &#8220;Tr\u00e1tame Suavemente&#8221;, &#8220;Ella uso mi cabeza como un revolver&#8221; , &#8220;En Remolinos&#8221; <\/strong><\/em>y <em><strong>&#8220;Primavera 0&#8221;\u00a0<\/strong><\/em>fueron las siguientes canciones elegidas.<\/p>\n<p>&nbsp;<\/p>\n<p><img data-recalc-dims=\"1\" loading=\"lazy\" decoding=\"async\" class=\"aligncenter wp-image-37054 size-large\" src=\"https:\/\/i0.wp.com\/cdnoticias.com\/wp-content\/uploads\/2021\/10\/IMG_4714.jpg?resize=800%2C600&#038;ssl=1\" alt=\"\" width=\"800\" height=\"600\" srcset=\"https:\/\/i0.wp.com\/cdnoticias.com\/wp-content\/uploads\/2021\/10\/IMG_4714.jpg?resize=1024%2C768&amp;ssl=1 1024w, https:\/\/i0.wp.com\/cdnoticias.com\/wp-content\/uploads\/2021\/10\/IMG_4714.jpg?resize=300%2C225&amp;ssl=1 300w, https:\/\/i0.wp.com\/cdnoticias.com\/wp-content\/uploads\/2021\/10\/IMG_4714.jpg?resize=768%2C576&amp;ssl=1 768w, https:\/\/i0.wp.com\/cdnoticias.com\/wp-content\/uploads\/2021\/10\/IMG_4714.jpg?w=1600&amp;ssl=1 1600w\" sizes=\"auto, (max-width: 800px) 100vw, 800px\" \/><\/p>\n<p>&nbsp;<\/p>\n<p><strong>Latidos de un coraz\u00f3n<\/strong> se hicieron escuchar antes de<em><strong> &#8220;Coraz\u00f3n Delator&#8221;<\/strong><\/em> y luego se eligi\u00f3 una versi\u00f3n\u00a0<em><strong>Unplugged<\/strong>, <\/em>en este caso:\u00a0<em><strong>&#8220;Entre Can\u00edbales&#8221;.\u00a0<\/strong><\/em><\/p>\n<p>&nbsp;<\/p>\n<p><strong>\u00bfSe animan a hacer un corito?<\/strong> pregunt\u00f3 Tolenti a su p\u00fablico y son\u00f3 <em><strong>&#8220;Nada personal&#8221;<\/strong><\/em> seguido de <em><strong>&#8220;Sobredosis de TV&#8221;<\/strong><\/em>. &#8220;Hacemos un <strong>homenaje a Soda con mucho amor y respeto&#8221;<\/strong> explic\u00f3 el cantante e invit\u00f3 a que los sigan en sus <strong>redes sociales @elcuartosodaok.<\/strong><\/p>\n<p>&nbsp;<\/p>\n<p><img data-recalc-dims=\"1\" loading=\"lazy\" decoding=\"async\" class=\"aligncenter wp-image-37055 size-large\" src=\"https:\/\/i0.wp.com\/cdnoticias.com\/wp-content\/uploads\/2021\/10\/IMG_4831.jpg?resize=800%2C600&#038;ssl=1\" alt=\"\" width=\"800\" height=\"600\" srcset=\"https:\/\/i0.wp.com\/cdnoticias.com\/wp-content\/uploads\/2021\/10\/IMG_4831.jpg?resize=1024%2C768&amp;ssl=1 1024w, https:\/\/i0.wp.com\/cdnoticias.com\/wp-content\/uploads\/2021\/10\/IMG_4831.jpg?resize=300%2C225&amp;ssl=1 300w, https:\/\/i0.wp.com\/cdnoticias.com\/wp-content\/uploads\/2021\/10\/IMG_4831.jpg?resize=768%2C576&amp;ssl=1 768w, https:\/\/i0.wp.com\/cdnoticias.com\/wp-content\/uploads\/2021\/10\/IMG_4831.jpg?w=1600&amp;ssl=1 1600w\" sizes=\"auto, (max-width: 800px) 100vw, 800px\" \/><\/p>\n<p>&nbsp;<\/p>\n<p>Lleg\u00f3 el <strong>\u00faltimo tramo del show<\/strong> con<em><strong> &#8220;Sueles dejarme solo&#8221;, &#8220;M\u00fasica Ligera&#8221;, &#8220;Hombre al agua&#8221;\u00a0 <\/strong><\/em>y<em><strong> &#8220;Telara\u00f1as&#8221;.\u00a0<\/strong><\/em><\/p>\n<p>&nbsp;<\/p>\n<p><strong>&#8220;Tocar\u00edamos toda la noche si pudi\u00e9ramos&#8221;<\/strong> explic\u00f3 el cantante. El show fue cerrado con<em><strong> &#8220;Pr\u00f3fugos&#8221; <\/strong><\/em>y<em><strong> &#8220;Vitaminas&#8221;.<\/strong><\/em><\/p>\n<p>&nbsp;<\/p>\n<p><img data-recalc-dims=\"1\" loading=\"lazy\" decoding=\"async\" class=\"aligncenter wp-image-37056 size-large\" src=\"https:\/\/i0.wp.com\/cdnoticias.com\/wp-content\/uploads\/2021\/10\/IMG_4825.jpg?resize=800%2C600&#038;ssl=1\" alt=\"\" width=\"800\" height=\"600\" srcset=\"https:\/\/i0.wp.com\/cdnoticias.com\/wp-content\/uploads\/2021\/10\/IMG_4825.jpg?resize=1024%2C768&amp;ssl=1 1024w, https:\/\/i0.wp.com\/cdnoticias.com\/wp-content\/uploads\/2021\/10\/IMG_4825.jpg?resize=300%2C225&amp;ssl=1 300w, https:\/\/i0.wp.com\/cdnoticias.com\/wp-content\/uploads\/2021\/10\/IMG_4825.jpg?resize=768%2C576&amp;ssl=1 768w, https:\/\/i0.wp.com\/cdnoticias.com\/wp-content\/uploads\/2021\/10\/IMG_4825.jpg?w=1600&amp;ssl=1 1600w\" sizes=\"auto, (max-width: 800px) 100vw, 800px\" \/><\/p>\n<p>&nbsp;<\/p>\n<p><img data-recalc-dims=\"1\" loading=\"lazy\" decoding=\"async\" class=\"aligncenter wp-image-37058 size-large\" src=\"https:\/\/i0.wp.com\/cdnoticias.com\/wp-content\/uploads\/2021\/10\/IMG_4568.jpg?resize=768%2C1024&#038;ssl=1\" alt=\"\" width=\"768\" height=\"1024\" srcset=\"https:\/\/i0.wp.com\/cdnoticias.com\/wp-content\/uploads\/2021\/10\/IMG_4568.jpg?resize=768%2C1024&amp;ssl=1 768w, https:\/\/i0.wp.com\/cdnoticias.com\/wp-content\/uploads\/2021\/10\/IMG_4568.jpg?resize=225%2C300&amp;ssl=1 225w, https:\/\/i0.wp.com\/cdnoticias.com\/wp-content\/uploads\/2021\/10\/IMG_4568.jpg?w=1728&amp;ssl=1 1728w, https:\/\/i0.wp.com\/cdnoticias.com\/wp-content\/uploads\/2021\/10\/IMG_4568.jpg?w=1600&amp;ssl=1 1600w\" sizes=\"auto, (max-width: 768px) 100vw, 768px\" \/><\/p>\n<p>&nbsp;<\/p>\n<p>&nbsp;<\/p>\n<p><img data-recalc-dims=\"1\" loading=\"lazy\" decoding=\"async\" class=\"aligncenter wp-image-37057 size-large\" src=\"https:\/\/i0.wp.com\/cdnoticias.com\/wp-content\/uploads\/2021\/10\/IMG_4753.jpg?resize=768%2C1024&#038;ssl=1\" alt=\"\" width=\"768\" height=\"1024\" srcset=\"https:\/\/i0.wp.com\/cdnoticias.com\/wp-content\/uploads\/2021\/10\/IMG_4753.jpg?resize=768%2C1024&amp;ssl=1 768w, https:\/\/i0.wp.com\/cdnoticias.com\/wp-content\/uploads\/2021\/10\/IMG_4753.jpg?resize=225%2C300&amp;ssl=1 225w, https:\/\/i0.wp.com\/cdnoticias.com\/wp-content\/uploads\/2021\/10\/IMG_4753.jpg?w=1728&amp;ssl=1 1728w, https:\/\/i0.wp.com\/cdnoticias.com\/wp-content\/uploads\/2021\/10\/IMG_4753.jpg?w=1600&amp;ssl=1 1600w\" sizes=\"auto, (max-width: 768px) 100vw, 768px\" \/><\/p>\n<p>&nbsp;<\/p>\n<p>&nbsp;<\/p>\n<p>&nbsp;<\/p>\n<p>&nbsp;<\/p>\n<p>&nbsp;<\/p>\n<p>&nbsp;<\/p>\n<p>&nbsp;<\/p>\n<p>&nbsp;<\/p>\n","protected":false},"excerpt":{"rendered":"<p>La banda tributo El cuarto Soda se present\u00f3 el jueves en el Teatro Municipal con una representaci\u00f3n fiel a Soda<\/p>\n","protected":false},"author":6,"featured_media":37067,"comment_status":"closed","ping_status":"closed","sticky":false,"template":"","format":"standard","meta":{"_jetpack_memberships_contains_paid_content":false,"footnotes":""},"categories":[9,1],"tags":[],"class_list":["post-37041","post","type-post","status-publish","format-standard","has-post-thumbnail","hentry","category-cultura","category-portada"],"jetpack_featured_media_url":"https:\/\/i0.wp.com\/cdnoticias.com\/wp-content\/uploads\/2021\/10\/cuarto-soda.jpg?fit=800%2C445&ssl=1","jetpack_sharing_enabled":true,"_links":{"self":[{"href":"https:\/\/cdnoticias.com\/index.php\/wp-json\/wp\/v2\/posts\/37041","targetHints":{"allow":["GET"]}}],"collection":[{"href":"https:\/\/cdnoticias.com\/index.php\/wp-json\/wp\/v2\/posts"}],"about":[{"href":"https:\/\/cdnoticias.com\/index.php\/wp-json\/wp\/v2\/types\/post"}],"author":[{"embeddable":true,"href":"https:\/\/cdnoticias.com\/index.php\/wp-json\/wp\/v2\/users\/6"}],"replies":[{"embeddable":true,"href":"https:\/\/cdnoticias.com\/index.php\/wp-json\/wp\/v2\/comments?post=37041"}],"version-history":[{"count":0,"href":"https:\/\/cdnoticias.com\/index.php\/wp-json\/wp\/v2\/posts\/37041\/revisions"}],"wp:featuredmedia":[{"embeddable":true,"href":"https:\/\/cdnoticias.com\/index.php\/wp-json\/wp\/v2\/media\/37067"}],"wp:attachment":[{"href":"https:\/\/cdnoticias.com\/index.php\/wp-json\/wp\/v2\/media?parent=37041"}],"wp:term":[{"taxonomy":"category","embeddable":true,"href":"https:\/\/cdnoticias.com\/index.php\/wp-json\/wp\/v2\/categories?post=37041"},{"taxonomy":"post_tag","embeddable":true,"href":"https:\/\/cdnoticias.com\/index.php\/wp-json\/wp\/v2\/tags?post=37041"}],"curies":[{"name":"wp","href":"https:\/\/api.w.org\/{rel}","templated":true}]}}