{"id":36966,"date":"2021-10-28T17:58:32","date_gmt":"2021-10-28T20:58:32","guid":{"rendered":"http:\/\/www.centraldenoticias.com.ar\/?p=36966"},"modified":"2021-10-28T17:58:32","modified_gmt":"2021-10-28T20:58:32","slug":"maria-purisima-palacio-de-durand-pura-q-e-p-d","status":"publish","type":"post","link":"https:\/\/cdnoticias.com\/index.php\/2021\/10\/28\/maria-purisima-palacio-de-durand-pura-q-e-p-d\/","title":{"rendered":"Mar\u00eda Purisima Palacio de Durand &#8220;Pura&#8221; (Q.E.P.D.)"},"content":{"rendered":"<p>Falleci\u00f3 en Olavarr\u00eda el d\u00eda 28 de Octubre de 2021 a los 84 a\u00f1os de edad. Su esposo Edgado Beder Durand. Sus hijos M\u00f3nica Patricia, Fabiana, Alejandra, Mar\u00eda Fernanda y Mariana Durand. Sus hijos pol\u00edticos Claudio, Carlitos, Juan Pedro y Ricardo. Sus nietos Francisco, Catalina, Milagros, Mar\u00eda, Nacho, Camila, Juan Pedro, Mar\u00eda Julia, Mateo, Pedro y Manuela . Sus nietos pol\u00edticos. Sus bisnietos Margarita, Lorenzo y Carmela. Sus hermanos. Sus hermanos pol\u00edticos. Sus sobrinos y dem\u00e1s deudos participan su<br \/>\nfallecimiento.<\/p>\n<p>&nbsp;<\/p>\n<p>Velatorio:\u00a0Espa\u00f1a 2942 departamento &#8220;D&#8221;. El velatorio se realizar\u00e1 \u00e9ste viernes 29 de 8:00 a 12:00. Responso: Capilla Ardiente. Cremaci\u00f3n:\u00a0Crematorio Pinos de Paz, d\u00eda y hora a confirmar. Servicio adherido a Coopelectric.<\/p>\n<p>&nbsp;<\/p>\n<p>Barrio en el que viv\u00eda: Vecina de Barrio CECO 1.<\/p>\n<p>Lugar de nacimiento: Nacida en Tandil.<\/p>\n<p>Actividad que desarrollaba: Jubilada<\/p>\n","protected":false},"excerpt":{"rendered":"<p>Falleci\u00f3 en Olavarr\u00eda el d\u00eda 28 de Octubre de 2021 a los 84 a\u00f1os de edad. Su esposo Edgado Beder<\/p>\n","protected":false},"author":6,"featured_media":0,"comment_status":"closed","ping_status":"closed","sticky":false,"template":"","format":"standard","meta":{"_jetpack_memberships_contains_paid_content":false,"footnotes":""},"categories":[10],"tags":[],"class_list":["post-36966","post","type-post","status-publish","format-standard","hentry","category-necrologicas"],"jetpack_featured_media_url":"","jetpack_sharing_enabled":true,"_links":{"self":[{"href":"https:\/\/cdnoticias.com\/index.php\/wp-json\/wp\/v2\/posts\/36966","targetHints":{"allow":["GET"]}}],"collection":[{"href":"https:\/\/cdnoticias.com\/index.php\/wp-json\/wp\/v2\/posts"}],"about":[{"href":"https:\/\/cdnoticias.com\/index.php\/wp-json\/wp\/v2\/types\/post"}],"author":[{"embeddable":true,"href":"https:\/\/cdnoticias.com\/index.php\/wp-json\/wp\/v2\/users\/6"}],"replies":[{"embeddable":true,"href":"https:\/\/cdnoticias.com\/index.php\/wp-json\/wp\/v2\/comments?post=36966"}],"version-history":[{"count":0,"href":"https:\/\/cdnoticias.com\/index.php\/wp-json\/wp\/v2\/posts\/36966\/revisions"}],"wp:attachment":[{"href":"https:\/\/cdnoticias.com\/index.php\/wp-json\/wp\/v2\/media?parent=36966"}],"wp:term":[{"taxonomy":"category","embeddable":true,"href":"https:\/\/cdnoticias.com\/index.php\/wp-json\/wp\/v2\/categories?post=36966"},{"taxonomy":"post_tag","embeddable":true,"href":"https:\/\/cdnoticias.com\/index.php\/wp-json\/wp\/v2\/tags?post=36966"}],"curies":[{"name":"wp","href":"https:\/\/api.w.org\/{rel}","templated":true}]}}