{"id":36957,"date":"2021-10-28T18:10:23","date_gmt":"2021-10-28T21:10:23","guid":{"rendered":"http:\/\/www.centraldenoticias.com.ar\/?p=36957"},"modified":"2021-10-28T19:30:58","modified_gmt":"2021-10-28T22:30:58","slug":"el-intendente-y-el-rector-de-la-unicen-firmaron-la-escritura-de-la-sede-de-la-facultad-de-ciencias-de-la-salud","status":"publish","type":"post","link":"https:\/\/cdnoticias.com\/index.php\/2021\/10\/28\/el-intendente-y-el-rector-de-la-unicen-firmaron-la-escritura-de-la-sede-de-la-facultad-de-ciencias-de-la-salud\/","title":{"rendered":"El intendente y el rector de la Unicen firmaron la escritura de la sede de la Facultad de Ciencias de la Salud"},"content":{"rendered":"<p>Se trata del edificio del ex policl\u00ednico, donde funciona la Casa de Altos estudios desde hace ya varios a\u00f1os. La firma e llev\u00f3 a cabo en la Escriban\u00eda General del Gobierno de la Naci\u00f3n.<!--more--><\/p>\n<hr \/>\n<p>En la ma\u00f1ana de este jueves el intendente municipal de Olavarr\u00eda Ezequiel Galli y el Rector de la Universidad Nacional del Centro (UNICEN), Marcelo Alfredo Aba, <strong>firmaron la escritura del ex Policl\u00ednico Ferroviario y actual sede de la Facultad de Ciencias de la Salud<\/strong>.<\/p>\n<p>&nbsp;<\/p>\n<p>La r\u00fabrica de la sede ubicada en avenida Pringles 4375 se llev\u00f3 a cabo<strong> en la sede de la Escriban\u00eda General de Gobierno de la Naci\u00f3n<\/strong>, dependiente del Ministerio de Justicia y Derechos Humanos de la Naci\u00f3n.<\/p>\n<p>&nbsp;<\/p>\n<p><img data-recalc-dims=\"1\" loading=\"lazy\" decoding=\"async\" class=\"alignnone size-full wp-image-1085\" src=\"https:\/\/i0.wp.com\/cdnoticias.com\/wp-content\/uploads\/2020\/09\/WhatsApp-Image-2020-09-08-at-19.08.01.jpeg?resize=800%2C602&#038;ssl=1\" alt=\"\" width=\"800\" height=\"602\" srcset=\"https:\/\/i0.wp.com\/cdnoticias.com\/wp-content\/uploads\/2020\/09\/WhatsApp-Image-2020-09-08-at-19.08.01.jpeg?w=868&amp;ssl=1 868w, https:\/\/i0.wp.com\/cdnoticias.com\/wp-content\/uploads\/2020\/09\/WhatsApp-Image-2020-09-08-at-19.08.01.jpeg?resize=300%2C226&amp;ssl=1 300w, https:\/\/i0.wp.com\/cdnoticias.com\/wp-content\/uploads\/2020\/09\/WhatsApp-Image-2020-09-08-at-19.08.01.jpeg?resize=768%2C578&amp;ssl=1 768w\" sizes=\"auto, (max-width: 800px) 100vw, 800px\" \/><\/p>\n<p>&nbsp;<\/p>\n<p>Tras la firma de la escritura, el intendente Ezequiel Galli manifest\u00f3 su conformidad y dijo: <strong>\u201ces un gran d\u00eda para toda la comunidad educativa que forma parte de la UNICEN porque despu\u00e9s de muchos a\u00f1os pudimos concretar la firma de la escritura para la Facultad de Medicina\u201d.<\/strong><\/p>\n<p>&nbsp;<\/p>\n<p>\u201cHace poco la Escuela Superior de Salud pas\u00f3 a ser Facultad y <strong>es un orgullo para los olavarrienses contar con una instituci\u00f3n tan prestigiosa que nutre de grandes profesionales a nuestro sistema p\u00fablico de salud que atiende a pacientes de toda la regi\u00f3n<\/strong>\u201d, agreg\u00f3 Galli.<\/p>\n<p>&nbsp;<\/p>\n<p>En este sentido, el mandatario municipal asegur\u00f3 que\u00a0<strong>\u201cpara nosotros es muy importante contar con la Facultad de medicina en el Partido porque muchos olavarrienses no van a tener que viajar a La Plata o Buenos Aires para poder cumplir su sue\u00f1o\u201d<\/strong><em>.\u00a0<\/em><\/p>\n<p>&nbsp;<\/p>\n<p><img data-recalc-dims=\"1\" loading=\"lazy\" decoding=\"async\" class=\"alignnone size-large wp-image-36959\" src=\"https:\/\/i0.wp.com\/cdnoticias.com\/wp-content\/uploads\/2021\/10\/unicen1-e1635450684610-1024x635.jpg?resize=800%2C496&#038;ssl=1\" alt=\"\" width=\"800\" height=\"496\" srcset=\"https:\/\/i0.wp.com\/cdnoticias.com\/wp-content\/uploads\/2021\/10\/unicen1-e1635450684610.jpg?resize=1024%2C635&amp;ssl=1 1024w, https:\/\/i0.wp.com\/cdnoticias.com\/wp-content\/uploads\/2021\/10\/unicen1-e1635450684610.jpg?resize=300%2C186&amp;ssl=1 300w, https:\/\/i0.wp.com\/cdnoticias.com\/wp-content\/uploads\/2021\/10\/unicen1-e1635450684610.jpg?resize=768%2C476&amp;ssl=1 768w, https:\/\/i0.wp.com\/cdnoticias.com\/wp-content\/uploads\/2021\/10\/unicen1-e1635450684610.jpg?w=1096&amp;ssl=1 1096w\" sizes=\"auto, (max-width: 800px) 100vw, 800px\" \/><\/p>\n<p>&nbsp;<\/p>\n<p>Adem\u00e1s, el jefe comunal expres\u00f3: \u201c<strong>esta firma es el cierre de un ciclo que se inici\u00f3 con la gesti\u00f3n de Helios Eseverri y el Dr. H\u00e9ctor Cura, continu\u00f3 Jos\u00e9 Eseverri con la cesi\u00f3n del edificio y ahora podemos seguir nosotros con Germ\u00e1n Caputo a la cabeza<\/strong> de un gran equipo de salud que trabaj\u00f3 incansablemente durante la pandemia y la Facultad fue un gran sost\u00e9n durante este proceso\u201d.<\/p>\n<p>&nbsp;<\/p>\n<p>Cabe aclarar que<strong> la cesi\u00f3n y la transferencia del mencionado edificio se firm\u00f3 en mayo de 2009<\/strong> y m\u00e1s de doce a\u00f1os despu\u00e9s finalmente se firma la escritura definitiva entre el Municipio y la UNICEN.<\/p>\n","protected":false},"excerpt":{"rendered":"<p>Se trata del edificio del ex policl\u00ednico, donde funciona la Casa de Altos estudios desde hace ya varios a\u00f1os. La<\/p>\n","protected":false},"author":3,"featured_media":36958,"comment_status":"closed","ping_status":"closed","sticky":false,"template":"","format":"standard","meta":{"_jetpack_memberships_contains_paid_content":false,"footnotes":""},"categories":[5,1],"tags":[],"class_list":["post-36957","post","type-post","status-publish","format-standard","has-post-thumbnail","hentry","category-informacion-general","category-portada"],"jetpack_featured_media_url":"https:\/\/i0.wp.com\/cdnoticias.com\/wp-content\/uploads\/2021\/10\/unicen-e1635450666692.jpg?fit=1039%2C628&ssl=1","jetpack_sharing_enabled":true,"_links":{"self":[{"href":"https:\/\/cdnoticias.com\/index.php\/wp-json\/wp\/v2\/posts\/36957","targetHints":{"allow":["GET"]}}],"collection":[{"href":"https:\/\/cdnoticias.com\/index.php\/wp-json\/wp\/v2\/posts"}],"about":[{"href":"https:\/\/cdnoticias.com\/index.php\/wp-json\/wp\/v2\/types\/post"}],"author":[{"embeddable":true,"href":"https:\/\/cdnoticias.com\/index.php\/wp-json\/wp\/v2\/users\/3"}],"replies":[{"embeddable":true,"href":"https:\/\/cdnoticias.com\/index.php\/wp-json\/wp\/v2\/comments?post=36957"}],"version-history":[{"count":0,"href":"https:\/\/cdnoticias.com\/index.php\/wp-json\/wp\/v2\/posts\/36957\/revisions"}],"wp:featuredmedia":[{"embeddable":true,"href":"https:\/\/cdnoticias.com\/index.php\/wp-json\/wp\/v2\/media\/36958"}],"wp:attachment":[{"href":"https:\/\/cdnoticias.com\/index.php\/wp-json\/wp\/v2\/media?parent=36957"}],"wp:term":[{"taxonomy":"category","embeddable":true,"href":"https:\/\/cdnoticias.com\/index.php\/wp-json\/wp\/v2\/categories?post=36957"},{"taxonomy":"post_tag","embeddable":true,"href":"https:\/\/cdnoticias.com\/index.php\/wp-json\/wp\/v2\/tags?post=36957"}],"curies":[{"name":"wp","href":"https:\/\/api.w.org\/{rel}","templated":true}]}}