{"id":36954,"date":"2021-10-28T18:45:58","date_gmt":"2021-10-28T21:45:58","guid":{"rendered":"http:\/\/www.centraldenoticias.com.ar\/?p=36954"},"modified":"2021-10-28T18:45:58","modified_gmt":"2021-10-28T21:45:58","slug":"florencio-randazzo-volvera-a-olavarria-este-viernes","status":"publish","type":"post","link":"https:\/\/cdnoticias.com\/index.php\/2021\/10\/28\/florencio-randazzo-volvera-a-olavarria-este-viernes\/","title":{"rendered":"Florencio Randazzo volver\u00e1 a Olavarr\u00eda este viernes"},"content":{"rendered":"<p>Tal como sucedi\u00f3 hace algunas semanas, el candidato a diputado nacional se reunir\u00e1 con referentes del espacio y encabezar\u00e1 una rueda de prensa.<!--more--><\/p>\n<hr \/>\n<p>En la jornada de este viernes Florencio Randazzo, candidato a diputado nacional y m\u00e1ximo referente del espacio Vamos Con Vos, visitar\u00e1 nuevamente nuestra ciudad,<a href=\"https:\/\/cdnoticias.com\/index.php\/2021\/10\/13\/randazzo-estamos-ante-una-nueva-oportunidad\/\" target=\"_blank\" rel=\"noopener\"> tal como sucedi\u00f3 hace unas pocas semanas<\/a>.<\/p>\n<p>&nbsp;<\/p>\n<p><img data-recalc-dims=\"1\" loading=\"lazy\" decoding=\"async\" class=\"alignnone size-full wp-image-35390\" src=\"https:\/\/i0.wp.com\/cdnoticias.com\/wp-content\/uploads\/2021\/10\/randazzo02.jpg?resize=800%2C445&#038;ssl=1\" alt=\"\" width=\"800\" height=\"445\" srcset=\"https:\/\/i0.wp.com\/cdnoticias.com\/wp-content\/uploads\/2021\/10\/randazzo02.jpg?w=800&amp;ssl=1 800w, https:\/\/i0.wp.com\/cdnoticias.com\/wp-content\/uploads\/2021\/10\/randazzo02.jpg?resize=300%2C167&amp;ssl=1 300w, https:\/\/i0.wp.com\/cdnoticias.com\/wp-content\/uploads\/2021\/10\/randazzo02.jpg?resize=768%2C427&amp;ssl=1 768w\" sizes=\"auto, (max-width: 800px) 100vw, 800px\" \/><\/p>\n<p>&nbsp;<\/p>\n<p>Inclusive, tal como sucedi\u00f3 en esa ocasi\u00f3n, <strong>la visita servir\u00e1 para reunirse nuevamente con referentes tanto locales como seccionales<\/strong>. Se detall\u00f3 que ser\u00e1 recibido, precisamente, por la candidata a concejala Andrea Coronel.<\/p>\n<p>&nbsp;<\/p>\n<p><img data-recalc-dims=\"1\" loading=\"lazy\" decoding=\"async\" class=\"alignnone size-full wp-image-35385\" src=\"https:\/\/i0.wp.com\/cdnoticias.com\/wp-content\/uploads\/2021\/10\/Coronel-Randazzo02.jpg?resize=800%2C445&#038;ssl=1\" alt=\"\" width=\"800\" height=\"445\" srcset=\"https:\/\/i0.wp.com\/cdnoticias.com\/wp-content\/uploads\/2021\/10\/Coronel-Randazzo02.jpg?w=800&amp;ssl=1 800w, https:\/\/i0.wp.com\/cdnoticias.com\/wp-content\/uploads\/2021\/10\/Coronel-Randazzo02.jpg?resize=300%2C167&amp;ssl=1 300w, https:\/\/i0.wp.com\/cdnoticias.com\/wp-content\/uploads\/2021\/10\/Coronel-Randazzo02.jpg?resize=768%2C427&amp;ssl=1 768w\" sizes=\"auto, (max-width: 800px) 100vw, 800px\" \/><\/p>\n<p>&nbsp;<\/p>\n<p>Se precis\u00f3 que tras esa reuni\u00f3n<strong> encabezar\u00e1 una rueda de prensa que tendr\u00e1 como escenario el Hotel Santa Rosa y fue pautada para las 16:30<\/strong>. Se a\u00f1adi\u00f3 que se ahondar\u00e1 en &#8220;los principales ejes de trabajo del espacio que conduce, de cara a las elecciones del 14 de noviembre&#8221;<\/p>\n","protected":false},"excerpt":{"rendered":"<p>Tal como sucedi\u00f3 hace algunas semanas, el candidato a diputado nacional se reunir\u00e1 con referentes del espacio y encabezar\u00e1 una<\/p>\n","protected":false},"author":3,"featured_media":36955,"comment_status":"closed","ping_status":"closed","sticky":false,"template":"","format":"standard","meta":{"_jetpack_memberships_contains_paid_content":false,"footnotes":""},"categories":[4,1],"tags":[],"class_list":["post-36954","post","type-post","status-publish","format-standard","has-post-thumbnail","hentry","category-politica","category-portada"],"jetpack_featured_media_url":"https:\/\/i0.wp.com\/cdnoticias.com\/wp-content\/uploads\/2021\/10\/Randazzo.jpg?fit=800%2C445&ssl=1","jetpack_sharing_enabled":true,"_links":{"self":[{"href":"https:\/\/cdnoticias.com\/index.php\/wp-json\/wp\/v2\/posts\/36954","targetHints":{"allow":["GET"]}}],"collection":[{"href":"https:\/\/cdnoticias.com\/index.php\/wp-json\/wp\/v2\/posts"}],"about":[{"href":"https:\/\/cdnoticias.com\/index.php\/wp-json\/wp\/v2\/types\/post"}],"author":[{"embeddable":true,"href":"https:\/\/cdnoticias.com\/index.php\/wp-json\/wp\/v2\/users\/3"}],"replies":[{"embeddable":true,"href":"https:\/\/cdnoticias.com\/index.php\/wp-json\/wp\/v2\/comments?post=36954"}],"version-history":[{"count":0,"href":"https:\/\/cdnoticias.com\/index.php\/wp-json\/wp\/v2\/posts\/36954\/revisions"}],"wp:featuredmedia":[{"embeddable":true,"href":"https:\/\/cdnoticias.com\/index.php\/wp-json\/wp\/v2\/media\/36955"}],"wp:attachment":[{"href":"https:\/\/cdnoticias.com\/index.php\/wp-json\/wp\/v2\/media?parent=36954"}],"wp:term":[{"taxonomy":"category","embeddable":true,"href":"https:\/\/cdnoticias.com\/index.php\/wp-json\/wp\/v2\/categories?post=36954"},{"taxonomy":"post_tag","embeddable":true,"href":"https:\/\/cdnoticias.com\/index.php\/wp-json\/wp\/v2\/tags?post=36954"}],"curies":[{"name":"wp","href":"https:\/\/api.w.org\/{rel}","templated":true}]}}