{"id":36948,"date":"2021-10-29T14:45:57","date_gmt":"2021-10-29T17:45:57","guid":{"rendered":"http:\/\/www.centraldenoticias.com.ar\/?p=36948"},"modified":"2021-10-29T13:24:22","modified_gmt":"2021-10-29T16:24:22","slug":"argentina-se-sumo-al-objetivo-de-la-onu-de-reducir-un-50-las-muertes-en-siniestros-viales","status":"publish","type":"post","link":"https:\/\/cdnoticias.com\/index.php\/2021\/10\/29\/argentina-se-sumo-al-objetivo-de-la-onu-de-reducir-un-50-las-muertes-en-siniestros-viales\/","title":{"rendered":"Argentina se sum\u00f3 al objetivo de la ONU de reducir un 50% las muertes en siniestros viales"},"content":{"rendered":"<p>Evaluar\u00e1n que todos los caminos nuevos alcancen est\u00e1ndares t\u00e9cnicos y que los veh\u00edculos nuevos cumplan con normas de seguridad de alta calidad.\u00a0<!--more--><\/p>\n<hr \/>\n<div class=\"addthis_custom_sharing\" data-url=\"https:\/\/www.telam.com.ar\/notas\/202110\/573107-argentina-objetivo-onu--muertes-siniestros-viales.html\" data-title=\"Argentina se sum\u00f3 al objetivo de la ONU de reducir un 50% las muertes en siniestros viales\" data-description=\"La Agencia Nacional de Seguridad Vial anunci\u00f3 que la meta es cumplir con los Objetivos de Desarrollo Sostenible y\u00a0\u00a0se indic\u00f3 que evaluar\u00e1n, entre otras cosas,\u00a0 que todos los caminos nuevos alcancen est\u00e1ndares t\u00e9cnicos y que los veh\u00edculos nuevos cumplan con normas de seguridad de alta calidad.\">\n<div role=\"region\" aria-labelledby=\"at-34a7f113-00e7-4f41-a97d-81ef0a73ce09\"><\/div>\n<div id=\"atstbx\" class=\"at-resp-share-element at-style-responsive addthis-smartlayers addthis-animated at4-show\" role=\"region\" aria-labelledby=\"at-34a7f113-00e7-4f41-a97d-81ef0a73ce09\">La <strong>Agencia Nacional de Seguridad Vial<\/strong> (ANSV), dependiente del <strong>Ministerio de Transporte<\/strong>, se sumar\u00e1 a los objetivos impulsado por <strong>Naciones Unidas<\/strong> para <strong>reducir en 50% las muertes y lesiones causadas por siniestros viales en los pr\u00f3ximos diez a\u00f1os.<\/strong><\/div>\n<div role=\"region\" aria-labelledby=\"at-34a7f113-00e7-4f41-a97d-81ef0a73ce09\"><\/div>\n<div role=\"region\" aria-labelledby=\"at-34a7f113-00e7-4f41-a97d-81ef0a73ce09\"><\/div>\n<div class=\"at-resp-share-element at-style-responsive addthis-smartlayers addthis-animated at4-show\" role=\"region\" aria-labelledby=\"at-34a7f113-00e7-4f41-a97d-81ef0a73ce09\">Seg\u00fan se anunci\u00f3 en un comunicado, <strong>el objetivo es cumplir con los Objetivos de Desarrollo Sostenible<\/strong> orientados a la <strong>seguridad vial,<\/strong> en particular la meta 3.6, de conformidad con la promesa hecha en el Foro Pol\u00edtico de Alto Nivel de 2019 sobre el Desarrollo Sostenible.<\/div>\n<div role=\"region\" aria-labelledby=\"at-34a7f113-00e7-4f41-a97d-81ef0a73ce09\"><\/div>\n<div class=\"at-resp-share-element at-style-responsive addthis-smartlayers addthis-animated at4-show\" role=\"region\" aria-labelledby=\"at-34a7f113-00e7-4f41-a97d-81ef0a73ce09\">\n<p>&#8220;Desde la <strong>Agencia Nacional de Seguridad Vial<\/strong> nos sumamos a esta <strong>iniciativa mundial<\/strong> porque <strong>nuestro<\/strong> <strong>objetivo es lograr <\/strong>muchos <strong>menos muertos y heridos como consecuencia de siniestros viales en Argentina<\/strong>&#8220;, se\u00f1al\u00f3 el <strong>director ejecutivo<\/strong> de la ANSV, <strong>Pablo Mart\u00ednez Carignano.<\/strong><\/p>\n<\/div>\n<div role=\"region\" aria-labelledby=\"at-34a7f113-00e7-4f41-a97d-81ef0a73ce09\"><\/div>\n<\/div>\n<div role=\"region\" aria-labelledby=\"at-34a7f113-00e7-4f41-a97d-81ef0a73ce09\"><\/div>\n<div role=\"region\" aria-labelledby=\"at-34a7f113-00e7-4f41-a97d-81ef0a73ce09\">En este sentido, a\u00f1adi\u00f3: &#8220;Sabemos que es un <strong>camino dif\u00edcil y que no se resuelve de un d\u00eda para el otro<\/strong>. Buscamos <strong>cambiar la cultura vial,<\/strong> y por eso, adem\u00e1s de <strong>reforzar los controles con mayor presencia en las rutas,<\/strong> <strong>fomentamos la educaci\u00f3n y la concientizaci\u00f3n constante<\/strong>, para que la sociedad incorpore definitivamente las buenas pr\u00e1cticas del tr\u00e1nsito, en cuanto a la <strong>conducci\u00f3n responsable<\/strong> y el respeto por los usuarios de la <strong>v\u00eda p\u00fablica<\/strong>&#8220;.<\/div>\n<div role=\"region\" aria-labelledby=\"at-34a7f113-00e7-4f41-a97d-81ef0a73ce09\"><\/div>\n<div role=\"region\" aria-labelledby=\"at-34a7f113-00e7-4f41-a97d-81ef0a73ce09\">\n<p>Asimismo, se indic\u00f3 que <strong>entre las principales metas figura que todos los caminos nuevos alcanzar\u00e1n est\u00e1ndares t\u00e9cnicos<\/strong> para todos los usuarios de la v\u00eda; que los<strong> veh\u00edculos nuevos cumplan con normas de seguridad de alta calidad<\/strong>; <strong>reducir a la mitad los veh\u00edculos que exceden los l\u00edmites de velocidad<\/strong>; <strong>aumentar<\/strong> la proporci\u00f3n de<strong> motociclistas que usan casco y el uso del cintur\u00f3n de seguridad<\/strong> en los veh\u00edculos; y <strong>reducir a la mitad la cantidad de siniestros viales y muertes<\/strong> relacionadas por conductores en estado de <strong>ebriedad,<\/strong> entre otros aspectos.<\/p>\n<\/div>\n<div role=\"region\" aria-labelledby=\"at-34a7f113-00e7-4f41-a97d-81ef0a73ce09\"><\/div>\n<div role=\"region\" aria-labelledby=\"at-34a7f113-00e7-4f41-a97d-81ef0a73ce09\"><\/div>\n<div role=\"region\" aria-labelledby=\"at-34a7f113-00e7-4f41-a97d-81ef0a73ce09\">A su vez,<strong>\u00a0<\/strong>el <strong>Plan Mundial de Seguridad Vial\u00a0<\/strong>describe y plantea las medidas necesarias, haciendo un <strong>llamamiento a todos los gobiernos<\/strong> y asociados para alcanzar las metas establecidas y propone un enfoque orientado al uso de sistemas seguros integrados con<strong> transporte multimodal y planificaci\u00f3n del uso de la tierra<\/strong>, <strong>infraestructura segura, veh\u00edculos seguros,<\/strong> uso seguro de las <strong>v\u00edas de tr\u00e1nsito<\/strong> y <strong>respuesta post siniestros viales.<\/strong><\/div>\n<div role=\"region\" aria-labelledby=\"at-34a7f113-00e7-4f41-a97d-81ef0a73ce09\"><\/div>\n<div role=\"region\" aria-labelledby=\"at-34a7f113-00e7-4f41-a97d-81ef0a73ce09\">\n<p>Por su parte,\u00a0<strong>Eva Jan\u00e9 Llopis<\/strong>, <strong>representante de OPS\/OMS en la Argentina<\/strong>\u00a0dijo que &#8220;el Plan Mundial de la OMS para el Decenio de Acci\u00f3n reitera las medidas efectivas para <strong>abordar las problem\u00e1ticas locales en seguridad vial<\/strong> y conseguir llegar a la <strong>reducci\u00f3n del 50%<\/strong> de muertes y siniestros en el pa\u00eds&#8221;.<\/p>\n<p>&nbsp;<\/p>\n<\/div>\n<div role=\"region\" aria-labelledby=\"at-34a7f113-00e7-4f41-a97d-81ef0a73ce09\">\n<p>En ese marco, llam\u00f3 a &#8220;aprovechar esta oportunidad \u00fanica para seguir avanzando con urgencia y determinaci\u00f3n, <strong>desarrollando pol\u00edticas p\u00fablicas, involucrando a todos los sectores,<\/strong> y como ciudadanos, tambi\u00e9n contribuyendo con <strong>acciones diarias<\/strong> a este cambio sist\u00e9mico&#8221;.<\/p>\n<\/div>\n<div role=\"region\" aria-labelledby=\"at-34a7f113-00e7-4f41-a97d-81ef0a73ce09\"><\/div>\n<div role=\"region\" aria-labelledby=\"at-34a7f113-00e7-4f41-a97d-81ef0a73ce09\"><\/div>\n<div role=\"region\" aria-labelledby=\"at-34a7f113-00e7-4f41-a97d-81ef0a73ce09\"><em>Fuente: T\u00e9lam\u00a0<\/em><\/div>\n<div role=\"region\" aria-labelledby=\"at-34a7f113-00e7-4f41-a97d-81ef0a73ce09\"><\/div>\n<div role=\"region\" aria-labelledby=\"at-34a7f113-00e7-4f41-a97d-81ef0a73ce09\"><\/div>\n","protected":false},"excerpt":{"rendered":"<p>Evaluar\u00e1n que todos los caminos nuevos alcancen est\u00e1ndares t\u00e9cnicos y que los veh\u00edculos nuevos cumplan con normas de seguridad de<\/p>\n","protected":false},"author":6,"featured_media":36950,"comment_status":"closed","ping_status":"closed","sticky":false,"template":"","format":"standard","meta":{"_jetpack_memberships_contains_paid_content":false,"footnotes":""},"categories":[6],"tags":[],"class_list":["post-36948","post","type-post","status-publish","format-standard","has-post-thumbnail","hentry","category-nacionales"],"jetpack_featured_media_url":"https:\/\/i0.wp.com\/cdnoticias.com\/wp-content\/uploads\/2021\/10\/617acad5a54d8_1004x565.jpg?fit=1004%2C565&ssl=1","jetpack_sharing_enabled":true,"_links":{"self":[{"href":"https:\/\/cdnoticias.com\/index.php\/wp-json\/wp\/v2\/posts\/36948","targetHints":{"allow":["GET"]}}],"collection":[{"href":"https:\/\/cdnoticias.com\/index.php\/wp-json\/wp\/v2\/posts"}],"about":[{"href":"https:\/\/cdnoticias.com\/index.php\/wp-json\/wp\/v2\/types\/post"}],"author":[{"embeddable":true,"href":"https:\/\/cdnoticias.com\/index.php\/wp-json\/wp\/v2\/users\/6"}],"replies":[{"embeddable":true,"href":"https:\/\/cdnoticias.com\/index.php\/wp-json\/wp\/v2\/comments?post=36948"}],"version-history":[{"count":0,"href":"https:\/\/cdnoticias.com\/index.php\/wp-json\/wp\/v2\/posts\/36948\/revisions"}],"wp:featuredmedia":[{"embeddable":true,"href":"https:\/\/cdnoticias.com\/index.php\/wp-json\/wp\/v2\/media\/36950"}],"wp:attachment":[{"href":"https:\/\/cdnoticias.com\/index.php\/wp-json\/wp\/v2\/media?parent=36948"}],"wp:term":[{"taxonomy":"category","embeddable":true,"href":"https:\/\/cdnoticias.com\/index.php\/wp-json\/wp\/v2\/categories?post=36948"},{"taxonomy":"post_tag","embeddable":true,"href":"https:\/\/cdnoticias.com\/index.php\/wp-json\/wp\/v2\/tags?post=36948"}],"curies":[{"name":"wp","href":"https:\/\/api.w.org\/{rel}","templated":true}]}}