{"id":36943,"date":"2021-10-28T16:24:34","date_gmt":"2021-10-28T19:24:34","guid":{"rendered":"http:\/\/www.centraldenoticias.com.ar\/?p=36943"},"modified":"2021-10-28T16:24:34","modified_gmt":"2021-10-28T19:24:34","slug":"antena-en-colonia-nievas-no-se-a-que-municipio-se-le-puede-ocurrir-semejante-decision","status":"publish","type":"post","link":"https:\/\/cdnoticias.com\/index.php\/2021\/10\/28\/antena-en-colonia-nievas-no-se-a-que-municipio-se-le-puede-ocurrir-semejante-decision\/","title":{"rendered":"Antena en Colonia Nievas: \u201cNo s\u00e9 a qu\u00e9 Municipio se le puede ocurrir semejante decisi\u00f3n\u201d"},"content":{"rendered":"<p>As\u00ed se expres\u00f3 la concejala Mercedes Land\u00edvar sobre la colocaci\u00f3n de la antena de 45 metros en la localidad. Solicit\u00f3 al Municipio solucione el \u201cerror cometido\u201d.<!--more--><\/p>\n<hr \/>\n<p>La pol\u00e9mica en torno a la<a href=\"https:\/\/cdnoticias.com\/index.php\/2021\/10\/24\/nueva-manifestacion-este-domingo-en-colonia-nievas-en-contra-de-la-antena\/\" target=\"_blank\" rel=\"noopener\"> instalaci\u00f3n de una antena de telecomunicaciones en pleno coraz\u00f3n de Colonia Nievas<\/a> lleg\u00f3 este mi\u00e9rcoles al Concejo Deliberante. Fue precisamente la concejala Mercedes Land\u00edvar quien se mostr\u00f3 a favor de poder hablar con los vecinos\u00a0 y vecinas y del pase a comisi\u00f3n del proyecto.<\/p>\n<p>&nbsp;<\/p>\n<p><strong>\u201cNo podemos mirar para otro lado, nosotros estamos ac\u00e1 para representar a los vecinos y vecinas.<\/strong> No es un conflicto privado, es p\u00fablico y nos estamos olvidando de un actor fundamental que tiene que ver con el Municipio de Olavarr\u00eda. Estamos hablando de una antena de 45 metros, n<strong>o s\u00e9 a qu\u00e9 Municipio se le puede ocurrir semejante decisi\u00f3n, en un lugar como Colonia Nievas, un lugar tan lindo y tur\u00edstico<\/strong>\u201d, enfatiz\u00f3 en la sesi\u00f3n de este jueves.<\/p>\n<p>&nbsp;<\/p>\n<p><img data-recalc-dims=\"1\" loading=\"lazy\" decoding=\"async\" class=\"alignnone size-large wp-image-19513\" src=\"https:\/\/i0.wp.com\/cdnoticias.com\/wp-content\/uploads\/2021\/04\/HCD-mercedes-landivar.jpg?resize=800%2C445&#038;ssl=1\" alt=\"\" width=\"800\" height=\"445\" srcset=\"https:\/\/i0.wp.com\/cdnoticias.com\/wp-content\/uploads\/2021\/04\/HCD-mercedes-landivar.jpg?resize=1024%2C570&amp;ssl=1 1024w, https:\/\/i0.wp.com\/cdnoticias.com\/wp-content\/uploads\/2021\/04\/HCD-mercedes-landivar.jpg?resize=300%2C167&amp;ssl=1 300w, https:\/\/i0.wp.com\/cdnoticias.com\/wp-content\/uploads\/2021\/04\/HCD-mercedes-landivar.jpg?resize=768%2C427&amp;ssl=1 768w, https:\/\/i0.wp.com\/cdnoticias.com\/wp-content\/uploads\/2021\/04\/HCD-mercedes-landivar.jpg?resize=800%2C445&amp;ssl=1 800w, https:\/\/i0.wp.com\/cdnoticias.com\/wp-content\/uploads\/2021\/04\/HCD-mercedes-landivar.jpg?w=1280&amp;ssl=1 1280w\" sizes=\"auto, (max-width: 800px) 100vw, 800px\" \/><\/p>\n<p>&nbsp;<\/p>\n<p>Adem\u00e1s agreg\u00f3 que \u201ctenemos una normativa provincial y municipal. Ambas han sido desconocidas a la hora de otorgar la habilitaci\u00f3n. Las mismas son claras y mencionan que <strong>hay que incorporar y evaluar el impacto visual para el montaje y su entorno, punto sobre el cual se deber\u00e1 poner especial atenci\u00f3n<\/strong>\u201d.<\/p>\n<p>&nbsp;<\/p>\n<p>Por \u00faltimo, Land\u00edvar sostuvo que <strong>\u201cojal\u00e1 que el municipio pueda lograr una negociaci\u00f3n exitosa porque fue uno de los que cometi\u00f3 el error, tenemos la obligaci\u00f3n de darle voz a este reclamo para que no se malinterprete\u201d<\/strong>.<\/p>\n","protected":false},"excerpt":{"rendered":"<p>As\u00ed se expres\u00f3 la concejala Mercedes Land\u00edvar sobre la colocaci\u00f3n de la antena de 45 metros en la localidad. Solicit\u00f3<\/p>\n","protected":false},"author":3,"featured_media":36580,"comment_status":"closed","ping_status":"closed","sticky":false,"template":"","format":"standard","meta":{"_jetpack_memberships_contains_paid_content":false,"footnotes":""},"categories":[4,1],"tags":[],"class_list":["post-36943","post","type-post","status-publish","format-standard","has-post-thumbnail","hentry","category-politica","category-portada"],"jetpack_featured_media_url":"https:\/\/i0.wp.com\/cdnoticias.com\/wp-content\/uploads\/2021\/10\/manifestacion-colonia-nievas-antena-00.jpg?fit=1040%2C578&ssl=1","jetpack_sharing_enabled":true,"_links":{"self":[{"href":"https:\/\/cdnoticias.com\/index.php\/wp-json\/wp\/v2\/posts\/36943","targetHints":{"allow":["GET"]}}],"collection":[{"href":"https:\/\/cdnoticias.com\/index.php\/wp-json\/wp\/v2\/posts"}],"about":[{"href":"https:\/\/cdnoticias.com\/index.php\/wp-json\/wp\/v2\/types\/post"}],"author":[{"embeddable":true,"href":"https:\/\/cdnoticias.com\/index.php\/wp-json\/wp\/v2\/users\/3"}],"replies":[{"embeddable":true,"href":"https:\/\/cdnoticias.com\/index.php\/wp-json\/wp\/v2\/comments?post=36943"}],"version-history":[{"count":0,"href":"https:\/\/cdnoticias.com\/index.php\/wp-json\/wp\/v2\/posts\/36943\/revisions"}],"wp:featuredmedia":[{"embeddable":true,"href":"https:\/\/cdnoticias.com\/index.php\/wp-json\/wp\/v2\/media\/36580"}],"wp:attachment":[{"href":"https:\/\/cdnoticias.com\/index.php\/wp-json\/wp\/v2\/media?parent=36943"}],"wp:term":[{"taxonomy":"category","embeddable":true,"href":"https:\/\/cdnoticias.com\/index.php\/wp-json\/wp\/v2\/categories?post=36943"},{"taxonomy":"post_tag","embeddable":true,"href":"https:\/\/cdnoticias.com\/index.php\/wp-json\/wp\/v2\/tags?post=36943"}],"curies":[{"name":"wp","href":"https:\/\/api.w.org\/{rel}","templated":true}]}}