{"id":3694,"date":"2020-10-11T15:43:52","date_gmt":"2020-10-11T18:43:52","guid":{"rendered":"http:\/\/www.centraldenoticias.com.ar\/?p=3694"},"modified":"2020-10-11T17:08:57","modified_gmt":"2020-10-11T20:08:57","slug":"procrear-no-fue-casual-el-lanzamiento-en-este-contexto","status":"publish","type":"post","link":"https:\/\/cdnoticias.com\/index.php\/2020\/10\/11\/procrear-no-fue-casual-el-lanzamiento-en-este-contexto\/","title":{"rendered":"Procrear: \u201cno fue casual el lanzamiento en este contexto\u201d"},"content":{"rendered":"<p>Olavarr\u00eda se vuelve protagonista con el relanzamiento del programa de cr\u00e9ditos hipotecarios para viviendas. Wesner valor\u00f3 la creaci\u00f3n de la \u201cMesa Local de Procrear\u201d para asesorar a beneficiarios, impulsada por Federico Aguilera. Critic\u00f3 al Municipio por la \u201cinacci\u00f3n\u201d para acceder a terrenos ante la inminente demanda tras el sorteo del programa.<!--more--><\/p>\n<hr \/>\n<p>En el marco de una extensa nota a solas con el titular de Anses en Olavarr\u00eda, Maximiliano Wesner, <strong>se dieron detalles de lo que sucede en Olavarr\u00eda con el Plan Procrear, programa que se relanz\u00f3 en todo el pa\u00eds y que busca el acceso a la primera vivienda o, tambi\u00e9n, a poder construir o hacer tareas de reparaciones en los hogares.<\/strong><\/p>\n<p>&nbsp;<\/p>\n<p><iframe loading=\"lazy\" src=\"https:\/\/www.youtube.com\/embed\/5ZsA9Rq8gsc\" width=\"560\" height=\"315\" frameborder=\"0\" allowfullscreen=\"allowfullscreen\"><\/iframe><\/p>\n<p>&nbsp;<\/p>\n<p>Wesner se\u00f1al\u00f3 que en esa misma l\u00ednea<em> \u201cse conform\u00f3 una Mesa Local de Procrear para dar asistencia y asesoramiento a familias que fueron precalificadas para el cr\u00e9dito bancario. Federico Aguilera lanz\u00f3 esta opci\u00f3n, hubo un encuentro con Luciano Scatollini, del Ministerio de Desarrollo Territorial y H\u00e1bitat, con Marcos Cavilla del Colegio de Ingenieros local e hicimos una plataforma, una base para poder prestar el servicio de asesoramiento\u201d.<\/em><\/p>\n<blockquote><p>Enmarcado en la reactivaci\u00f3n econ\u00f3mica, \u201cel que no tarda en repuntar es el sector de la construcci\u00f3n. Creo que no fue casual el lanzamiento del Procrear en este contexto. Motoriza y dinamiza la econom\u00eda: da trabajo directo y mucho trabajo indirecto\u201d.<\/p><\/blockquote>\n<p>&nbsp;<\/p>\n<p>Insisti\u00f3 en las restricciones a la compra de d\u00f3lares y que esos ahorros<em> \u201cahora se vuelcan a ese sector. Va de la mano con el dise\u00f1o del plan Procrear, uno de los planes de vivienda m\u00e1s grandes de la historia argentina. La demanda y la solicitud es much\u00edsima, con lo cual nos deja tranquilos en lo que hicimos en la \u00faltima gesti\u00f3n de Cristina Fern\u00e1ndez de Kirchner\u201d.<\/em><\/p>\n<p>Aprovech\u00f3 para compararlo con planes de cr\u00e9ditos como el UVA: <em>\u201c<strong>No tengo dudas que si ma\u00f1ana sale un cr\u00e9dito UVA no habr\u00e1 solicitudes como s\u00ed las hay en Procrear.<\/strong> Todos tenemos un amigo, un vecino, un familiar que fue beneficiario del primer Procrear y paga una cuota accesible, que no se dispar\u00f3 a ning\u00fan precio. Hay una base de confianza y una correlaci\u00f3n ideol\u00f3gica de saber lo que hicimos y mejorarlo\u201d.<\/em><\/p>\n<p>&nbsp;<\/p>\n<p>&nbsp;<\/p>\n<p><img data-recalc-dims=\"1\" loading=\"lazy\" decoding=\"async\" class=\"alignnone size-full wp-image-3463\" src=\"https:\/\/i0.wp.com\/cdnoticias.com\/wp-content\/uploads\/2020\/10\/Procrear.jpg?resize=800%2C450&#038;ssl=1\" alt=\"\" width=\"800\" height=\"450\" srcset=\"https:\/\/i0.wp.com\/cdnoticias.com\/wp-content\/uploads\/2020\/10\/Procrear.jpg?w=1366&amp;ssl=1 1366w, https:\/\/i0.wp.com\/cdnoticias.com\/wp-content\/uploads\/2020\/10\/Procrear.jpg?resize=300%2C169&amp;ssl=1 300w, https:\/\/i0.wp.com\/cdnoticias.com\/wp-content\/uploads\/2020\/10\/Procrear.jpg?resize=768%2C432&amp;ssl=1 768w, https:\/\/i0.wp.com\/cdnoticias.com\/wp-content\/uploads\/2020\/10\/Procrear.jpg?resize=1024%2C576&amp;ssl=1 1024w\" sizes=\"auto, (max-width: 800px) 100vw, 800px\" \/><\/p>\n<p>&nbsp;<\/p>\n<p>Volviendo a la Mesa Local, la intenci\u00f3n es <em>\u201cacompa\u00f1ar a las familias en el proceso. Es un proceso que termina con una llave propia, que entra en una cerradura, abr\u00eds y es la trazabilidad de tu sue\u00f1o. Tambi\u00e9n lo pens\u00f3 teniendo en cuenta que el Ministerio de Desarrollo y H\u00e1bitat no tiene sede en Olavarr\u00eda con lo cual es necesario, estamos respondiendo varias consultas. Las demandas son bastantes, aunque es bastante \u00e1gil la inscripci\u00f3n, sencilla, bien expresa\u201d.<\/em><\/p>\n<p>&nbsp;<\/p>\n<p><img data-recalc-dims=\"1\" loading=\"lazy\" decoding=\"async\" class=\"alignnone size-full wp-image-434\" src=\"https:\/\/i0.wp.com\/cdnoticias.com\/wp-content\/uploads\/2020\/09\/Procrear2020.jpg?resize=800%2C533&#038;ssl=1\" alt=\"\" width=\"800\" height=\"533\" srcset=\"https:\/\/i0.wp.com\/cdnoticias.com\/wp-content\/uploads\/2020\/09\/Procrear2020.jpg?w=1033&amp;ssl=1 1033w, https:\/\/i0.wp.com\/cdnoticias.com\/wp-content\/uploads\/2020\/09\/Procrear2020.jpg?resize=300%2C200&amp;ssl=1 300w, https:\/\/i0.wp.com\/cdnoticias.com\/wp-content\/uploads\/2020\/09\/Procrear2020.jpg?resize=768%2C512&amp;ssl=1 768w, https:\/\/i0.wp.com\/cdnoticias.com\/wp-content\/uploads\/2020\/09\/Procrear2020.jpg?resize=1024%2C682&amp;ssl=1 1024w, https:\/\/i0.wp.com\/cdnoticias.com\/wp-content\/uploads\/2020\/09\/Procrear2020.jpg?resize=272%2C182&amp;ssl=1 272w\" sizes=\"auto, (max-width: 800px) 100vw, 800px\" \/><\/p>\n<p>&nbsp;<\/p>\n<p>La Mesa tambi\u00e9n aparece como respuesta a un sinf\u00edn de consultas de personas que buscan suscribirse: <em>\u201clas dudas siempre est\u00e1n, m\u00e1s que nada ahora cuando empiecen los cr\u00e9ditos hipotecarios. Ah\u00ed creo que ser\u00e1 un poco m\u00e1s importante\u201d.<\/em><\/p>\n<p>&nbsp;<\/p>\n<p>Justamente, el inicio de la inscripci\u00f3n y el sorteo en los cr\u00e9ditos hipotecarios mostrar\u00e1 un tema que se encuentra en auge: el acceso a la tierra. Y all\u00ed, critic\u00f3 la gesti\u00f3n local: <strong><em>\u201cHay inacci\u00f3n Municipal. Las tierras est\u00e1n. Yo me levanto todos los d\u00edas, saco el auto del garaje, miro para el costado y hay 4 hect\u00e1reas municipales al lado de mi casa que no son aprovechadas. Es lamentable\u201d.<\/em><\/strong><\/p>\n<p>&nbsp;<\/p>\n<p>En este sentido, <em>\u201ctenemos una demanda tremenda de muchas familias que pueden poner ladrillos para hacer su vivienda, pero tiene que haber una oferta y trabajo del Estado Municipal para tener sus viviendas y dejar de tener que alquilar en un contexto muy adverso durante muchos a\u00f1os\u201d.<\/em><\/p>\n<p>&nbsp;<\/p>\n<blockquote><p>Insisti\u00f3 en que \u201chay que ofrecer tierras con servicio. Ahora se va a notar esto, cuando crezca la demanda del Procrear. Es la que m\u00e1s cr\u00e9ditos ocupa, por lo costosa\u201d.<\/p><\/blockquote>\n<p>&nbsp;<\/p>\n<p>Para cerrar, se\u00f1al\u00f3 que esta edici\u00f3n<em> \u201c<strong>viene a mejorar el primer Procrear y no tengo dudas que ser\u00e1 m\u00e1s exitoso que el anterior, no s\u00f3lo por la oferta del Estado sino porque la confianza que hay en el solicitante y el lamento que tuvieron en el primer Procrear que no pudieron salir.<\/strong> Hay confianza en la direcci\u00f3n del Estado que lleva adelante estas pol\u00edticas de Estado\u201d cerr\u00f3.<\/em><\/p>\n","protected":false},"excerpt":{"rendered":"<p>Olavarr\u00eda se vuelve protagonista con el relanzamiento del programa de cr\u00e9ditos hipotecarios para viviendas. Wesner valor\u00f3 la creaci\u00f3n de la<\/p>\n","protected":false},"author":2,"featured_media":3691,"comment_status":"closed","ping_status":"closed","sticky":false,"template":"","format":"standard","meta":{"_jetpack_memberships_contains_paid_content":false,"footnotes":""},"categories":[5,1],"tags":[],"class_list":["post-3694","post","type-post","status-publish","format-standard","has-post-thumbnail","hentry","category-informacion-general","category-portada"],"jetpack_featured_media_url":"https:\/\/i0.wp.com\/cdnoticias.com\/wp-content\/uploads\/2020\/10\/wesner-anses-2.jpg?fit=1280%2C960&ssl=1","jetpack_sharing_enabled":true,"_links":{"self":[{"href":"https:\/\/cdnoticias.com\/index.php\/wp-json\/wp\/v2\/posts\/3694","targetHints":{"allow":["GET"]}}],"collection":[{"href":"https:\/\/cdnoticias.com\/index.php\/wp-json\/wp\/v2\/posts"}],"about":[{"href":"https:\/\/cdnoticias.com\/index.php\/wp-json\/wp\/v2\/types\/post"}],"author":[{"embeddable":true,"href":"https:\/\/cdnoticias.com\/index.php\/wp-json\/wp\/v2\/users\/2"}],"replies":[{"embeddable":true,"href":"https:\/\/cdnoticias.com\/index.php\/wp-json\/wp\/v2\/comments?post=3694"}],"version-history":[{"count":0,"href":"https:\/\/cdnoticias.com\/index.php\/wp-json\/wp\/v2\/posts\/3694\/revisions"}],"wp:featuredmedia":[{"embeddable":true,"href":"https:\/\/cdnoticias.com\/index.php\/wp-json\/wp\/v2\/media\/3691"}],"wp:attachment":[{"href":"https:\/\/cdnoticias.com\/index.php\/wp-json\/wp\/v2\/media?parent=3694"}],"wp:term":[{"taxonomy":"category","embeddable":true,"href":"https:\/\/cdnoticias.com\/index.php\/wp-json\/wp\/v2\/categories?post=3694"},{"taxonomy":"post_tag","embeddable":true,"href":"https:\/\/cdnoticias.com\/index.php\/wp-json\/wp\/v2\/tags?post=3694"}],"curies":[{"name":"wp","href":"https:\/\/api.w.org\/{rel}","templated":true}]}}