{"id":36910,"date":"2021-10-28T12:50:39","date_gmt":"2021-10-28T15:50:39","guid":{"rendered":"http:\/\/www.centraldenoticias.com.ar\/?p=36910"},"modified":"2021-10-28T14:15:23","modified_gmt":"2021-10-28T17:15:23","slug":"rechazo-a-la-solicitud-para-que-el-municipio-se-sume-al-control-de-precios","status":"publish","type":"post","link":"https:\/\/cdnoticias.com\/index.php\/2021\/10\/28\/rechazo-a-la-solicitud-para-que-el-municipio-se-sume-al-control-de-precios\/","title":{"rendered":"Rechazo a la solicitud para que el Municipio se sume al control de precios"},"content":{"rendered":"<p>Se debati\u00f3 en la sesi\u00f3n del Concejo. Fue una propuesta del Frente de Todos. Juntos, UCR y Ahora Olavarr\u00eda impusieron la mayor\u00eda en contra.<!--more--><\/p>\n<hr \/>\n<p><strong>Este jueves se lleva adelante la sesi\u00f3n ordinaria del Concejo Deliberante con numerosos proyectos en tratamiento<\/strong>. Entre los temas que debatieron los concejales se cont\u00f3 un <strong>proyecto de resoluci\u00f3n impulsado por el Frente de Todos<\/strong> para <strong>\u201cinstar al Ejecutivo a realizar controles de precios con el fin de garantizar el cumplimiento real y efectivo de la resoluci\u00f3n n\u00b0 1050\/21 de la Secretar\u00eda de Comercio Interior\u201d<\/strong> de la Naci\u00f3n.<\/p>\n<p>&nbsp;<\/p>\n<p>El <strong>concejal Ubaldo Garc\u00eda<\/strong> present\u00f3 la iniciativa y remiti\u00f3 a<a href=\"https:\/\/cdnoticias.com\/index.php\/2021\/10\/22\/galli-se-expreso-en-contra-de-salir-a-controlar-precios\/\" target=\"_blank\" rel=\"noopener\"> las expresiones del <strong>intendente Ezequiel Galli<\/strong> en rechazo a la medida nacional<\/a>. <strong>\u201cNos preocupa mucho porque lo vemos necesario\u201d<\/strong> dijo el integrante del Frente de Todos.<\/p>\n<p>&nbsp;<\/p>\n<p><strong>Cuestion\u00f3 la definici\u00f3n de \u201cunilaterialidad\u201d por parte de Galli<\/strong>, lo cual consider\u00f3 \u201cllamativo porque la Secretar\u00eda de Comercio trabaj\u00f3 conjuntamente con los empresarios del sector para tratar de establecer que esos precios sean razonables y negociados con la cadena de comercializaci\u00f3n\u201d.<\/p>\n<p>&nbsp;<\/p>\n<p><img data-recalc-dims=\"1\" loading=\"lazy\" decoding=\"async\" class=\"size-large wp-image-36913 aligncenter\" src=\"https:\/\/i0.wp.com\/cdnoticias.com\/wp-content\/uploads\/2021\/10\/HCD-ubaldo-garcia.jpg?resize=800%2C450&#038;ssl=1\" alt=\"\" width=\"800\" height=\"450\" srcset=\"https:\/\/i0.wp.com\/cdnoticias.com\/wp-content\/uploads\/2021\/10\/HCD-ubaldo-garcia.jpg?resize=1024%2C576&amp;ssl=1 1024w, https:\/\/i0.wp.com\/cdnoticias.com\/wp-content\/uploads\/2021\/10\/HCD-ubaldo-garcia.jpg?resize=300%2C169&amp;ssl=1 300w, https:\/\/i0.wp.com\/cdnoticias.com\/wp-content\/uploads\/2021\/10\/HCD-ubaldo-garcia.jpg?resize=768%2C432&amp;ssl=1 768w, https:\/\/i0.wp.com\/cdnoticias.com\/wp-content\/uploads\/2021\/10\/HCD-ubaldo-garcia.jpg?w=1366&amp;ssl=1 1366w\" sizes=\"auto, (max-width: 800px) 100vw, 800px\" \/><\/p>\n<p>&nbsp;<\/p>\n<blockquote><p>\u201c\u00c9l gobierna Olavarr\u00eda unliteralmente\u201d lanz\u00f3 Garc\u00eda para se\u00f1alar que \u201clos vetos son unilateralidad y permanentemente visualizamos en Olavarr\u00eda el poco dialogo que tiene (Galli) con el Concejo, con todos los bloques\u201d.<\/p><\/blockquote>\n<p>&nbsp;<\/p>\n<p>El concejal expres\u00f3 que <strong>\u201cel problema de inflaci\u00f3n es permanente\u201d<\/strong> y se refiri\u00f3 a que se trata de un problema \u201cmulticausal\u201d. En ese marco reconoci\u00f3 que \u201cel control de precios no va a solucionar el problema de la inflaci\u00f3n, va a paliar una de las causas. Pero hay que coincidir en algunas cosas.<strong> Tenemos que empezar a tomar medidas\u201d<\/strong>.<\/p>\n<p>&nbsp;<\/p>\n<p>A su vez respondi\u00f3 a otro aspecto indicado por el Intendente, <strong>\u201ccuando habla de desabastecimiento creemos que solo se puede dar por motivo especulativo\u201d<\/strong>.<\/p>\n<p>&nbsp;<\/p>\n<blockquote><p>\u201cEl tema de los controles de precios son medidas de corto plazo, hay que ir otras medidas tambi\u00e9n, pero en este momento donde la puja distributiva tracciona la inflaci\u00f3n, son importantes. Por lo tanto queremos que el Municipio colabore para estar al lado de los vecinos de Olavarr\u00eda\u201d sostuvo el concejal.<\/p><\/blockquote>\n<p>&nbsp;<\/p>\n<p><img data-recalc-dims=\"1\" loading=\"lazy\" decoding=\"async\" class=\"size-large wp-image-36914 aligncenter\" src=\"https:\/\/i0.wp.com\/cdnoticias.com\/wp-content\/uploads\/2021\/10\/HCD-celeste-arouxet.jpg?resize=800%2C450&#038;ssl=1\" alt=\"\" width=\"800\" height=\"450\" srcset=\"https:\/\/i0.wp.com\/cdnoticias.com\/wp-content\/uploads\/2021\/10\/HCD-celeste-arouxet.jpg?resize=1024%2C576&amp;ssl=1 1024w, https:\/\/i0.wp.com\/cdnoticias.com\/wp-content\/uploads\/2021\/10\/HCD-celeste-arouxet.jpg?resize=300%2C169&amp;ssl=1 300w, https:\/\/i0.wp.com\/cdnoticias.com\/wp-content\/uploads\/2021\/10\/HCD-celeste-arouxet.jpg?resize=768%2C432&amp;ssl=1 768w, https:\/\/i0.wp.com\/cdnoticias.com\/wp-content\/uploads\/2021\/10\/HCD-celeste-arouxet.jpg?w=1366&amp;ssl=1 1366w\" sizes=\"auto, (max-width: 800px) 100vw, 800px\" \/><\/p>\n<p>&nbsp;<\/p>\n<p>La primera en responder fue <strong>Celeste Arouxet (Ahora Olavarr\u00eda)<\/strong>. \u201cCoincido con el Intendente en que el control de precios no sirve, <strong>fui parte de los controles en su momento. No tienen efecto<\/strong>\u201d dijo.<\/p>\n<p>&nbsp;<\/p>\n<p>\u201cYo le recomendar\u00eda al Presidente que en vez de mandar a los intendentes a hacer controles de precios <strong>que apague la maquinita de emitir<\/strong>\u201d sostuvo.<\/p>\n<p>&nbsp;<\/p>\n<p>La sigui\u00f3 <strong>Cecilia Krivochen (Juntos)<\/strong> quien adhiri\u00f3 a las expresiones de Arouxet y se\u00f1al\u00f3 que los controles realizados en abril 2020 \u201cno dieron ning\u00fan resultado\u201d y que <strong>la Secretar\u00eda de Comercio Interior \u201cno impuso ninguna sanci\u00f3n\u201d en su momento<\/strong>.<\/p>\n<p>&nbsp;<\/p>\n<p><img data-recalc-dims=\"1\" loading=\"lazy\" decoding=\"async\" class=\"size-large wp-image-36915 aligncenter\" src=\"https:\/\/i0.wp.com\/cdnoticias.com\/wp-content\/uploads\/2021\/10\/HCD-cecilia-krivochen.jpg?resize=800%2C450&#038;ssl=1\" alt=\"\" width=\"800\" height=\"450\" srcset=\"https:\/\/i0.wp.com\/cdnoticias.com\/wp-content\/uploads\/2021\/10\/HCD-cecilia-krivochen.jpg?resize=1024%2C576&amp;ssl=1 1024w, https:\/\/i0.wp.com\/cdnoticias.com\/wp-content\/uploads\/2021\/10\/HCD-cecilia-krivochen.jpg?resize=300%2C169&amp;ssl=1 300w, https:\/\/i0.wp.com\/cdnoticias.com\/wp-content\/uploads\/2021\/10\/HCD-cecilia-krivochen.jpg?resize=768%2C432&amp;ssl=1 768w, https:\/\/i0.wp.com\/cdnoticias.com\/wp-content\/uploads\/2021\/10\/HCD-cecilia-krivochen.jpg?w=1366&amp;ssl=1 1366w\" sizes=\"auto, (max-width: 800px) 100vw, 800px\" \/><\/p>\n<p>&nbsp;<\/p>\n<p>El cierre de las intervenciones fue de <strong>Juan Sanchez (Frente de Todos)<\/strong> quien avanz\u00f3 sobre las posturas y expresiones de referentes de la oposici\u00f3n nacional. Consider\u00f3 que al rechazo inicial, le sigui\u00f3 en los \u00faltimos d\u00edas una moderaci\u00f3n de la postura la cual enlaz\u00f3 a posicionamientos de las grandes empresas productoras de alimentos.<strong> \u201cAyer ya vimos un cambio de postura de Larreta y no le dimos tiempo al tuitero local a adherirse\u201d<\/strong> dijo en referencia al jefe comunal.<\/p>\n<p>&nbsp;<\/p>\n<p>Adem\u00e1s, <a href=\"https:\/\/cdnoticias.com\/index.php\/2021\/10\/27\/control-de-precios-la-defensoria-del-pueblo-relevo-6-comercios-en-olavarria\/\" target=\"_blank\" rel=\"noopener\">cit\u00f3 el informe de la Defensor\u00eda del Pueblo de la provincia de Buenos Aires<\/a> con los resultados de los primeros controles.<\/p>\n<p>&nbsp;<\/p>\n<p>Tras un nuevo cruce con Arouxet se dio paso a la votaci\u00f3n. <strong>El proyecto fue rechazo por mayor\u00eda con los votos negativos de Juntos, UCR y Ahora Olavarr\u00eda<\/strong>. El interbloque Frente de Todos y Renovaci\u00f3n Peronista votaron por la positiva, pero no alcanz\u00f3.<\/p>\n","protected":false},"excerpt":{"rendered":"<p>Se debati\u00f3 en la sesi\u00f3n del Concejo. Fue una propuesta del Frente de Todos. Juntos, UCR y Ahora Olavarr\u00eda impusieron<\/p>\n","protected":false},"author":4,"featured_media":36912,"comment_status":"closed","ping_status":"closed","sticky":false,"template":"","format":"standard","meta":{"_jetpack_memberships_contains_paid_content":false,"footnotes":""},"categories":[4,1],"tags":[],"class_list":["post-36910","post","type-post","status-publish","format-standard","has-post-thumbnail","hentry","category-politica","category-portada"],"jetpack_featured_media_url":"https:\/\/i0.wp.com\/cdnoticias.com\/wp-content\/uploads\/2021\/10\/HCD-sesion-05.jpg?fit=1431%2C796&ssl=1","jetpack_sharing_enabled":true,"_links":{"self":[{"href":"https:\/\/cdnoticias.com\/index.php\/wp-json\/wp\/v2\/posts\/36910","targetHints":{"allow":["GET"]}}],"collection":[{"href":"https:\/\/cdnoticias.com\/index.php\/wp-json\/wp\/v2\/posts"}],"about":[{"href":"https:\/\/cdnoticias.com\/index.php\/wp-json\/wp\/v2\/types\/post"}],"author":[{"embeddable":true,"href":"https:\/\/cdnoticias.com\/index.php\/wp-json\/wp\/v2\/users\/4"}],"replies":[{"embeddable":true,"href":"https:\/\/cdnoticias.com\/index.php\/wp-json\/wp\/v2\/comments?post=36910"}],"version-history":[{"count":0,"href":"https:\/\/cdnoticias.com\/index.php\/wp-json\/wp\/v2\/posts\/36910\/revisions"}],"wp:featuredmedia":[{"embeddable":true,"href":"https:\/\/cdnoticias.com\/index.php\/wp-json\/wp\/v2\/media\/36912"}],"wp:attachment":[{"href":"https:\/\/cdnoticias.com\/index.php\/wp-json\/wp\/v2\/media?parent=36910"}],"wp:term":[{"taxonomy":"category","embeddable":true,"href":"https:\/\/cdnoticias.com\/index.php\/wp-json\/wp\/v2\/categories?post=36910"},{"taxonomy":"post_tag","embeddable":true,"href":"https:\/\/cdnoticias.com\/index.php\/wp-json\/wp\/v2\/tags?post=36910"}],"curies":[{"name":"wp","href":"https:\/\/api.w.org\/{rel}","templated":true}]}}