{"id":36903,"date":"2021-10-28T11:11:21","date_gmt":"2021-10-28T14:11:21","guid":{"rendered":"http:\/\/www.centraldenoticias.com.ar\/?p=36903"},"modified":"2021-10-28T12:51:23","modified_gmt":"2021-10-28T15:51:23","slug":"bomberos-de-loma-negra-tendra-una-nueva-sede-estara-cerca-de-ruta-51","status":"publish","type":"post","link":"https:\/\/cdnoticias.com\/index.php\/2021\/10\/28\/bomberos-de-loma-negra-tendra-una-nueva-sede-estara-cerca-de-ruta-51\/","title":{"rendered":"Bomberos de Loma Negra tendr\u00e1 una nueva sede: estar\u00e1 cerca de ruta 51"},"content":{"rendered":"<p>Se dio a conocer que la instituci\u00f3n har\u00e1 una permuta con el Municipio: ceder\u00e1 la actual sede para obtener un predio que facilitar\u00e1 \u201cla respuesta de las salidas de emergencia\u201d.<!--more--><\/p>\n<hr \/>\n<p>El <strong>intendente Ezequiel Galli visit\u00f3 el destacamento de Bomberos Voluntarios de Loma Negra<\/strong> donde fue recibido por el <strong>presidente de la Asociaci\u00f3n Hugo Fayan\u00e1s<\/strong>, el Jefe del Cuerpo Activo Ra\u00fal Ferreyra, integrantes del Destacamento de la localidad y los miembros de la <a href=\"https:\/\/cdnoticias.com\/index.php\/2021\/10\/11\/se-creo-la-subcomision-de-loma-negra-en-bomberos\/\" target=\"_blank\" rel=\"noopener\">subcomisi\u00f3n de apoyo a la entidad, recientemente formada<\/a>.<\/p>\n<p>&nbsp;<\/p>\n<blockquote><p>En ese marco, se dio a conocer que la entidad de voluntarios cambiar\u00e1 su lugar de funcionamiento en la localidad y que para ello intevendr\u00e1 el Municipio.<\/p><\/blockquote>\n<p>&nbsp;<\/p>\n<p><strong>El Destacamento N\u00ba1 de Loma Negra<\/strong> cuenta con una dotaci\u00f3n de m\u00e1s de quince hombres, funciona desde hace m\u00e1s de 20 a\u00f1os en la localidad y fue la primera dependencia descentralizada. <strong>\u201cSe cre\u00f3 con la idea de acortar distancias y ganar tiempo ante las emergencias\u201d<\/strong> se record\u00f3 desde el Municipio.<\/p>\n<p>&nbsp;<\/p>\n<p><img data-recalc-dims=\"1\" loading=\"lazy\" decoding=\"async\" class=\"size-large wp-image-36904 aligncenter\" src=\"https:\/\/i0.wp.com\/cdnoticias.com\/wp-content\/uploads\/2021\/10\/Reunion-Bomberos-Loma-Negra-2-scaled.jpg?resize=800%2C534&#038;ssl=1\" alt=\"\" width=\"800\" height=\"534\" srcset=\"https:\/\/i0.wp.com\/cdnoticias.com\/wp-content\/uploads\/2021\/10\/Reunion-Bomberos-Loma-Negra-2-scaled.jpg?resize=1024%2C684&amp;ssl=1 1024w, https:\/\/i0.wp.com\/cdnoticias.com\/wp-content\/uploads\/2021\/10\/Reunion-Bomberos-Loma-Negra-2-scaled.jpg?resize=300%2C201&amp;ssl=1 300w, https:\/\/i0.wp.com\/cdnoticias.com\/wp-content\/uploads\/2021\/10\/Reunion-Bomberos-Loma-Negra-2-scaled.jpg?resize=768%2C513&amp;ssl=1 768w, https:\/\/i0.wp.com\/cdnoticias.com\/wp-content\/uploads\/2021\/10\/Reunion-Bomberos-Loma-Negra-2-scaled.jpg?resize=272%2C182&amp;ssl=1 272w, https:\/\/i0.wp.com\/cdnoticias.com\/wp-content\/uploads\/2021\/10\/Reunion-Bomberos-Loma-Negra-2-scaled.jpg?w=1600&amp;ssl=1 1600w, https:\/\/i0.wp.com\/cdnoticias.com\/wp-content\/uploads\/2021\/10\/Reunion-Bomberos-Loma-Negra-2-scaled.jpg?w=2400&amp;ssl=1 2400w\" sizes=\"auto, (max-width: 800px) 100vw, 800px\" \/><\/p>\n<p>&nbsp;<\/p>\n<p>En el encuentro con el intendente Galli, que estuvo acompa\u00f1ado por el subsecretario de Gobierno Emilio Vitale, \u201crecorrieron el espacio del destacamento y <strong>acordaron avanzar en la instrumentaci\u00f3n de una permuta<\/strong>\u201d se inform\u00f3.<\/p>\n<p>&nbsp;<\/p>\n<blockquote><p>De esta manera, la actual sede de los voluntarios pasar\u00e1 al Municipio y el estado municipal ceder\u00e1 un sector cercano a la ruta. \u201cSer\u00e1 a los fines de que el Municipio cuente con el actual predio de Bomberos, cediendo a la instituci\u00f3n un predio cercano a la Ruta Provincial N\u00ba51, que ser\u00e1 de importancia para el cuerpo activo de la localidad porque permitir\u00e1 mejorar los tiempos de respuesta de las salidas de emergencia\u201d se inform\u00f3 desde la Municipalidad.<\/p><\/blockquote>\n","protected":false},"excerpt":{"rendered":"<p>Se dio a conocer que la instituci\u00f3n har\u00e1 una permuta con el Municipio: ceder\u00e1 la actual sede para obtener un<\/p>\n","protected":false},"author":4,"featured_media":36905,"comment_status":"closed","ping_status":"closed","sticky":false,"template":"","format":"standard","meta":{"_jetpack_memberships_contains_paid_content":false,"footnotes":""},"categories":[5,1],"tags":[],"class_list":["post-36903","post","type-post","status-publish","format-standard","has-post-thumbnail","hentry","category-informacion-general","category-portada"],"jetpack_featured_media_url":"https:\/\/i0.wp.com\/cdnoticias.com\/wp-content\/uploads\/2021\/10\/Reunion-Bomberos-Loma-Negra-1-scaled.jpg?fit=2560%2C1711&ssl=1","jetpack_sharing_enabled":true,"_links":{"self":[{"href":"https:\/\/cdnoticias.com\/index.php\/wp-json\/wp\/v2\/posts\/36903","targetHints":{"allow":["GET"]}}],"collection":[{"href":"https:\/\/cdnoticias.com\/index.php\/wp-json\/wp\/v2\/posts"}],"about":[{"href":"https:\/\/cdnoticias.com\/index.php\/wp-json\/wp\/v2\/types\/post"}],"author":[{"embeddable":true,"href":"https:\/\/cdnoticias.com\/index.php\/wp-json\/wp\/v2\/users\/4"}],"replies":[{"embeddable":true,"href":"https:\/\/cdnoticias.com\/index.php\/wp-json\/wp\/v2\/comments?post=36903"}],"version-history":[{"count":0,"href":"https:\/\/cdnoticias.com\/index.php\/wp-json\/wp\/v2\/posts\/36903\/revisions"}],"wp:featuredmedia":[{"embeddable":true,"href":"https:\/\/cdnoticias.com\/index.php\/wp-json\/wp\/v2\/media\/36905"}],"wp:attachment":[{"href":"https:\/\/cdnoticias.com\/index.php\/wp-json\/wp\/v2\/media?parent=36903"}],"wp:term":[{"taxonomy":"category","embeddable":true,"href":"https:\/\/cdnoticias.com\/index.php\/wp-json\/wp\/v2\/categories?post=36903"},{"taxonomy":"post_tag","embeddable":true,"href":"https:\/\/cdnoticias.com\/index.php\/wp-json\/wp\/v2\/tags?post=36903"}],"curies":[{"name":"wp","href":"https:\/\/api.w.org\/{rel}","templated":true}]}}