{"id":36897,"date":"2021-10-28T10:26:43","date_gmt":"2021-10-28T13:26:43","guid":{"rendered":"http:\/\/www.centraldenoticias.com.ar\/?p=36897"},"modified":"2021-10-28T11:12:03","modified_gmt":"2021-10-28T14:12:03","slug":"una-ciclista-resulto-herida-en-un-choque-en-el-centro","status":"publish","type":"post","link":"https:\/\/cdnoticias.com\/index.php\/2021\/10\/28\/una-ciclista-resulto-herida-en-un-choque-en-el-centro\/","title":{"rendered":"Una ciclista result\u00f3 herida en un choque en el centro"},"content":{"rendered":"<p>La v\u00edctima fue arrollada por una camioneta. Ocurri\u00f3 en San Mart\u00edn y Lamadrid.<!--more--><\/p>\n<hr \/>\n<p><strong>Una ciclista fue arrollada en la ma\u00f1ana de este jueves en San Mart\u00edn y Lamadrid<\/strong>, en el centro de la ciudad.<\/p>\n<p>&nbsp;<\/p>\n<p>El siniestro vial <strong>se registr\u00f3 poco antes de las 10<\/strong>. Se vieron involucrados <strong>una camioneta Kia Sorento y una bicicleta<\/strong>.<\/p>\n<p>&nbsp;<\/p>\n<p><img data-recalc-dims=\"1\" loading=\"lazy\" decoding=\"async\" class=\"size-full wp-image-36899 aligncenter\" src=\"https:\/\/i0.wp.com\/cdnoticias.com\/wp-content\/uploads\/2021\/10\/choque-san-martin-y-lamadrid-00.jpg?resize=800%2C445&#038;ssl=1\" alt=\"\" width=\"800\" height=\"445\" srcset=\"https:\/\/i0.wp.com\/cdnoticias.com\/wp-content\/uploads\/2021\/10\/choque-san-martin-y-lamadrid-00.jpg?w=800&amp;ssl=1 800w, https:\/\/i0.wp.com\/cdnoticias.com\/wp-content\/uploads\/2021\/10\/choque-san-martin-y-lamadrid-00.jpg?resize=300%2C167&amp;ssl=1 300w, https:\/\/i0.wp.com\/cdnoticias.com\/wp-content\/uploads\/2021\/10\/choque-san-martin-y-lamadrid-00.jpg?resize=768%2C427&amp;ssl=1 768w\" sizes=\"auto, (max-width: 800px) 100vw, 800px\" \/><\/p>\n<p>&nbsp;<\/p>\n<p><strong>La conductora del rodado menor cay\u00f3 al asfalto y sufri\u00f3 golpes<\/strong>. Inmediatamente recibi\u00f3 asistencia de ocasionales transe\u00fantes y vecinos del sector.<\/p>\n<p>&nbsp;<\/p>\n<p><strong>Fue trasladada por una ambulancia<\/strong> de un servicio de emergencias local para recibir atenci\u00f3n m\u00e9dica.<\/p>\n<p>&nbsp;<\/p>\n<p><img data-recalc-dims=\"1\" loading=\"lazy\" decoding=\"async\" class=\"size-full wp-image-36898 aligncenter\" src=\"https:\/\/i0.wp.com\/cdnoticias.com\/wp-content\/uploads\/2021\/10\/choque-san-martin-y-lamadrid-02.jpg?resize=800%2C445&#038;ssl=1\" alt=\"\" width=\"800\" height=\"445\" srcset=\"https:\/\/i0.wp.com\/cdnoticias.com\/wp-content\/uploads\/2021\/10\/choque-san-martin-y-lamadrid-02.jpg?w=800&amp;ssl=1 800w, https:\/\/i0.wp.com\/cdnoticias.com\/wp-content\/uploads\/2021\/10\/choque-san-martin-y-lamadrid-02.jpg?resize=300%2C167&amp;ssl=1 300w, https:\/\/i0.wp.com\/cdnoticias.com\/wp-content\/uploads\/2021\/10\/choque-san-martin-y-lamadrid-02.jpg?resize=768%2C427&amp;ssl=1 768w\" sizes=\"auto, (max-width: 800px) 100vw, 800px\" \/><\/p>\n","protected":false},"excerpt":{"rendered":"<p>La v\u00edctima fue arrollada por una camioneta. Ocurri\u00f3 en San Mart\u00edn y Lamadrid.<\/p>\n","protected":false},"author":4,"featured_media":36900,"comment_status":"closed","ping_status":"closed","sticky":false,"template":"","format":"standard","meta":{"_jetpack_memberships_contains_paid_content":false,"footnotes":""},"categories":[14,1],"tags":[],"class_list":["post-36897","post","type-post","status-publish","format-standard","has-post-thumbnail","hentry","category-policiales","category-portada"],"jetpack_featured_media_url":"https:\/\/i0.wp.com\/cdnoticias.com\/wp-content\/uploads\/2021\/10\/choque-san-martin-y-lamadrid-01.jpg?fit=800%2C445&ssl=1","jetpack_sharing_enabled":true,"_links":{"self":[{"href":"https:\/\/cdnoticias.com\/index.php\/wp-json\/wp\/v2\/posts\/36897","targetHints":{"allow":["GET"]}}],"collection":[{"href":"https:\/\/cdnoticias.com\/index.php\/wp-json\/wp\/v2\/posts"}],"about":[{"href":"https:\/\/cdnoticias.com\/index.php\/wp-json\/wp\/v2\/types\/post"}],"author":[{"embeddable":true,"href":"https:\/\/cdnoticias.com\/index.php\/wp-json\/wp\/v2\/users\/4"}],"replies":[{"embeddable":true,"href":"https:\/\/cdnoticias.com\/index.php\/wp-json\/wp\/v2\/comments?post=36897"}],"version-history":[{"count":0,"href":"https:\/\/cdnoticias.com\/index.php\/wp-json\/wp\/v2\/posts\/36897\/revisions"}],"wp:featuredmedia":[{"embeddable":true,"href":"https:\/\/cdnoticias.com\/index.php\/wp-json\/wp\/v2\/media\/36900"}],"wp:attachment":[{"href":"https:\/\/cdnoticias.com\/index.php\/wp-json\/wp\/v2\/media?parent=36897"}],"wp:term":[{"taxonomy":"category","embeddable":true,"href":"https:\/\/cdnoticias.com\/index.php\/wp-json\/wp\/v2\/categories?post=36897"},{"taxonomy":"post_tag","embeddable":true,"href":"https:\/\/cdnoticias.com\/index.php\/wp-json\/wp\/v2\/tags?post=36897"}],"curies":[{"name":"wp","href":"https:\/\/api.w.org\/{rel}","templated":true}]}}