{"id":36893,"date":"2021-10-28T09:41:36","date_gmt":"2021-10-28T12:41:36","guid":{"rendered":"http:\/\/www.centraldenoticias.com.ar\/?p=36893"},"modified":"2021-10-28T09:42:25","modified_gmt":"2021-10-28T12:42:25","slug":"adriana-capuano-estara-en-el-lanzamiento-de-la-decada-del-envejecimiento-saludable","status":"publish","type":"post","link":"https:\/\/cdnoticias.com\/index.php\/2021\/10\/28\/adriana-capuano-estara-en-el-lanzamiento-de-la-decada-del-envejecimiento-saludable\/","title":{"rendered":"Adriana Capuano estar\u00e1 en el lanzamiento de la \u201cD\u00e9cada del Envejecimiento Saludable\u201d"},"content":{"rendered":"<p>La m\u00e9dica olavarriense y funcionaria del Ministerio de Salud de la Naci\u00f3n participar\u00e1 de la actividad este viernes.<!--more--><\/p>\n<hr \/>\n<p><strong>El Ministerio de Salud de la Naci\u00f3n lanzar\u00e1 este viernes la \u201cD\u00e9cada del Envejecimiento Saludable en Argentina\u201d<\/strong> desde la Direcci\u00f3n de Personas Adultas y Mayores de dicha cartera.<\/p>\n<p>&nbsp;<\/p>\n<p><strong>La presentaci\u00f3n se har\u00e1 en formato virtual a partir de las 14 con la titular de Salud, Carla Vizzotti,<\/strong> y representantes de la Organizaci\u00f3n Panamericana de la Salud y de la Organizaci\u00f3n Mundial de la Salud.<\/p>\n<p>&nbsp;<\/p>\n<p>Tambi\u00e9n <strong>estar\u00e1 la olavarriense Adriana Capuano<\/strong> quien es funcionaria en el \u00e1rea. Los interesados podr\u00e1n conectarse <a href=\"https:\/\/telesalud.webex.com\/telesalud\/onstage\/g.php?MTID=e2bc7b166edd4f4fcd677255fb88c4c13\" target=\"_blank\" rel=\"noopener\">a trav\u00e9s de la web Webex<\/a>.<\/p>\n<p>&nbsp;<\/p>\n<p><img data-recalc-dims=\"1\" loading=\"lazy\" decoding=\"async\" class=\"size-full wp-image-36895 aligncenter\" src=\"https:\/\/i0.wp.com\/cdnoticias.com\/wp-content\/uploads\/2021\/10\/envejecimiento-saludabe.jpg?resize=800%2C445&#038;ssl=1\" alt=\"\" width=\"800\" height=\"445\" srcset=\"https:\/\/i0.wp.com\/cdnoticias.com\/wp-content\/uploads\/2021\/10\/envejecimiento-saludabe.jpg?w=800&amp;ssl=1 800w, https:\/\/i0.wp.com\/cdnoticias.com\/wp-content\/uploads\/2021\/10\/envejecimiento-saludabe.jpg?resize=300%2C167&amp;ssl=1 300w, https:\/\/i0.wp.com\/cdnoticias.com\/wp-content\/uploads\/2021\/10\/envejecimiento-saludabe.jpg?resize=768%2C427&amp;ssl=1 768w\" sizes=\"auto, (max-width: 800px) 100vw, 800px\" \/><\/p>\n<p>&nbsp;<\/p>\n<p><strong>La apertura tendr\u00e1 a la ministra Vizzotti<\/strong>, a la representante de OPS\/OMS en Argentina, Eva Jan\u00e9 Llopes; a la secretaria de Acceso a la Salud, Sandra Tirado; al subsecretario de Estrategias Sanitarias, Juan Manuel Castelli; director Nacional de Abordaje por Curso de Vida, Marcelo Bellone.<\/p>\n<p>&nbsp;<\/p>\n<p>En la presentaci\u00f3n <strong>estar\u00e1 la directora de Personas Adultas y Mayores, Adriana Capuano;<\/strong>\u00a0Javier Uribe, Asesor en Sistemas y Servicios de Salud OPS\/OMS; y la ministra de Salud de Entre R\u00edos, Sonia Vel\u00e1zquez.<\/p>\n<p>&nbsp;<\/p>\n<p>Adem\u00e1s,<strong> expondr\u00e1n los miembros del Consejo Consultivo de Salud de Personas Mayores (CONSAPEM) del Ministerio de Salud de la Naci\u00f3n<\/strong>. El cierre estar\u00e1 a cargo de Silvia Gasc\u00f3n, directora del Centro de Envejecimiento Activo y Longevidad y de la Maestr\u00eda en Gerontolog\u00eda en Universidad Isalud.<\/p>\n","protected":false},"excerpt":{"rendered":"<p>La m\u00e9dica olavarriense y funcionaria del Ministerio de Salud de la Naci\u00f3n participar\u00e1 de la actividad este viernes.<\/p>\n","protected":false},"author":4,"featured_media":36894,"comment_status":"closed","ping_status":"closed","sticky":false,"template":"","format":"standard","meta":{"_jetpack_memberships_contains_paid_content":false,"footnotes":""},"categories":[6,1],"tags":[],"class_list":["post-36893","post","type-post","status-publish","format-standard","has-post-thumbnail","hentry","category-nacionales","category-portada"],"jetpack_featured_media_url":"https:\/\/i0.wp.com\/cdnoticias.com\/wp-content\/uploads\/2021\/10\/adriana-capuano.jpg?fit=600%2C334&ssl=1","jetpack_sharing_enabled":true,"_links":{"self":[{"href":"https:\/\/cdnoticias.com\/index.php\/wp-json\/wp\/v2\/posts\/36893","targetHints":{"allow":["GET"]}}],"collection":[{"href":"https:\/\/cdnoticias.com\/index.php\/wp-json\/wp\/v2\/posts"}],"about":[{"href":"https:\/\/cdnoticias.com\/index.php\/wp-json\/wp\/v2\/types\/post"}],"author":[{"embeddable":true,"href":"https:\/\/cdnoticias.com\/index.php\/wp-json\/wp\/v2\/users\/4"}],"replies":[{"embeddable":true,"href":"https:\/\/cdnoticias.com\/index.php\/wp-json\/wp\/v2\/comments?post=36893"}],"version-history":[{"count":0,"href":"https:\/\/cdnoticias.com\/index.php\/wp-json\/wp\/v2\/posts\/36893\/revisions"}],"wp:featuredmedia":[{"embeddable":true,"href":"https:\/\/cdnoticias.com\/index.php\/wp-json\/wp\/v2\/media\/36894"}],"wp:attachment":[{"href":"https:\/\/cdnoticias.com\/index.php\/wp-json\/wp\/v2\/media?parent=36893"}],"wp:term":[{"taxonomy":"category","embeddable":true,"href":"https:\/\/cdnoticias.com\/index.php\/wp-json\/wp\/v2\/categories?post=36893"},{"taxonomy":"post_tag","embeddable":true,"href":"https:\/\/cdnoticias.com\/index.php\/wp-json\/wp\/v2\/tags?post=36893"}],"curies":[{"name":"wp","href":"https:\/\/api.w.org\/{rel}","templated":true}]}}