{"id":36877,"date":"2021-10-27T20:45:49","date_gmt":"2021-10-27T23:45:49","guid":{"rendered":"http:\/\/www.centraldenoticias.com.ar\/?p=36877"},"modified":"2021-10-27T20:45:49","modified_gmt":"2021-10-27T23:45:49","slug":"agustina-leguiza-agus-q-e-p-d","status":"publish","type":"post","link":"https:\/\/cdnoticias.com\/index.php\/2021\/10\/27\/agustina-leguiza-agus-q-e-p-d\/","title":{"rendered":"Agustina Leguiza \u201cAgus\u201d (Q.E.P.D.)"},"content":{"rendered":"<p>Falleci\u00f3 en Azul el d\u00eda 26 de octubre a los 4 a\u00f1os. Sus padres Ernesto y Dora; sus hermanos Aymara y Jerem\u00edas; sus padrinos Nicol\u00e1s y Cecilia; sus amigos y dem\u00e1s deudos participan de su fallecimiento.<\/p>\n<p>&nbsp;<\/p>\n<p>Sus restos ser\u00e1n velados en sala de Espa\u00f1a 2942 departamento &#8221;D&#8221; a partir de las 9 de la ma\u00f1ana y ser\u00e1n inhumados en el cementerio Municipal de Olavarr\u00eda este jueves 28 de octubre a las 11:30, previo responso en la capilla ardiente. Alumna del Jard\u00edn de la Escuela Rural Nro. 35 &#8220;Estanislao Del Campo&#8221;. Paraje La Protegida. Partido de Azul.<\/p>\n","protected":false},"excerpt":{"rendered":"<p>Falleci\u00f3 en Azul el d\u00eda 26 de octubre a los 4 a\u00f1os. Sus padres Ernesto y Dora; sus hermanos Aymara<\/p>\n","protected":false},"author":5,"featured_media":0,"comment_status":"closed","ping_status":"closed","sticky":false,"template":"","format":"standard","meta":{"_jetpack_memberships_contains_paid_content":false,"footnotes":""},"categories":[10],"tags":[],"class_list":["post-36877","post","type-post","status-publish","format-standard","hentry","category-necrologicas"],"jetpack_featured_media_url":"","jetpack_sharing_enabled":true,"_links":{"self":[{"href":"https:\/\/cdnoticias.com\/index.php\/wp-json\/wp\/v2\/posts\/36877","targetHints":{"allow":["GET"]}}],"collection":[{"href":"https:\/\/cdnoticias.com\/index.php\/wp-json\/wp\/v2\/posts"}],"about":[{"href":"https:\/\/cdnoticias.com\/index.php\/wp-json\/wp\/v2\/types\/post"}],"author":[{"embeddable":true,"href":"https:\/\/cdnoticias.com\/index.php\/wp-json\/wp\/v2\/users\/5"}],"replies":[{"embeddable":true,"href":"https:\/\/cdnoticias.com\/index.php\/wp-json\/wp\/v2\/comments?post=36877"}],"version-history":[{"count":0,"href":"https:\/\/cdnoticias.com\/index.php\/wp-json\/wp\/v2\/posts\/36877\/revisions"}],"wp:attachment":[{"href":"https:\/\/cdnoticias.com\/index.php\/wp-json\/wp\/v2\/media?parent=36877"}],"wp:term":[{"taxonomy":"category","embeddable":true,"href":"https:\/\/cdnoticias.com\/index.php\/wp-json\/wp\/v2\/categories?post=36877"},{"taxonomy":"post_tag","embeddable":true,"href":"https:\/\/cdnoticias.com\/index.php\/wp-json\/wp\/v2\/tags?post=36877"}],"curies":[{"name":"wp","href":"https:\/\/api.w.org\/{rel}","templated":true}]}}