{"id":36867,"date":"2021-10-27T19:32:33","date_gmt":"2021-10-27T22:32:33","guid":{"rendered":"http:\/\/www.centraldenoticias.com.ar\/?p=36867"},"modified":"2021-10-27T20:19:12","modified_gmt":"2021-10-27T23:19:12","slug":"se-entrego-un-hombre-que-era-buscado-por-un-grave-caso-de-violencia-de-genero","status":"publish","type":"post","link":"https:\/\/cdnoticias.com\/index.php\/2021\/10\/27\/se-entrego-un-hombre-que-era-buscado-por-un-grave-caso-de-violencia-de-genero\/","title":{"rendered":"Se entreg\u00f3 un hombre que era buscado por un grave caso de violencia de g\u00e9nero"},"content":{"rendered":"<p>La imputaci\u00f3n en su contra comprende de numerosos delitos, entre ellos el de \u201chomicidio en grado de tentativa\u201d. Ten\u00eda orden de captura en su contra.<!--more--><\/p>\n<hr \/>\n<p>En las \u00faltimas horas <strong>se puso a disposici\u00f3n de la justicia un hombre que se encuentra acusado de reiterados hechos de violencia de g\u00e9nero<\/strong>. De acuerdo con lo que se logr\u00f3 conocer, reca\u00eda en su contra un pedido de captura.<\/p>\n<p>&nbsp;<\/p>\n<p>Fuentes ligadas a la investigaci\u00f3n dieron cuenta que el hombre se entreg\u00f3 y horas m\u00e1s tarde protagoniz\u00f3 una audiencia en t\u00e9rminos del art\u00edculo 308 del C\u00f3digo Procesal Penal, la cual fue encabezada por la fiscal Viviana Beyt\u00eda y que sirvi\u00f3 para notificar de las actuaciones e imputarlo formalmente. Si bien tambi\u00e9n se le dio la opci\u00f3n de dar su versi\u00f3n de los hechos, <strong>el acusado opt\u00f3 por no declarar.<\/strong><\/p>\n<p>&nbsp;<\/p>\n<blockquote><p>Tal como se hace ante cada episodio de estas caracter\u00edsticas, se omitir\u00e1n las precisiones en cuanto a las particularidades de los hechos y, m\u00e1s a\u00fan, de las personas implicadas para resguardar la integridad y la intimidad de las v\u00edctimas y personas de su v\u00ednculo m\u00e1s \u00edntimo y cercano.<\/p><\/blockquote>\n<p>&nbsp;<\/p>\n<p>Se trata de reiterados episodios enmarcados en un contexto de violencia de g\u00e9nero y que en particular fueron tipificados como \u201c<strong>violaci\u00f3n de domicilio\u201d, \u201crobo simple\u201d y \u201chomicidio en grado de tentativa\u201d, todo en concurso real de acciones.<\/strong><\/p>\n<p>&nbsp;<\/p>\n<p><strong>El hombre se encuentra formalmente detenido y alojado en una seccional policial local<\/strong>, pero en las pr\u00f3ximas horas podr\u00eda ser remitido a una sede carcelaria.<\/p>\n<p>&nbsp;<\/p>\n<p><em>Si sos v\u00edctima o conoces alguien que est\u00e9 sufriendo violencia de g\u00e9nero comun\u00edcate al 144.<\/em><\/p>\n<p><em>Adem\u00e1s Olavarr\u00eda cuenta con la Direcci\u00f3n de Pol\u00edticas de G\u00e9nero, San Mart\u00edn N\u00b01106 de lunes a viernes de 8 a 18 o mediante los tel\u00e9fonos 02284 417400\u00a0 o el celular de guardia: 02284 \u2013 15672508.<\/em><\/p>\n<p><em>A la par, tambi\u00e9n te pod\u00e9s acercar a la Comisar\u00eda De la Mujer y la Familia en 9 de Julio 2652 o al tel\u00e9fono 2284 480100; o la sede judicial local, en Rufino Fal 2943, tel\u00e9fono 2284 423427.<\/em><\/p>\n","protected":false},"excerpt":{"rendered":"<p>La imputaci\u00f3n en su contra comprende de numerosos delitos, entre ellos el de \u201chomicidio en grado de tentativa\u201d. Ten\u00eda orden<\/p>\n","protected":false},"author":3,"featured_media":1882,"comment_status":"closed","ping_status":"closed","sticky":false,"template":"","format":"standard","meta":{"_jetpack_memberships_contains_paid_content":false,"footnotes":""},"categories":[14,1],"tags":[],"class_list":["post-36867","post","type-post","status-publish","format-standard","has-post-thumbnail","hentry","category-policiales","category-portada"],"jetpack_featured_media_url":"https:\/\/i0.wp.com\/cdnoticias.com\/wp-content\/uploads\/2020\/09\/WhatsApp-Image-2020-08-31-at-16.11.41-4-e1629489039378.jpeg?fit=1078%2C640&ssl=1","jetpack_sharing_enabled":true,"_links":{"self":[{"href":"https:\/\/cdnoticias.com\/index.php\/wp-json\/wp\/v2\/posts\/36867","targetHints":{"allow":["GET"]}}],"collection":[{"href":"https:\/\/cdnoticias.com\/index.php\/wp-json\/wp\/v2\/posts"}],"about":[{"href":"https:\/\/cdnoticias.com\/index.php\/wp-json\/wp\/v2\/types\/post"}],"author":[{"embeddable":true,"href":"https:\/\/cdnoticias.com\/index.php\/wp-json\/wp\/v2\/users\/3"}],"replies":[{"embeddable":true,"href":"https:\/\/cdnoticias.com\/index.php\/wp-json\/wp\/v2\/comments?post=36867"}],"version-history":[{"count":0,"href":"https:\/\/cdnoticias.com\/index.php\/wp-json\/wp\/v2\/posts\/36867\/revisions"}],"wp:featuredmedia":[{"embeddable":true,"href":"https:\/\/cdnoticias.com\/index.php\/wp-json\/wp\/v2\/media\/1882"}],"wp:attachment":[{"href":"https:\/\/cdnoticias.com\/index.php\/wp-json\/wp\/v2\/media?parent=36867"}],"wp:term":[{"taxonomy":"category","embeddable":true,"href":"https:\/\/cdnoticias.com\/index.php\/wp-json\/wp\/v2\/categories?post=36867"},{"taxonomy":"post_tag","embeddable":true,"href":"https:\/\/cdnoticias.com\/index.php\/wp-json\/wp\/v2\/tags?post=36867"}],"curies":[{"name":"wp","href":"https:\/\/api.w.org\/{rel}","templated":true}]}}