{"id":3686,"date":"2020-10-11T11:31:55","date_gmt":"2020-10-11T14:31:55","guid":{"rendered":"http:\/\/www.centraldenoticias.com.ar\/?p=3686"},"modified":"2020-10-11T11:31:55","modified_gmt":"2020-10-11T14:31:55","slug":"el-martes-comenzara-la-vacunacion-antirrabica","status":"publish","type":"post","link":"https:\/\/cdnoticias.com\/index.php\/2020\/10\/11\/el-martes-comenzara-la-vacunacion-antirrabica\/","title":{"rendered":"El martes comenzar\u00e1 la vacunaci\u00f3n antirr\u00e1bica"},"content":{"rendered":"<p>Tras la suspensi\u00f3n, la campa\u00f1a dar\u00e1 inicio en la plaza central del barrio Pickelado en el horario de 9 a 12:30. El cronograma completo, hasta diciembre.<!--more--><\/p>\n<hr \/>\n<p><strong>Este martes comenzar\u00e1 la Campa\u00f1a de Vacunaci\u00f3n Antirr\u00e1bica 2020<\/strong>. Se trata de la campa\u00f1a que se hab\u00eda anunciado inicialmente el mes pasado, pero debi\u00f3 suspenderse el cronograma debido a que personal de Bromatolog\u00eda tuvo que aislarse por casos de Covid-19 en el \u00e1rea.<\/p>\n<p>El inicio de la campa\u00f1a ser\u00e1, entonces, <strong>en la plaza central del barrio Pickelado, en Coronel Su\u00e1rez y Larralde, en el horario de 9 a 12:30<\/strong>, llevada adelante por personal de la Direcci\u00f3n de Bromatolog\u00eda municipal.<\/p>\n<p>Se destac\u00f3 que como en cada a\u00f1o, el cronograma prev\u00e9 una recorrida por los diferentes puntos de la ciudad, en las plazas y espacios de los barrios durante los meses octubre, noviembre y diciembre.<\/p>\n<blockquote><p>La vacuna antirr\u00e1bica es anual y obligatoria. En esta campa\u00f1a municipal la inmunizaci\u00f3n es gratuita y no requiere turno, s\u00f3lo se solicita que las mascotas sean trasladadas por un adulto, con collar, correa y bozal de ser necesario.<\/p><\/blockquote>\n<p>En este a\u00f1o, debido a la situaci\u00f3n epidemiol\u00f3gica, se solicita adem\u00e1s <strong>que las personas que concurran a los puestos de vacunaci\u00f3n lo hagan con barbijo o tapabocas, alcohol en gel o pulverizador para las manos y que se respete la distancia social<\/strong>.<\/p>\n<p>Se record\u00f3 que la rabia es una enfermedad viral que afecta el sistema nervioso central de los seres humanos y otros mam\u00edferos. Las personas pueden contraerla a trav\u00e9s de la mordedura de un animal rabioso, ya que el virus se encuentra en la saliva y en las secreciones. La enfermedad tambi\u00e9n se puede contraer por el contacto de la piel lastimada con la saliva de un animal infectado. Es importante tener presente que cualquier mam\u00edfero puede tener rabia y transmitirla a los seres humanos.<\/p>\n<p>Por ello, la vacunaci\u00f3n de los animales y la tenencia responsable de mascotas es un punto clave para la prevenci\u00f3n de la enfermedad, y la gesti\u00f3n municipal asume el compromiso de garantizar la salud p\u00fablica mediante acciones concretas.<\/p>\n<p><strong>La fecha de todos los puestos de vacunaci\u00f3n est\u00e1 condicionada por las condiciones clim\u00e1ticas y modificaciones de feriados o asuetos<\/strong>, pudiendo ser suspendidas el mismo d\u00eda en caso de no poder hacerlo con anticipaci\u00f3n. En estos casos se comunicar\u00e1 lo antes posible la nueva fecha establecida.<\/p>\n<p>El cronograma:<\/p>\n<p><strong>OCTUBRE<\/strong><\/p>\n<p>Martes 13: Barrio Pikelado \u2013 Plaza Central (Coronel Suarez y Larralde). De 9 a 12:30 horas.<\/p>\n<p>Mi\u00e9rcoles 14: Barrio Obrero \u2013 Caps N\u00b01 (Av. Del Valle y Celestino Mu\u00f1oz). De 9 a 12:30 horas.<\/p>\n<p>Viernes 16: Barrio Acupo 1 \u2013 Caps N\u00b025 (Juan Pablo II y Saenz Pe\u00f1a). De 9 a 12:30 horas.<\/p>\n<p>S\u00e1bado 17: Parque Mitre \u2013 Paseo de la Salud (Brown y Belgrano). De 9:30 a 12:30 horas.<\/p>\n<p>Lunes 19: Prado Espa\u00f1ol \u2013 Plaza Espa\u00f1a (25 de Mayo y D\u00e1maso Arce). De 9 a 12:30 horas.<\/p>\n<p>Martes 20: San Vicente \u2013 Plaza Manuel Belgrano (Azopardo y Moreno). De 9 a 12:30 horas.<\/p>\n<p>Mi\u00e9rcoles 21: Centro \u2013 Plaza \u00c1lvaro Barros (Bol\u00edvar y Espa\u00f1a). De 9 a 12:30 horas.<\/p>\n<p>Viernes 23: Barrio AOMA \u2013 (Coronel Barcala y Hornos). De 9:30 a 12:30 horas.<\/p>\n<p>S\u00e1bado 24: Barrio Trabajadores \u2013 Territorial N\u00b01 (Alberdi y Fassina). De 9:30 a 13:00 horas.<\/p>\n<p>Lunes 26: Barrio PYM \u2013 Territorial N\u00b04 (Berutti y R. Fal). De 9 a 12:30 horas.<\/p>\n<p>Martes 27: Barrio Sarmiento 1 (Av. Col\u00f3n y Jun\u00edn). De 9 a 12:30 horas.<\/p>\n<p>Mi\u00e9rcoles 28: Barrio Sarmiento 2 (Riobamba e\/Rufino Fal y Estrada). De 9 a 12:30 horas.<\/p>\n<p>Viernes 30: Barrio Facundo Quiroga II \u2013 C.I.C. (Santa Fe y Calle 14bis). De 9:30 a 12:30 horas.<\/p>\n<p><strong>NOVIEMBRE<\/strong><\/p>\n<p>Lunes 2: Pueblo Nuevo \u2013 Plaza L\u00f3pez Camelo (San Mart\u00edn y Maip\u00fa). De 9 a 12:30 horas.<\/p>\n<p>Martes 3: CECO II \u2013 Plaza (Av. Trabajadores y Saavedra). De 9 a 12:30 horas.<\/p>\n<p>Mi\u00e9rcoles 4: Barrio Belgrano \u2013 Plaza Juana Azurduy (Av. Pueyrred\u00f3n y C. Mu\u00f1oz). De 9 a 12:30 horas.<\/p>\n<p>Viernes 6: Villa Magdalena \u2013 NIDO\/Caps N\u00b016 (C\u00f3rdoba y Necochea). De 9 a 12:30 horas.<\/p>\n<p>S\u00e1bado 7: Barrio CECO I (Avenida Per\u00f3n y Santa Cruz). De 9:30 a 13:00 horas.<\/p>\n<p>Martes 10: Villa Mail\u00edn 1 \u2013 Territorial N\u00b06 (Balcarce y Mendoza). De 9 a 12:30 horas.<\/p>\n<p>Mi\u00e9rcoles 11: Villa Mail\u00edn 2 \u2013 La Rioja y Las Heras. De 9 a 12:30 horas.<\/p>\n<p>Viernes 13: Villa Aurora \u2013 Sociedad de Fomento (Los Gladiolos y Bol\u00edvar). De 9 a 12:30 horas.<\/p>\n<p>Lunes 16: Cors\u00f3dromo \u2013 Estaci\u00f3n Provincial (Belgrano y Jun\u00edn). De 9 a 12:30 horas.<\/p>\n<p>Martes 17: Barrio Los Robles \u2013 Plaza Italia (Vicente L\u00f3pez y Esquivel). De 9 a 12:30 horas.<\/p>\n<p>Mi\u00e9rcoles 18: Barrio Nicol\u00e1s Avellaneda (Saavedra y calle 16). De 9:30 a 12:30 horas.<\/p>\n<p>Viernes 20: Colonia San Miguel \u2013 Plaza San Miguel (25 de Mayo y San Mart\u00edn). De 9:30 a 12:30 horas.<\/p>\n<p>S\u00e1bado 21: Barrio Luj\u00e1n \u2013 Plaza Luj\u00e1n (\u00c1lvaro Barros y Dean Funes). De 9:30 a 13:00 horas.<\/p>\n<p>Martes 24: Sierras Bayas \u2013 Plaza 17 de Octubre (Argentino Roca y Colombo). De 9:30 a 12:30 horas.<\/p>\n<p>Jueves 26: Sierras Bayas \u2013 Plaza de las Am\u00e9ricas (Perito Moreno y Guerrico). De 9:30 a 12:30 horas.<\/p>\n<p>Lunes 30: Barrio Bel\u00e9n \u2013 Jard\u00edn Bel\u00e9n (Av. Emiliozzi y 118). De 9 a 12:30 horas.<\/p>\n<p><strong>DICIEMBRE<\/strong><\/p>\n<p>Martes 1: Sierra Chica (Av. Legorburu y Av. Catriel). De 9:30 a 12:30 horas.<\/p>\n<p>Mi\u00e9rcoles 2: Hinojo \u2013 Plaza San Mart\u00edn (De Pierris y Basterrica). De 9:30 a 12:30 horas.<\/p>\n<p>Viernes 4: Colonia Hinojo \u2013 Plaza Sarmiento (Av. De los Fundadores y Scharce). De 9:30 a 12:30 horas.<\/p>\n<p>S\u00e1bado 5: Barrio Independencia \u2013 Caps N\u00b07 (Pueyrred\u00f3n y Ayacucho). De 9:30 a 13:00 horas.<\/p>\n<p>Jueves 10: Loma Negra 1 \u2013 Plazoleta Villa Vieja (Av. Luciano Fortabat y Alberdi). De 9:30 a 12:30 horas.<\/p>\n<p>Viernes 11: Loma Negra 2 \u2013 Plaza Libertad (Av. Libertad y Av. 25 de Mayo). De 9:30 a 12:30 horas.<\/p>\n<p>Martes 15: Barrio Tiro Federal (Necochea e Islas Malvinas). De 9 a 12:30 horas.<\/p>\n<p>Viernes 18: Parque Helios Eseverri (Av. Trabajadores y Alsina). De 9 a 12:30 horas.<\/p>\n<p>&nbsp;<\/p>\n","protected":false},"excerpt":{"rendered":"<p>Tras la suspensi\u00f3n, la campa\u00f1a dar\u00e1 inicio en la plaza central del barrio Pickelado en el horario de 9 a<\/p>\n","protected":false},"author":4,"featured_media":3689,"comment_status":"closed","ping_status":"closed","sticky":false,"template":"","format":"standard","meta":{"_jetpack_memberships_contains_paid_content":false,"footnotes":""},"categories":[5,1],"tags":[],"class_list":["post-3686","post","type-post","status-publish","format-standard","has-post-thumbnail","hentry","category-informacion-general","category-portada"],"jetpack_featured_media_url":"https:\/\/i0.wp.com\/cdnoticias.com\/wp-content\/uploads\/2020\/10\/vacunacion-antirrabica-lila-03.jpg?fit=1004%2C568&ssl=1","jetpack_sharing_enabled":true,"_links":{"self":[{"href":"https:\/\/cdnoticias.com\/index.php\/wp-json\/wp\/v2\/posts\/3686","targetHints":{"allow":["GET"]}}],"collection":[{"href":"https:\/\/cdnoticias.com\/index.php\/wp-json\/wp\/v2\/posts"}],"about":[{"href":"https:\/\/cdnoticias.com\/index.php\/wp-json\/wp\/v2\/types\/post"}],"author":[{"embeddable":true,"href":"https:\/\/cdnoticias.com\/index.php\/wp-json\/wp\/v2\/users\/4"}],"replies":[{"embeddable":true,"href":"https:\/\/cdnoticias.com\/index.php\/wp-json\/wp\/v2\/comments?post=3686"}],"version-history":[{"count":0,"href":"https:\/\/cdnoticias.com\/index.php\/wp-json\/wp\/v2\/posts\/3686\/revisions"}],"wp:featuredmedia":[{"embeddable":true,"href":"https:\/\/cdnoticias.com\/index.php\/wp-json\/wp\/v2\/media\/3689"}],"wp:attachment":[{"href":"https:\/\/cdnoticias.com\/index.php\/wp-json\/wp\/v2\/media?parent=3686"}],"wp:term":[{"taxonomy":"category","embeddable":true,"href":"https:\/\/cdnoticias.com\/index.php\/wp-json\/wp\/v2\/categories?post=3686"},{"taxonomy":"post_tag","embeddable":true,"href":"https:\/\/cdnoticias.com\/index.php\/wp-json\/wp\/v2\/tags?post=3686"}],"curies":[{"name":"wp","href":"https:\/\/api.w.org\/{rel}","templated":true}]}}